{"id":95,"date":"2013-02-15T11:09:00","date_gmt":"2013-02-15T10:09:00","guid":{"rendered":"http:\/\/runningtour.paris\/blog\/2013\/02\/15\/du-quartier-latin-a-la-tour-eiffel-avec-peter\/"},"modified":"2017-01-16T15:57:26","modified_gmt":"2017-01-16T14:57:26","slug":"du-quartier-latin-a-la-tour-eiffel-avec-peter","status":"publish","type":"post","link":"https:\/\/parisrunningtour.com\/fr\/du-quartier-latin-a-la-tour-eiffel-avec-peter\/","title":{"rendered":"Du Quartier Latin \u00e0 la Tour Eiffel avec Peter"},"content":{"rendered":"<div style=\"clear: both; text-align: center;\"><\/div>\n<div style=\"text-align: left;\"><\/div>\n<div style=\"clear: both; text-align: center;\"><\/div>\n<table style=\"margin-left: auto; margin-right: auto; text-align: center;\" cellspacing=\"0\" cellpadding=\"0\" align=\"center\">\n<tbody>\n<tr>\n<td style=\"text-align: center;\"><a style=\"margin-left: auto; margin-right: auto;\" href=\"http:\/\/1.bp.blogspot.com\/-rMSCPy--qLA\/UR5tZlOIRBI\/AAAAAAAABNk\/ZZm0lyLEP-8\/s1600\/2013-02-15_04_PlaceAlmaSacreCoeur.jpg\" target=\"_blank\"><img fetchpriority=\"high\" decoding=\"async\" title=\"Cliquer sur l'image pour l'agrandir\" src=\"http:\/\/1.bp.blogspot.com\/-rMSCPy--qLA\/UR5tZlOIRBI\/AAAAAAAABNk\/ZZm0lyLEP-8\/s640\/2013-02-15_04_PlaceAlmaSacreCoeur.jpg\" alt=\"\" width=\"640\" height=\"344\" border=\"0\" \/><\/a><\/td>\n<\/tr>\n<tr>\n<td style=\"text-align: center;\"><span style=\"font-family: Trebuchet MS, sans-serif;\">Peter &#8211; Place de l&rsquo;Alma, au fond dans l&rsquo;axe de l&rsquo;avenue Montaigne, le Sacr\u00e9 Coeur sur la Butte Montmartre<\/span><\/td>\n<\/tr>\n<\/tbody>\n<\/table>\n<p><span style=\"font-family: 'Trebuchet MS', sans-serif;\"><b>10h09 &#8211;<\/b>\u00a0Peter, qui vit \u00e0 Arhus au Danemark, pr\u00e9pare son prochain marathon qui aura lieu en Avril (Rotterdam ou Hambourg). L&rsquo;entrainement de Peter a bien commenc\u00e9, notamment par un long Running Tour \u00e0 Barcelone avec nos amis de <a href=\"http:\/\/www.runningtoursbarcelona.com\/\" target=\"_blank\">Barcelona Running Tour<\/a>, un tour de 21 km.<\/span><br \/>\n<span style=\"font-family: 'Trebuchet MS', sans-serif;\">Ce vendredi 15 f\u00e9vrier, deux jours plus tard, c&rsquo;est avec une course men\u00e9e \u00e0 un bon rythme que nous avons parcouru 19 km. Nous avons joint \u00ab\u00a0l&rsquo;utile \u00e0 l&rsquo;agr\u00e9able\u00a0\u00bb en \u00e9voquant l&rsquo;histoire et les lieux culturels de Paris.<\/span><br \/>\n<span style=\"font-family: 'Trebuchet MS', sans-serif;\">Ci-dessus, une petite pause place de l&rsquo;Alma (situ\u00e9e juste apr\u00e8s le 28\u00e8me Km du marathon de Paris \ud83d\ude09 ) avec dans le prolongement de l&rsquo;avenue Montaigne, le Sacr\u00e9-Coeur qui domine Paris depuis la Butte Montmartre.<\/span><br \/>\n<span style=\"font-family: 'Trebuchet MS', sans-serif;\"><br \/>\n<\/span><span style=\"font-family: 'Trebuchet MS', sans-serif;\">Un peu plus tard, apr\u00e8s avoir \u00ab\u00a0gravi\u00a0\u00bb la petite colline de Chaillot, un touriste sympathique a propos\u00e9 de nous prendre en photo depuis l&rsquo;esplanade du Trocad\u00e9ro :<\/span><br \/>\n<span style=\"font-family: 'Trebuchet MS', sans-serif;\"><br \/>\n<\/span><\/p>\n<table style=\"margin-left: auto; margin-right: auto; text-align: center;\" cellspacing=\"0\" cellpadding=\"0\" align=\"center\">\n<tbody>\n<tr>\n<td style=\"text-align: center;\"><a style=\"margin-left: auto; margin-right: auto;\" href=\"http:\/\/1.bp.blogspot.com\/-NI0NCOrzVQE\/UR5w6bjazdI\/AAAAAAAABNs\/AwA-tnmcyd0\/s1600\/2013-02-15_13_TourEiffel.jpg\" target=\"_blank\"><img decoding=\"async\" title=\"Cliquer sur l'image pour l'agrandir\" src=\"http:\/\/1.bp.blogspot.com\/-NI0NCOrzVQE\/UR5w6bjazdI\/AAAAAAAABNs\/AwA-tnmcyd0\/s640\/2013-02-15_13_TourEiffel.jpg\" alt=\"\" width=\"275\" height=\"640\" border=\"0\" \/><\/a><\/td>\n<\/tr>\n<tr>\n<td style=\"text-align: center;\"><span style=\"font-family: Trebuchet MS, sans-serif;\">La tour Eiffel depuis le Trocad\u00e9ro<\/span><\/td>\n<\/tr>\n<\/tbody>\n<\/table>\n<p><span style=\"font-family: 'Trebuchet MS', sans-serif;\"><br \/>\n<\/span><span style=\"font-family: 'Trebuchet MS', sans-serif;\">De retour sur la rive gauche, au jardin du Luxembourg, nous avons admir\u00e9 la Fontaine M\u00e9dicis, autrefois appel\u00e9e \u00ab\u00a0Grotte du Luxembourg\u00a0\u00bb :<\/span><br \/>\n<span style=\"font-family: 'Trebuchet MS', sans-serif;\"><br \/>\n<\/span><\/p>\n<table style=\"margin-left: auto; margin-right: auto; text-align: center;\" cellspacing=\"0\" cellpadding=\"0\" align=\"center\">\n<tbody>\n<tr>\n<td style=\"text-align: center;\"><a style=\"margin-left: auto; margin-right: auto;\" href=\"http:\/\/1.bp.blogspot.com\/-c-7GEHEqt3w\/UR5zE6guNMI\/AAAAAAAABOE\/aJ-TNj-c62k\/s1600\/2013-02-15_15_FontaineMedicis.jpg\" target=\"_blank\"><img decoding=\"async\" title=\"Cliquer sur l'image pour l'agrandir\" src=\"http:\/\/1.bp.blogspot.com\/-c-7GEHEqt3w\/UR5zE6guNMI\/AAAAAAAABOE\/aJ-TNj-c62k\/s640\/2013-02-15_15_FontaineMedicis.jpg\" alt=\"\" width=\"640\" height=\"480\" border=\"0\" \/><\/a><\/td>\n<\/tr>\n<tr>\n<td style=\"text-align: center;\"><span style=\"font-family: Trebuchet MS, sans-serif;\">Peter &#8211; La Fontaine M\u00e9dicis &#8211; Au fond, \u00e0 droite, le Panth\u00e9on<\/span><\/td>\n<\/tr>\n<\/tbody>\n<\/table>\n<p><span style=\"font-family: 'Trebuchet MS', sans-serif;\">En agrandissant la photo, vous pourrez voir Galat\u00e9e et Acis le berger,\u00a0<\/span><span style=\"font-family: Trebuchet MS, sans-serif;\">menac\u00e9s par le cyclope Polyph\u00e8me. C&rsquo;est Marie de M\u00e9dicis, la veuve du roi Henri IV, qui fit construire cette fontaine en 1630, en souvenir des jardins florentins de son enfance.<\/span><br \/>\n<span style=\"font-family: Trebuchet MS, sans-serif;\"><br \/>\n<\/span><span style=\"font-family: Trebuchet MS, sans-serif;\">Non loin du jardin du Luxembourg, depuis la rue du Val de Gr\u00e2ce, appara\u00eet l&rsquo;\u00e9glise du m\u00eame nom :<\/span><br \/>\n<span style=\"font-family: Trebuchet MS, sans-serif;\"><br \/>\n<\/span><\/p>\n<table style=\"margin-left: auto; margin-right: auto; text-align: center;\" cellspacing=\"0\" cellpadding=\"0\" align=\"center\">\n<tbody>\n<tr>\n<td style=\"text-align: center;\"><a style=\"margin-left: auto; margin-right: auto;\" href=\"http:\/\/4.bp.blogspot.com\/-iHSSyO2oo04\/UR51dyuYVvI\/AAAAAAAABOs\/fZIgWca1_hE\/s1600\/2013-02-15_20_ValDeGrace.jpg\" target=\"_blank\"><img loading=\"lazy\" decoding=\"async\" title=\"Cliquer sur l'image pour l'agrandir\" src=\"http:\/\/4.bp.blogspot.com\/-iHSSyO2oo04\/UR51dyuYVvI\/AAAAAAAABOs\/fZIgWca1_hE\/s640\/2013-02-15_20_ValDeGrace.jpg\" alt=\"\" width=\"446\" height=\"640\" border=\"0\" \/><\/a><\/td>\n<\/tr>\n<tr>\n<td style=\"text-align: center;\"><span style=\"font-family: Trebuchet MS, sans-serif;\">Peter &#8211; Eglise du Val de Grace<\/span><\/td>\n<\/tr>\n<\/tbody>\n<\/table>\n<p><span style=\"font-family: Trebuchet MS, sans-serif;\">C&rsquo;est une autre reine, Anne d&rsquo;Autriche, qui fit construire l&rsquo;Eglise du Val de Gr\u00e2ce. Le b\u00e2timent fut termin\u00e9 en 1667 (l&rsquo;un des plus hauts d\u00f4mes \u00e0 l&rsquo;\u00e9poque). \u00c9pouse de Louis XIII, elle fit le voeu de r\u00e9aliser cette \u00e9glise \u00e0 la naissance de son futur enfant, naissance qui arriva 23 ans apr\u00e8s son mariage ! Ce premier fils, Louis XIV, le fameux Roi-Soleil, posa \u00e0 7 ans la premi\u00e8re pierre de l&rsquo;\u00e9difice.<\/span><\/p>\n<div><\/div>\n<p><span style=\"font-family: 'Trebuchet MS', sans-serif;\">Merci\u00a0Peter et bon marathon !\u00a0<\/span><br \/>\n<span style=\"font-family: 'Trebuchet MS', sans-serif;\"><br \/>\n<\/span><b style=\"font-family: 'Trebuchet MS', sans-serif;\">Le circuit du tour :<\/b><\/p>\n<div style=\"clear: both; text-align: center;\"><\/div>\n<div style=\"clear: both; text-align: center;\"><a style=\"clear: left; float: left; margin-bottom: 1em; margin-right: 1em;\" href=\"http:\/\/4.bp.blogspot.com\/-Ub1Hm6bIFaU\/UR5x4MscbOI\/AAAAAAAABN8\/QHsHpXZVxjE\/s1600\/Paris+Running+Tour+-+Running+15-02-2013.jpg\" target=\"_blank\"><img loading=\"lazy\" decoding=\"async\" title=\"Cliquer sur l'image pour l'agrandir\" src=\"http:\/\/4.bp.blogspot.com\/-Ub1Hm6bIFaU\/UR5x4MscbOI\/AAAAAAAABN8\/QHsHpXZVxjE\/s640\/Paris+Running+Tour+-+Running+15-02-2013.jpg\" alt=\"\" width=\"640\" height=\"452\" border=\"0\" \/><\/a><\/div>\n<p><b style=\"font-family: 'Trebuchet MS', sans-serif;\">\u00a0<\/b><\/p>\n","protected":false},"excerpt":{"rendered":"<p>Peter &#8211; Place de l&rsquo;Alma, au fond dans l&rsquo;axe de l&rsquo;avenue Montaigne, le Sacr\u00e9 Coeur sur la Butte Montmartre 10h09 &#8211;\u00a0Peter, qui vit \u00e0 Arhus au Danemark, pr\u00e9pare son prochain marathon qui aura lieu en Avril (Rotterdam ou Hambourg). L&rsquo;entrainement de Peter a bien commenc\u00e9, notamment par un long Running Tour \u00e0 Barcelone avec nos amis de Barcelona Running Tour, un tour de 21 km. Ce vendredi 15 f\u00e9vrier, deux jours plus tard, c&rsquo;est avec une course men\u00e9e \u00e0 un bon rythme que nous avons parcouru 19 km. Nous avons joint \u00ab\u00a0l&rsquo;utile \u00e0 l&rsquo;agr\u00e9able\u00a0\u00bb en \u00e9voquant l&rsquo;histoire et les lieux culturels de Paris. Ci-dessus, une petite pause place de l&rsquo;Alma (situ\u00e9e juste apr\u00e8s le 28\u00e8me Km du marathon de Paris \ud83d\ude09 ) avec dans le prolongement de l&rsquo;avenue Montaigne, le Sacr\u00e9-Coeur qui domine Paris depuis la Butte Montmartre. Un peu plus tard, apr\u00e8s avoir \u00ab\u00a0gravi\u00a0\u00bb la petite colline de Chaillot, un touriste sympathique a propos\u00e9 de nous prendre en photo depuis l&rsquo;esplanade du Trocad\u00e9ro : La tour Eiffel depuis le Trocad\u00e9ro De retour sur la rive gauche, au jardin du Luxembourg, nous avons admir\u00e9 la Fontaine M\u00e9dicis, autrefois appel\u00e9e \u00ab\u00a0Grotte du Luxembourg\u00a0\u00bb : Peter &#8211; La Fontaine M\u00e9dicis &#8211; Au fond, \u00e0 droite, le Panth\u00e9on En agrandissant la photo, vous pourrez voir Galat\u00e9e et Acis le berger,\u00a0menac\u00e9s par le cyclope Polyph\u00e8me. C&rsquo;est Marie de M\u00e9dicis, la veuve du roi Henri IV, qui fit construire cette fontaine en 1630, en souvenir des jardins florentins de son enfance. Non loin du jardin du Luxembourg, depuis la rue du Val de Gr\u00e2ce, appara\u00eet l&rsquo;\u00e9glise du m\u00eame nom : Peter &#8211; Eglise du Val de Grace C&rsquo;est une autre reine, Anne d&rsquo;Autriche, qui fit construire l&rsquo;Eglise du Val de Gr\u00e2ce. Le b\u00e2timent fut termin\u00e9 en 1667 (l&rsquo;un des plus hauts d\u00f4mes \u00e0 l&rsquo;\u00e9poque). \u00c9pouse de Louis XIII, elle fit le voeu de r\u00e9aliser cette \u00e9glise \u00e0 la naissance de son futur enfant, naissance qui arriva 23 ans apr\u00e8s son mariage ! Ce premier fils, Louis XIV, le fameux Roi-Soleil, posa \u00e0 7 ans la premi\u00e8re pierre de l&rsquo;\u00e9difice. Merci\u00a0Peter et bon marathon !\u00a0 Le circuit du tour : \u00a0<\/p>\n","protected":false},"author":1,"featured_media":1317,"comment_status":"open","ping_status":"open","sticky":false,"template":"","format":"standard","meta":{"footnotes":""},"categories":[11,7,71,77,10,84],"tags":[],"class_list":["post-95","post","type-post","status-publish","format-standard","has-post-thumbnail","hentry","category-alma-place-de-l","category-luxembourg-jardin-du","category-montmartre","category-sacre-coeur","category-tour-eiffel","category-val-de-grace"],"yoast_head":"<!-- This site is optimized with the Yoast SEO plugin v27.5 - https:\/\/yoast.com\/product\/yoast-seo-wordpress\/ -->\n<title>Du Quartier Latin \u00e0 la Tour Eiffel avec Peter - Paris Running Tours<\/title>\n<meta name=\"robots\" content=\"index, follow, max-snippet:-1, max-image-preview:large, max-video-preview:-1\" \/>\n<link rel=\"canonical\" href=\"https:\/\/parisrunningtour.com\/fr\/du-quartier-latin-a-la-tour-eiffel-avec-peter\/\" \/>\n<meta property=\"og:locale\" content=\"fr_FR\" \/>\n<meta property=\"og:type\" content=\"article\" \/>\n<meta property=\"og:title\" content=\"Du Quartier Latin \u00e0 la Tour Eiffel avec Peter - Paris Running Tours\" \/>\n<meta property=\"og:description\" content=\"Peter &#8211; Place de l&rsquo;Alma, au fond dans l&rsquo;axe de l&rsquo;avenue Montaigne, le Sacr\u00e9 Coeur sur la Butte Montmartre 10h09 &#8211;\u00a0Peter, qui vit \u00e0 Arhus au Danemark, pr\u00e9pare son prochain marathon qui aura lieu en Avril (Rotterdam ou Hambourg). L&rsquo;entrainement de Peter a bien commenc\u00e9, notamment par un long Running Tour \u00e0 Barcelone avec nos amis de Barcelona Running Tour, un tour de 21 km. Ce vendredi 15 f\u00e9vrier, deux jours plus tard, c&rsquo;est avec une course men\u00e9e \u00e0 un bon rythme que nous avons parcouru 19 km. Nous avons joint \u00ab\u00a0l&rsquo;utile \u00e0 l&rsquo;agr\u00e9able\u00a0\u00bb en \u00e9voquant l&rsquo;histoire et les lieux culturels de Paris. Ci-dessus, une petite pause place de l&rsquo;Alma (situ\u00e9e juste apr\u00e8s le 28\u00e8me Km du marathon de Paris \ud83d\ude09 ) avec dans le prolongement de l&rsquo;avenue Montaigne, le Sacr\u00e9-Coeur qui domine Paris depuis la Butte Montmartre. Un peu plus tard, apr\u00e8s avoir \u00ab\u00a0gravi\u00a0\u00bb la petite colline de Chaillot, un touriste sympathique a propos\u00e9 de nous prendre en photo depuis l&rsquo;esplanade du Trocad\u00e9ro : La tour Eiffel depuis le Trocad\u00e9ro De retour sur la rive gauche, au jardin du Luxembourg, nous avons admir\u00e9 la Fontaine M\u00e9dicis, autrefois appel\u00e9e \u00ab\u00a0Grotte du Luxembourg\u00a0\u00bb : Peter &#8211; La Fontaine M\u00e9dicis &#8211; Au fond, \u00e0 droite, le Panth\u00e9on En agrandissant la photo, vous pourrez voir Galat\u00e9e et Acis le berger,\u00a0menac\u00e9s par le cyclope Polyph\u00e8me. C&rsquo;est Marie de M\u00e9dicis, la veuve du roi Henri IV, qui fit construire cette fontaine en 1630, en souvenir des jardins florentins de son enfance. Non loin du jardin du Luxembourg, depuis la rue du Val de Gr\u00e2ce, appara\u00eet l&rsquo;\u00e9glise du m\u00eame nom : Peter &#8211; Eglise du Val de Grace C&rsquo;est une autre reine, Anne d&rsquo;Autriche, qui fit construire l&rsquo;Eglise du Val de Gr\u00e2ce. Le b\u00e2timent fut termin\u00e9 en 1667 (l&rsquo;un des plus hauts d\u00f4mes \u00e0 l&rsquo;\u00e9poque). \u00c9pouse de Louis XIII, elle fit le voeu de r\u00e9aliser cette \u00e9glise \u00e0 la naissance de son futur enfant, naissance qui arriva 23 ans apr\u00e8s son mariage ! Ce premier fils, Louis XIV, le fameux Roi-Soleil, posa \u00e0 7 ans la premi\u00e8re pierre de l&rsquo;\u00e9difice. Merci\u00a0Peter et bon marathon !\u00a0 Le circuit du tour : \u00a0\" \/>\n<meta property=\"og:url\" content=\"https:\/\/parisrunningtour.com\/fr\/du-quartier-latin-a-la-tour-eiffel-avec-peter\/\" \/>\n<meta property=\"og:site_name\" content=\"Paris Running Tours\" \/>\n<meta property=\"article:published_time\" content=\"2013-02-15T10:09:00+00:00\" \/>\n<meta property=\"article:modified_time\" content=\"2017-01-16T14:57:26+00:00\" \/>\n<meta property=\"og:image\" content=\"https:\/\/parisrunningtour.com\/fr\/wp-content\/uploads\/sites\/1\/2013\/02\/PRT2013-02-15_04_PlaceAlmaSacreCoeur.jpg\" \/>\n\t<meta property=\"og:image:width\" content=\"900\" \/>\n\t<meta property=\"og:image:height\" content=\"900\" \/>\n\t<meta property=\"og:image:type\" content=\"image\/jpeg\" \/>\n<meta name=\"author\" content=\"admin\" \/>\n<meta name=\"twitter:card\" content=\"summary_large_image\" \/>\n<meta name=\"twitter:label1\" content=\"\u00c9crit par\" \/>\n\t<meta name=\"twitter:data1\" content=\"admin\" \/>\n\t<meta name=\"twitter:label2\" content=\"Dur\u00e9e de lecture estim\u00e9e\" \/>\n\t<meta name=\"twitter:data2\" content=\"2 minutes\" \/>\n<script type=\"application\/ld+json\" class=\"yoast-schema-graph\">{\"@context\":\"https:\\\/\\\/schema.org\",\"@graph\":[{\"@type\":\"Article\",\"@id\":\"https:\\\/\\\/parisrunningtour.com\\\/fr\\\/du-quartier-latin-a-la-tour-eiffel-avec-peter\\\/#article\",\"isPartOf\":{\"@id\":\"https:\\\/\\\/parisrunningtour.com\\\/fr\\\/du-quartier-latin-a-la-tour-eiffel-avec-peter\\\/\"},\"author\":{\"name\":\"admin\",\"@id\":\"https:\\\/\\\/parisrunningtour.com\\\/fr\\\/#\\\/schema\\\/person\\\/75f0dc3c395ae2b4e14e29aff8f6a5af\"},\"headline\":\"Du Quartier Latin \u00e0 la Tour Eiffel avec Peter\",\"datePublished\":\"2013-02-15T10:09:00+00:00\",\"dateModified\":\"2017-01-16T14:57:26+00:00\",\"mainEntityOfPage\":{\"@id\":\"https:\\\/\\\/parisrunningtour.com\\\/fr\\\/du-quartier-latin-a-la-tour-eiffel-avec-peter\\\/\"},\"wordCount\":388,\"commentCount\":0,\"publisher\":{\"@id\":\"https:\\\/\\\/parisrunningtour.com\\\/fr\\\/#organization\"},\"image\":{\"@id\":\"https:\\\/\\\/parisrunningtour.com\\\/fr\\\/du-quartier-latin-a-la-tour-eiffel-avec-peter\\\/#primaryimage\"},\"thumbnailUrl\":\"https:\\\/\\\/parisrunningtour.com\\\/fr\\\/wp-content\\\/uploads\\\/sites\\\/1\\\/2013\\\/02\\\/PRT2013-02-15_04_PlaceAlmaSacreCoeur.jpg\",\"articleSection\":[\"Alma (Place de l')\",\"Luxembourg (Jardin du)\",\"Montmartre\",\"Sacr\u00e9-Coeur\",\"Tour Eiffel\",\"Val de Gr\u00e2ce\"],\"inLanguage\":\"fr-FR\",\"potentialAction\":[{\"@type\":\"CommentAction\",\"name\":\"Comment\",\"target\":[\"https:\\\/\\\/parisrunningtour.com\\\/fr\\\/du-quartier-latin-a-la-tour-eiffel-avec-peter\\\/#respond\"]}]},{\"@type\":\"WebPage\",\"@id\":\"https:\\\/\\\/parisrunningtour.com\\\/fr\\\/du-quartier-latin-a-la-tour-eiffel-avec-peter\\\/\",\"url\":\"https:\\\/\\\/parisrunningtour.com\\\/fr\\\/du-quartier-latin-a-la-tour-eiffel-avec-peter\\\/\",\"name\":\"Du Quartier Latin \u00e0 la Tour Eiffel avec Peter - Paris Running Tours\",\"isPartOf\":{\"@id\":\"https:\\\/\\\/parisrunningtour.com\\\/fr\\\/#website\"},\"primaryImageOfPage\":{\"@id\":\"https:\\\/\\\/parisrunningtour.com\\\/fr\\\/du-quartier-latin-a-la-tour-eiffel-avec-peter\\\/#primaryimage\"},\"image\":{\"@id\":\"https:\\\/\\\/parisrunningtour.com\\\/fr\\\/du-quartier-latin-a-la-tour-eiffel-avec-peter\\\/#primaryimage\"},\"thumbnailUrl\":\"https:\\\/\\\/parisrunningtour.com\\\/fr\\\/wp-content\\\/uploads\\\/sites\\\/1\\\/2013\\\/02\\\/PRT2013-02-15_04_PlaceAlmaSacreCoeur.jpg\",\"datePublished\":\"2013-02-15T10:09:00+00:00\",\"dateModified\":\"2017-01-16T14:57:26+00:00\",\"breadcrumb\":{\"@id\":\"https:\\\/\\\/parisrunningtour.com\\\/fr\\\/du-quartier-latin-a-la-tour-eiffel-avec-peter\\\/#breadcrumb\"},\"inLanguage\":\"fr-FR\",\"potentialAction\":[{\"@type\":\"ReadAction\",\"target\":[\"https:\\\/\\\/parisrunningtour.com\\\/fr\\\/du-quartier-latin-a-la-tour-eiffel-avec-peter\\\/\"]}]},{\"@type\":\"ImageObject\",\"inLanguage\":\"fr-FR\",\"@id\":\"https:\\\/\\\/parisrunningtour.com\\\/fr\\\/du-quartier-latin-a-la-tour-eiffel-avec-peter\\\/#primaryimage\",\"url\":\"https:\\\/\\\/parisrunningtour.com\\\/fr\\\/wp-content\\\/uploads\\\/sites\\\/1\\\/2013\\\/02\\\/PRT2013-02-15_04_PlaceAlmaSacreCoeur.jpg\",\"contentUrl\":\"https:\\\/\\\/parisrunningtour.com\\\/fr\\\/wp-content\\\/uploads\\\/sites\\\/1\\\/2013\\\/02\\\/PRT2013-02-15_04_PlaceAlmaSacreCoeur.jpg\",\"width\":900,\"height\":900},{\"@type\":\"BreadcrumbList\",\"@id\":\"https:\\\/\\\/parisrunningtour.com\\\/fr\\\/du-quartier-latin-a-la-tour-eiffel-avec-peter\\\/#breadcrumb\",\"itemListElement\":[{\"@type\":\"ListItem\",\"position\":1,\"name\":\"Accueil\",\"item\":\"https:\\\/\\\/parisrunningtour.com\\\/fr\\\/\"},{\"@type\":\"ListItem\",\"position\":2,\"name\":\"Du Quartier Latin \u00e0 la Tour Eiffel avec Peter\"}]},{\"@type\":\"WebSite\",\"@id\":\"https:\\\/\\\/parisrunningtour.com\\\/fr\\\/#website\",\"url\":\"https:\\\/\\\/parisrunningtour.com\\\/fr\\\/\",\"name\":\"Paris Running Tours\",\"description\":\"D\u00e9couvrir Paris en courant\",\"publisher\":{\"@id\":\"https:\\\/\\\/parisrunningtour.com\\\/fr\\\/#organization\"},\"potentialAction\":[{\"@type\":\"SearchAction\",\"target\":{\"@type\":\"EntryPoint\",\"urlTemplate\":\"https:\\\/\\\/parisrunningtour.com\\\/fr\\\/?s={search_term_string}\"},\"query-input\":{\"@type\":\"PropertyValueSpecification\",\"valueRequired\":true,\"valueName\":\"search_term_string\"}}],\"inLanguage\":\"fr-FR\"},{\"@type\":\"Organization\",\"@id\":\"https:\\\/\\\/parisrunningtour.com\\\/fr\\\/#organization\",\"name\":\"Paris Running Tours\",\"url\":\"https:\\\/\\\/parisrunningtour.com\\\/fr\\\/\",\"logo\":{\"@type\":\"ImageObject\",\"inLanguage\":\"fr-FR\",\"@id\":\"https:\\\/\\\/parisrunningtour.com\\\/fr\\\/#\\\/schema\\\/logo\\\/image\\\/\",\"url\":\"https:\\\/\\\/parisrunningtour.com\\\/fr\\\/wp-content\\\/uploads\\\/sites\\\/1\\\/2016\\\/12\\\/cropped-faviconPRT.png\",\"contentUrl\":\"https:\\\/\\\/parisrunningtour.com\\\/fr\\\/wp-content\\\/uploads\\\/sites\\\/1\\\/2016\\\/12\\\/cropped-faviconPRT.png\",\"width\":512,\"height\":512,\"caption\":\"Paris Running Tours\"},\"image\":{\"@id\":\"https:\\\/\\\/parisrunningtour.com\\\/fr\\\/#\\\/schema\\\/logo\\\/image\\\/\"}},{\"@type\":\"Person\",\"@id\":\"https:\\\/\\\/parisrunningtour.com\\\/fr\\\/#\\\/schema\\\/person\\\/75f0dc3c395ae2b4e14e29aff8f6a5af\",\"name\":\"admin\",\"image\":{\"@type\":\"ImageObject\",\"inLanguage\":\"fr-FR\",\"@id\":\"https:\\\/\\\/secure.gravatar.com\\\/avatar\\\/2980d1c79775d028873614111fac5ea2906175b9eba90c2fe773d875d19902e0?s=96&d=mm&r=g\",\"url\":\"https:\\\/\\\/secure.gravatar.com\\\/avatar\\\/2980d1c79775d028873614111fac5ea2906175b9eba90c2fe773d875d19902e0?s=96&d=mm&r=g\",\"contentUrl\":\"https:\\\/\\\/secure.gravatar.com\\\/avatar\\\/2980d1c79775d028873614111fac5ea2906175b9eba90c2fe773d875d19902e0?s=96&d=mm&r=g\",\"caption\":\"admin\"},\"sameAs\":[\"https:\\\/\\\/www.parisrunningtour.com\"],\"url\":\"https:\\\/\\\/parisrunningtour.com\\\/fr\\\/author\\\/admin\\\/\"}]}<\/script>\n<!-- \/ Yoast SEO plugin. -->","yoast_head_json":{"title":"Du Quartier Latin \u00e0 la Tour Eiffel avec Peter - Paris Running Tours","robots":{"index":"index","follow":"follow","max-snippet":"max-snippet:-1","max-image-preview":"max-image-preview:large","max-video-preview":"max-video-preview:-1"},"canonical":"https:\/\/parisrunningtour.com\/fr\/du-quartier-latin-a-la-tour-eiffel-avec-peter\/","og_locale":"fr_FR","og_type":"article","og_title":"Du Quartier Latin \u00e0 la Tour Eiffel avec Peter - Paris Running Tours","og_description":"Peter &#8211; Place de l&rsquo;Alma, au fond dans l&rsquo;axe de l&rsquo;avenue Montaigne, le Sacr\u00e9 Coeur sur la Butte Montmartre 10h09 &#8211;\u00a0Peter, qui vit \u00e0 Arhus au Danemark, pr\u00e9pare son prochain marathon qui aura lieu en Avril (Rotterdam ou Hambourg). L&rsquo;entrainement de Peter a bien commenc\u00e9, notamment par un long Running Tour \u00e0 Barcelone avec nos amis de Barcelona Running Tour, un tour de 21 km. Ce vendredi 15 f\u00e9vrier, deux jours plus tard, c&rsquo;est avec une course men\u00e9e \u00e0 un bon rythme que nous avons parcouru 19 km. Nous avons joint \u00ab\u00a0l&rsquo;utile \u00e0 l&rsquo;agr\u00e9able\u00a0\u00bb en \u00e9voquant l&rsquo;histoire et les lieux culturels de Paris. Ci-dessus, une petite pause place de l&rsquo;Alma (situ\u00e9e juste apr\u00e8s le 28\u00e8me Km du marathon de Paris \ud83d\ude09 ) avec dans le prolongement de l&rsquo;avenue Montaigne, le Sacr\u00e9-Coeur qui domine Paris depuis la Butte Montmartre. Un peu plus tard, apr\u00e8s avoir \u00ab\u00a0gravi\u00a0\u00bb la petite colline de Chaillot, un touriste sympathique a propos\u00e9 de nous prendre en photo depuis l&rsquo;esplanade du Trocad\u00e9ro : La tour Eiffel depuis le Trocad\u00e9ro De retour sur la rive gauche, au jardin du Luxembourg, nous avons admir\u00e9 la Fontaine M\u00e9dicis, autrefois appel\u00e9e \u00ab\u00a0Grotte du Luxembourg\u00a0\u00bb : Peter &#8211; La Fontaine M\u00e9dicis &#8211; Au fond, \u00e0 droite, le Panth\u00e9on En agrandissant la photo, vous pourrez voir Galat\u00e9e et Acis le berger,\u00a0menac\u00e9s par le cyclope Polyph\u00e8me. C&rsquo;est Marie de M\u00e9dicis, la veuve du roi Henri IV, qui fit construire cette fontaine en 1630, en souvenir des jardins florentins de son enfance. Non loin du jardin du Luxembourg, depuis la rue du Val de Gr\u00e2ce, appara\u00eet l&rsquo;\u00e9glise du m\u00eame nom : Peter &#8211; Eglise du Val de Grace C&rsquo;est une autre reine, Anne d&rsquo;Autriche, qui fit construire l&rsquo;Eglise du Val de Gr\u00e2ce. Le b\u00e2timent fut termin\u00e9 en 1667 (l&rsquo;un des plus hauts d\u00f4mes \u00e0 l&rsquo;\u00e9poque). \u00c9pouse de Louis XIII, elle fit le voeu de r\u00e9aliser cette \u00e9glise \u00e0 la naissance de son futur enfant, naissance qui arriva 23 ans apr\u00e8s son mariage ! Ce premier fils, Louis XIV, le fameux Roi-Soleil, posa \u00e0 7 ans la premi\u00e8re pierre de l&rsquo;\u00e9difice. Merci\u00a0Peter et bon marathon !\u00a0 Le circuit du tour : \u00a0","og_url":"https:\/\/parisrunningtour.com\/fr\/du-quartier-latin-a-la-tour-eiffel-avec-peter\/","og_site_name":"Paris Running Tours","article_published_time":"2013-02-15T10:09:00+00:00","article_modified_time":"2017-01-16T14:57:26+00:00","og_image":[{"width":900,"height":900,"url":"https:\/\/parisrunningtour.com\/fr\/wp-content\/uploads\/sites\/1\/2013\/02\/PRT2013-02-15_04_PlaceAlmaSacreCoeur.jpg","type":"image\/jpeg"}],"author":"admin","twitter_card":"summary_large_image","twitter_misc":{"\u00c9crit par":"admin","Dur\u00e9e de lecture estim\u00e9e":"2 minutes"},"schema":{"@context":"https:\/\/schema.org","@graph":[{"@type":"Article","@id":"https:\/\/parisrunningtour.com\/fr\/du-quartier-latin-a-la-tour-eiffel-avec-peter\/#article","isPartOf":{"@id":"https:\/\/parisrunningtour.com\/fr\/du-quartier-latin-a-la-tour-eiffel-avec-peter\/"},"author":{"name":"admin","@id":"https:\/\/parisrunningtour.com\/fr\/#\/schema\/person\/75f0dc3c395ae2b4e14e29aff8f6a5af"},"headline":"Du Quartier Latin \u00e0 la Tour Eiffel avec Peter","datePublished":"2013-02-15T10:09:00+00:00","dateModified":"2017-01-16T14:57:26+00:00","mainEntityOfPage":{"@id":"https:\/\/parisrunningtour.com\/fr\/du-quartier-latin-a-la-tour-eiffel-avec-peter\/"},"wordCount":388,"commentCount":0,"publisher":{"@id":"https:\/\/parisrunningtour.com\/fr\/#organization"},"image":{"@id":"https:\/\/parisrunningtour.com\/fr\/du-quartier-latin-a-la-tour-eiffel-avec-peter\/#primaryimage"},"thumbnailUrl":"https:\/\/parisrunningtour.com\/fr\/wp-content\/uploads\/sites\/1\/2013\/02\/PRT2013-02-15_04_PlaceAlmaSacreCoeur.jpg","articleSection":["Alma (Place de l')","Luxembourg (Jardin du)","Montmartre","Sacr\u00e9-Coeur","Tour Eiffel","Val de Gr\u00e2ce"],"inLanguage":"fr-FR","potentialAction":[{"@type":"CommentAction","name":"Comment","target":["https:\/\/parisrunningtour.com\/fr\/du-quartier-latin-a-la-tour-eiffel-avec-peter\/#respond"]}]},{"@type":"WebPage","@id":"https:\/\/parisrunningtour.com\/fr\/du-quartier-latin-a-la-tour-eiffel-avec-peter\/","url":"https:\/\/parisrunningtour.com\/fr\/du-quartier-latin-a-la-tour-eiffel-avec-peter\/","name":"Du Quartier Latin \u00e0 la Tour Eiffel avec Peter - Paris Running Tours","isPartOf":{"@id":"https:\/\/parisrunningtour.com\/fr\/#website"},"primaryImageOfPage":{"@id":"https:\/\/parisrunningtour.com\/fr\/du-quartier-latin-a-la-tour-eiffel-avec-peter\/#primaryimage"},"image":{"@id":"https:\/\/parisrunningtour.com\/fr\/du-quartier-latin-a-la-tour-eiffel-avec-peter\/#primaryimage"},"thumbnailUrl":"https:\/\/parisrunningtour.com\/fr\/wp-content\/uploads\/sites\/1\/2013\/02\/PRT2013-02-15_04_PlaceAlmaSacreCoeur.jpg","datePublished":"2013-02-15T10:09:00+00:00","dateModified":"2017-01-16T14:57:26+00:00","breadcrumb":{"@id":"https:\/\/parisrunningtour.com\/fr\/du-quartier-latin-a-la-tour-eiffel-avec-peter\/#breadcrumb"},"inLanguage":"fr-FR","potentialAction":[{"@type":"ReadAction","target":["https:\/\/parisrunningtour.com\/fr\/du-quartier-latin-a-la-tour-eiffel-avec-peter\/"]}]},{"@type":"ImageObject","inLanguage":"fr-FR","@id":"https:\/\/parisrunningtour.com\/fr\/du-quartier-latin-a-la-tour-eiffel-avec-peter\/#primaryimage","url":"https:\/\/parisrunningtour.com\/fr\/wp-content\/uploads\/sites\/1\/2013\/02\/PRT2013-02-15_04_PlaceAlmaSacreCoeur.jpg","contentUrl":"https:\/\/parisrunningtour.com\/fr\/wp-content\/uploads\/sites\/1\/2013\/02\/PRT2013-02-15_04_PlaceAlmaSacreCoeur.jpg","width":900,"height":900},{"@type":"BreadcrumbList","@id":"https:\/\/parisrunningtour.com\/fr\/du-quartier-latin-a-la-tour-eiffel-avec-peter\/#breadcrumb","itemListElement":[{"@type":"ListItem","position":1,"name":"Accueil","item":"https:\/\/parisrunningtour.com\/fr\/"},{"@type":"ListItem","position":2,"name":"Du Quartier Latin \u00e0 la Tour Eiffel avec Peter"}]},{"@type":"WebSite","@id":"https:\/\/parisrunningtour.com\/fr\/#website","url":"https:\/\/parisrunningtour.com\/fr\/","name":"Paris Running Tours","description":"D\u00e9couvrir Paris en courant","publisher":{"@id":"https:\/\/parisrunningtour.com\/fr\/#organization"},"potentialAction":[{"@type":"SearchAction","target":{"@type":"EntryPoint","urlTemplate":"https:\/\/parisrunningtour.com\/fr\/?s={search_term_string}"},"query-input":{"@type":"PropertyValueSpecification","valueRequired":true,"valueName":"search_term_string"}}],"inLanguage":"fr-FR"},{"@type":"Organization","@id":"https:\/\/parisrunningtour.com\/fr\/#organization","name":"Paris Running Tours","url":"https:\/\/parisrunningtour.com\/fr\/","logo":{"@type":"ImageObject","inLanguage":"fr-FR","@id":"https:\/\/parisrunningtour.com\/fr\/#\/schema\/logo\/image\/","url":"https:\/\/parisrunningtour.com\/fr\/wp-content\/uploads\/sites\/1\/2016\/12\/cropped-faviconPRT.png","contentUrl":"https:\/\/parisrunningtour.com\/fr\/wp-content\/uploads\/sites\/1\/2016\/12\/cropped-faviconPRT.png","width":512,"height":512,"caption":"Paris Running Tours"},"image":{"@id":"https:\/\/parisrunningtour.com\/fr\/#\/schema\/logo\/image\/"}},{"@type":"Person","@id":"https:\/\/parisrunningtour.com\/fr\/#\/schema\/person\/75f0dc3c395ae2b4e14e29aff8f6a5af","name":"admin","image":{"@type":"ImageObject","inLanguage":"fr-FR","@id":"https:\/\/secure.gravatar.com\/avatar\/2980d1c79775d028873614111fac5ea2906175b9eba90c2fe773d875d19902e0?s=96&d=mm&r=g","url":"https:\/\/secure.gravatar.com\/avatar\/2980d1c79775d028873614111fac5ea2906175b9eba90c2fe773d875d19902e0?s=96&d=mm&r=g","contentUrl":"https:\/\/secure.gravatar.com\/avatar\/2980d1c79775d028873614111fac5ea2906175b9eba90c2fe773d875d19902e0?s=96&d=mm&r=g","caption":"admin"},"sameAs":["https:\/\/www.parisrunningtour.com"],"url":"https:\/\/parisrunningtour.com\/fr\/author\/admin\/"}]}},"_links":{"self":[{"href":"https:\/\/parisrunningtour.com\/fr\/wp-json\/wp\/v2\/posts\/95","targetHints":{"allow":["GET"]}}],"collection":[{"href":"https:\/\/parisrunningtour.com\/fr\/wp-json\/wp\/v2\/posts"}],"about":[{"href":"https:\/\/parisrunningtour.com\/fr\/wp-json\/wp\/v2\/types\/post"}],"author":[{"embeddable":true,"href":"https:\/\/parisrunningtour.com\/fr\/wp-json\/wp\/v2\/users\/1"}],"replies":[{"embeddable":true,"href":"https:\/\/parisrunningtour.com\/fr\/wp-json\/wp\/v2\/comments?post=95"}],"version-history":[{"count":1,"href":"https:\/\/parisrunningtour.com\/fr\/wp-json\/wp\/v2\/posts\/95\/revisions"}],"predecessor-version":[{"id":1318,"href":"https:\/\/parisrunningtour.com\/fr\/wp-json\/wp\/v2\/posts\/95\/revisions\/1318"}],"wp:featuredmedia":[{"embeddable":true,"href":"https:\/\/parisrunningtour.com\/fr\/wp-json\/wp\/v2\/media\/1317"}],"wp:attachment":[{"href":"https:\/\/parisrunningtour.com\/fr\/wp-json\/wp\/v2\/media?parent=95"}],"wp:term":[{"taxonomy":"category","embeddable":true,"href":"https:\/\/parisrunningtour.com\/fr\/wp-json\/wp\/v2\/categories?post=95"},{"taxonomy":"post_tag","embeddable":true,"href":"https:\/\/parisrunningtour.com\/fr\/wp-json\/wp\/v2\/tags?post=95"}],"curies":[{"name":"wp","href":"https:\/\/api.w.org\/{rel}","templated":true}]}}