{"id":93,"date":"2013-03-04T10:07:00","date_gmt":"2013-03-04T09:07:00","guid":{"rendered":"http:\/\/runningtour.paris\/blog\/2013\/03\/04\/devant-les-jardins-de-lelysee-avec-meredith-et-john\/"},"modified":"2017-01-16T15:56:01","modified_gmt":"2017-01-16T14:56:01","slug":"devant-les-jardins-de-lelysee-avec-meredith-et-john","status":"publish","type":"post","link":"https:\/\/parisrunningtour.com\/fr\/devant-les-jardins-de-lelysee-avec-meredith-et-john\/","title":{"rendered":"Devant les jardins de l&rsquo;Elys\u00e9e avec Meredith et John"},"content":{"rendered":"<div style=\"clear: both; text-align: center;\"><\/div>\n<div style=\"text-align: left;\"><\/div>\n<div style=\"clear: both; text-align: center;\"><\/div>\n<div style=\"clear: both; text-align: center;\"><\/div>\n<table style=\"margin-left: auto; margin-right: auto; text-align: center;\" cellspacing=\"0\" cellpadding=\"0\" align=\"center\">\n<tbody>\n<tr>\n<td style=\"text-align: center;\"><a style=\"margin-left: auto; margin-right: auto;\" href=\"http:\/\/1.bp.blogspot.com\/-4KrvTStn7RY\/UTdiCq-vqLI\/AAAAAAAABQ0\/Z43upTyeJnw\/s1600\/2013-03-04_02_PalaisDeLElysee(ElyseePalace).jpg\" target=\"_blank\"><img fetchpriority=\"high\" decoding=\"async\" title=\"Cliquer sur l'image pour l'agrandir\" src=\"http:\/\/1.bp.blogspot.com\/-4KrvTStn7RY\/UTdiCq-vqLI\/AAAAAAAABQ0\/Z43upTyeJnw\/s640\/2013-03-04_02_PalaisDeLElysee(ElyseePalace).jpg\" alt=\"\" width=\"640\" height=\"480\" border=\"0\" \/><\/a><\/td>\n<\/tr>\n<tr>\n<td style=\"text-align: center;\"><span style=\"font-family: Trebuchet MS, sans-serif;\">Meredith et John devant les jardins du Palais de l&rsquo;\u00c9lys\u00e9e, r\u00e9sidence du Pr\u00e9sident de la R\u00e9publique.<br \/>\n<i>Pour voir l&rsquo;entr\u00e9e principale, de l&rsquo;autre c\u00f4t\u00e9, vous pouvez cliquer <a href=\"http:\/\/parisrunningtour-fr.blogspot.fr\/2011\/07\/devant-lelysee-avec-cindy.html\" target=\"_blank\">ici<\/a><\/i><\/span><\/td>\n<\/tr>\n<\/tbody>\n<\/table>\n<p><span style=\"font-family: 'Trebuchet MS', sans-serif;\"><b>9h07 &#8211;<\/b>\u00a0Meredith et John viennent de la C\u00f4te Est des Etats Unis (Washington, New-York) et sont \u00e0 Paris pour une visite culturelle et tr\u00e8s sportive.<\/span><br \/>\n<span style=\"font-family: 'Trebuchet MS', sans-serif;\">Ce lundi 4 mars, nous avons combin\u00e9 balade touristique et \u00ab\u00a0footing de r\u00e9cup\u00e9ration\u00a0\u00bb. En effet, Meredith a couru la veille le semi-marathon de Paris en \u00e9tablissant un nouveau record personnel sur la distance. Bravo Meredith\u00a0!<\/span><\/p>\n<table style=\"margin-left: auto; margin-right: auto; text-align: center;\" cellspacing=\"0\" cellpadding=\"0\" align=\"center\">\n<tbody>\n<tr>\n<td style=\"text-align: center;\"><a style=\"margin-left: auto; margin-right: auto;\" href=\"http:\/\/4.bp.blogspot.com\/-rtr0jX06KpM\/UTdl5Ws_oZI\/AAAAAAAABRE\/KBhWuN9V0KY\/s1600\/SemiParis2013_JCetFredetAnneValeroApr%C3%A8sLeD%C3%A9part.jpg\" target=\"_blank\"><img decoding=\"async\" src=\"http:\/\/4.bp.blogspot.com\/-rtr0jX06KpM\/UTdl5Ws_oZI\/AAAAAAAABRE\/KBhWuN9V0KY\/s640\/SemiParis2013_JCetFredetAnneValeroApr%C3%A8sLeD%C3%A9part.jpg\" width=\"506\" height=\"640\" border=\"0\" \/><\/a><\/td>\n<\/tr>\n<tr>\n<td style=\"text-align: center;\"><span style=\"font-family: Trebuchet MS, sans-serif;\">Plus de 30 000 participants au Semi-marathon de Paris 2013 ! Le d\u00e9part.<br \/>\n<i><span style=\"font-size: xx-small;\">Si vous regardez bien, vous verrez 2 guides\u00a0Paris Running Tour au 1er plan (T-Shirts orange et vert\u00a0Paris Running Tour)<\/span><\/i><\/span><\/td>\n<\/tr>\n<\/tbody>\n<\/table>\n<p><span style=\"font-family: 'Trebuchet MS', sans-serif;\">C&rsquo;est donc tranquillement que nous avons parcouru Paris et profit\u00e9 d&rsquo;une belle matin\u00e9e, deuxi\u00e8me matin\u00e9e\u00a0<\/span><span style=\"font-family: 'Trebuchet MS', sans-serif;\">ensoleill\u00e9e apr\u00e8s un hiver bien froid et sombre.<\/span><\/p>\n<table style=\"margin-left: auto; margin-right: auto; text-align: center;\" cellspacing=\"0\" cellpadding=\"0\" align=\"center\">\n<tbody>\n<tr>\n<td style=\"text-align: center;\"><a style=\"margin-left: auto; margin-right: auto;\" href=\"http:\/\/3.bp.blogspot.com\/-8PH-OVaxS0c\/UTdnUeipC5I\/AAAAAAAABRU\/615B9rVGfSY\/s1600\/2013-03-04_01_JardinDesTuileries.jpg\" target=\"_blank\"><img decoding=\"async\" title=\"Cliquer sur l'image pour l'agrandir\" src=\"http:\/\/3.bp.blogspot.com\/-8PH-OVaxS0c\/UTdnUeipC5I\/AAAAAAAABRU\/615B9rVGfSY\/s640\/2013-03-04_01_JardinDesTuileries.jpg\" alt=\"\" width=\"640\" height=\"384\" border=\"0\" \/><\/a><\/td>\n<\/tr>\n<tr>\n<td style=\"text-align: center;\"><span style=\"font-family: Trebuchet MS, sans-serif;\">Meredith et John &#8211; Jardin des Tuileries &#8211; Sur l&rsquo;<a href=\"http:\/\/parisrunningtour-fr.blogspot.fr\/2012\/10\/courir-avec-pedro-et-juliana-sur-laxe.html\" target=\"_blank\">axe historique<\/a> : au loin l&rsquo;Ob\u00e9lisque de la place de la Concorde et l&rsquo;Arc de Triomphe de l&rsquo;Etoile au bout des Champs-Elys\u00e9es<\/span><\/td>\n<\/tr>\n<\/tbody>\n<\/table>\n<p><span style=\"font-family: 'Trebuchet MS', sans-serif;\">Sur la photo ci-dessus, on voit bien le <a href=\"http:\/\/parisrunningtour-fr.blogspot.fr\/2011\/08\/devant-lobelisque-de-la-concorde-avec.html\" target=\"_blank\">pyramidion<\/a> au sommet de l&rsquo;Ob\u00e9lisque, sa couverture dor\u00e9e \u00e0 l&rsquo;or brille comme au temps de l&rsquo;Egypte antique.<\/span><br \/>\n<span style=\"font-family: 'Trebuchet MS', sans-serif;\">Saviez-vous aussi que l&rsquo;Ob\u00e9lisque de la Concorde repr\u00e9sentait le gnomon (<i>l&rsquo;aiguille<\/i>) d&rsquo;un gigantesque cadran solaire ? Aviez-vous remarqu\u00e9 ces marques au sol ?<\/span><\/p>\n<table style=\"margin-left: auto; margin-right: auto; text-align: center;\" cellspacing=\"0\" cellpadding=\"0\" align=\"center\">\n<tbody>\n<tr>\n<td style=\"text-align: center;\"><a style=\"margin-left: auto; margin-right: auto;\" href=\"http:\/\/1.bp.blogspot.com\/-O9LHsVvwELk\/UTdzmnYsG_I\/AAAAAAAABRk\/ikukXTPn7sw\/s1600\/ConcordeCadran.jpg\" target=\"_blank\"><img loading=\"lazy\" decoding=\"async\" src=\"http:\/\/1.bp.blogspot.com\/-O9LHsVvwELk\/UTdzmnYsG_I\/AAAAAAAABRk\/ikukXTPn7sw\/s640\/ConcordeCadran.jpg\" width=\"640\" height=\"374\" border=\"0\" \/><\/a><\/td>\n<\/tr>\n<tr>\n<td style=\"text-align: center;\"><span style=\"font-family: Trebuchet MS, sans-serif;\">Un gigantesque cadran solaire (1999) place de la Concorde &#8211; Cliquez sur l&rsquo;image pour l&rsquo;agrandir !<br \/>\n<i><span style=\"font-size: xx-small;\">Le calcul de l&rsquo;heure n&rsquo;est pas si simple (dur\u00e9e du jour, etc.)<\/span><\/i><\/span><\/td>\n<\/tr>\n<\/tbody>\n<\/table>\n<p><span style=\"font-family: 'Trebuchet MS', sans-serif;\">En continuant notre course, nous sommes revenus sur l&rsquo;axe historique, \u00e0 son commencement, au Louvre :<\/span><\/p>\n<table style=\"margin-left: auto; margin-right: auto; text-align: center;\" cellspacing=\"0\" cellpadding=\"0\" align=\"center\">\n<tbody>\n<tr>\n<td style=\"text-align: center;\"><a style=\"margin-left: auto; margin-right: auto;\" href=\"http:\/\/2.bp.blogspot.com\/-MARv1HdMxL0\/UTd3n8BCGTI\/AAAAAAAABRs\/OzHyEjybMjs\/s1600\/2013-03-04_03_PyramideDuLouvre.jpg\" target=\"_blank\"><img loading=\"lazy\" decoding=\"async\" title=\"Cliquer sur l'image pour l'agrandir\" src=\"http:\/\/2.bp.blogspot.com\/-MARv1HdMxL0\/UTd3n8BCGTI\/AAAAAAAABRs\/OzHyEjybMjs\/s640\/2013-03-04_03_PyramideDuLouvre.jpg\" alt=\"\" width=\"640\" height=\"348\" border=\"0\" \/><\/a><\/td>\n<\/tr>\n<tr>\n<td style=\"text-align: center;\"><span style=\"font-family: Trebuchet MS, sans-serif;\">Meredith et John &#8211; La pyramide du Louvre<\/span><\/td>\n<\/tr>\n<\/tbody>\n<\/table>\n<p><span style=\"font-family: 'Trebuchet MS', sans-serif;\">C&rsquo;est ainsi que nous avons pu admirer le monument le plus vieux de Paris, l&rsquo;ob\u00e9lisque de la Concorde (13\u00e8 si\u00e8cle avant J.-C.) et l&rsquo;un des plus modernes, la pyramide du Louvre (inaugur\u00e9e en 1989) !<\/span><\/p>\n<p><span style=\"font-family: 'Trebuchet MS', sans-serif;\">Merci\u00a0Meredith, merci John !<\/span><br \/>\n<span style=\"font-family: 'Trebuchet MS', sans-serif;\"><br \/>\n<\/span><b style=\"font-family: 'Trebuchet MS', sans-serif;\">Le circuit du tour :<\/b><\/p>\n<div style=\"clear: both; text-align: center;\"><\/div>\n<div style=\"clear: both; text-align: center;\"><\/div>\n<div style=\"clear: both; text-align: center;\"><a style=\"clear: left; float: left; margin-bottom: 1em; margin-right: 1em;\" href=\"http:\/\/3.bp.blogspot.com\/-0Yu2LaMFrPU\/UTdnFBYwG4I\/AAAAAAAABRM\/dnMZ8sf-jyk\/s1600\/TourMeredithJohn.jpg\" target=\"_blank\"><img loading=\"lazy\" decoding=\"async\" title=\"Cliquer sur l'image pour l'agrandir\" src=\"http:\/\/3.bp.blogspot.com\/-0Yu2LaMFrPU\/UTdnFBYwG4I\/AAAAAAAABRM\/dnMZ8sf-jyk\/s640\/TourMeredithJohn.jpg\" alt=\"\" width=\"640\" height=\"488\" border=\"0\" \/><\/a><\/div>\n<p><b style=\"font-family: 'Trebuchet MS', sans-serif;\">\u00a0<\/b><\/p>\n","protected":false},"excerpt":{"rendered":"<p>Meredith et John devant les jardins du Palais de l&rsquo;\u00c9lys\u00e9e, r\u00e9sidence du Pr\u00e9sident de la R\u00e9publique. Pour voir l&rsquo;entr\u00e9e principale, de l&rsquo;autre c\u00f4t\u00e9, vous pouvez cliquer ici 9h07 &#8211;\u00a0Meredith et John viennent de la C\u00f4te Est des Etats Unis (Washington, New-York) et sont \u00e0 Paris pour une visite culturelle et tr\u00e8s sportive. Ce lundi 4 mars, nous avons combin\u00e9 balade touristique et \u00ab\u00a0footing de r\u00e9cup\u00e9ration\u00a0\u00bb. En effet, Meredith a couru la veille le semi-marathon de Paris en \u00e9tablissant un nouveau record personnel sur la distance. Bravo Meredith\u00a0! Plus de 30 000 participants au Semi-marathon de Paris 2013 ! Le d\u00e9part. Si vous regardez bien, vous verrez 2 guides\u00a0Paris Running Tour au 1er plan (T-Shirts orange et vert\u00a0Paris Running Tour) C&rsquo;est donc tranquillement que nous avons parcouru Paris et profit\u00e9 d&rsquo;une belle matin\u00e9e, deuxi\u00e8me matin\u00e9e\u00a0ensoleill\u00e9e apr\u00e8s un hiver bien froid et sombre. Meredith et John &#8211; Jardin des Tuileries &#8211; Sur l&rsquo;axe historique : au loin l&rsquo;Ob\u00e9lisque de la place de la Concorde et l&rsquo;Arc de Triomphe de l&rsquo;Etoile au bout des Champs-Elys\u00e9es Sur la photo ci-dessus, on voit bien le pyramidion au sommet de l&rsquo;Ob\u00e9lisque, sa couverture dor\u00e9e \u00e0 l&rsquo;or brille comme au temps de l&rsquo;Egypte antique. Saviez-vous aussi que l&rsquo;Ob\u00e9lisque de la Concorde repr\u00e9sentait le gnomon (l&rsquo;aiguille) d&rsquo;un gigantesque cadran solaire ? Aviez-vous remarqu\u00e9 ces marques au sol ? Un gigantesque cadran solaire (1999) place de la Concorde &#8211; Cliquez sur l&rsquo;image pour l&rsquo;agrandir ! Le calcul de l&rsquo;heure n&rsquo;est pas si simple (dur\u00e9e du jour, etc.) En continuant notre course, nous sommes revenus sur l&rsquo;axe historique, \u00e0 son commencement, au Louvre : Meredith et John &#8211; La pyramide du Louvre C&rsquo;est ainsi que nous avons pu admirer le monument le plus vieux de Paris, l&rsquo;ob\u00e9lisque de la Concorde (13\u00e8 si\u00e8cle avant J.-C.) et l&rsquo;un des plus modernes, la pyramide du Louvre (inaugur\u00e9e en 1989) ! Merci\u00a0Meredith, merci John ! Le circuit du tour : \u00a0<\/p>\n","protected":false},"author":1,"featured_media":1313,"comment_status":"open","ping_status":"open","sticky":false,"template":"","format":"standard","meta":{"footnotes":""},"categories":[24,34,26,23,44,13],"tags":[],"class_list":["post-93","post","type-post","status-publish","format-standard","has-post-thumbnail","hentry","category-arc-de-triomphe","category-champs-elysees","category-competition","category-concorde-place-de-la","category-elysee-palais-de","category-louvre"],"yoast_head":"<!-- This site is optimized with the Yoast SEO plugin v27.5 - https:\/\/yoast.com\/product\/yoast-seo-wordpress\/ -->\n<title>Devant les jardins de l&#039;Elys\u00e9e avec Meredith et John - Paris Running Tours<\/title>\n<meta name=\"robots\" content=\"index, follow, max-snippet:-1, max-image-preview:large, max-video-preview:-1\" \/>\n<link rel=\"canonical\" href=\"https:\/\/parisrunningtour.com\/fr\/devant-les-jardins-de-lelysee-avec-meredith-et-john\/\" \/>\n<meta property=\"og:locale\" content=\"fr_FR\" \/>\n<meta property=\"og:type\" content=\"article\" \/>\n<meta property=\"og:title\" content=\"Devant les jardins de l&#039;Elys\u00e9e avec Meredith et John - Paris Running Tours\" \/>\n<meta property=\"og:description\" content=\"Meredith et John devant les jardins du Palais de l&rsquo;\u00c9lys\u00e9e, r\u00e9sidence du Pr\u00e9sident de la R\u00e9publique. Pour voir l&rsquo;entr\u00e9e principale, de l&rsquo;autre c\u00f4t\u00e9, vous pouvez cliquer ici 9h07 &#8211;\u00a0Meredith et John viennent de la C\u00f4te Est des Etats Unis (Washington, New-York) et sont \u00e0 Paris pour une visite culturelle et tr\u00e8s sportive. Ce lundi 4 mars, nous avons combin\u00e9 balade touristique et \u00ab\u00a0footing de r\u00e9cup\u00e9ration\u00a0\u00bb. En effet, Meredith a couru la veille le semi-marathon de Paris en \u00e9tablissant un nouveau record personnel sur la distance. Bravo Meredith\u00a0! Plus de 30 000 participants au Semi-marathon de Paris 2013 ! Le d\u00e9part. Si vous regardez bien, vous verrez 2 guides\u00a0Paris Running Tour au 1er plan (T-Shirts orange et vert\u00a0Paris Running Tour) C&rsquo;est donc tranquillement que nous avons parcouru Paris et profit\u00e9 d&rsquo;une belle matin\u00e9e, deuxi\u00e8me matin\u00e9e\u00a0ensoleill\u00e9e apr\u00e8s un hiver bien froid et sombre. Meredith et John &#8211; Jardin des Tuileries &#8211; Sur l&rsquo;axe historique : au loin l&rsquo;Ob\u00e9lisque de la place de la Concorde et l&rsquo;Arc de Triomphe de l&rsquo;Etoile au bout des Champs-Elys\u00e9es Sur la photo ci-dessus, on voit bien le pyramidion au sommet de l&rsquo;Ob\u00e9lisque, sa couverture dor\u00e9e \u00e0 l&rsquo;or brille comme au temps de l&rsquo;Egypte antique. Saviez-vous aussi que l&rsquo;Ob\u00e9lisque de la Concorde repr\u00e9sentait le gnomon (l&rsquo;aiguille) d&rsquo;un gigantesque cadran solaire ? Aviez-vous remarqu\u00e9 ces marques au sol ? Un gigantesque cadran solaire (1999) place de la Concorde &#8211; Cliquez sur l&rsquo;image pour l&rsquo;agrandir ! Le calcul de l&rsquo;heure n&rsquo;est pas si simple (dur\u00e9e du jour, etc.) En continuant notre course, nous sommes revenus sur l&rsquo;axe historique, \u00e0 son commencement, au Louvre : Meredith et John &#8211; La pyramide du Louvre C&rsquo;est ainsi que nous avons pu admirer le monument le plus vieux de Paris, l&rsquo;ob\u00e9lisque de la Concorde (13\u00e8 si\u00e8cle avant J.-C.) et l&rsquo;un des plus modernes, la pyramide du Louvre (inaugur\u00e9e en 1989) ! Merci\u00a0Meredith, merci John ! Le circuit du tour : \u00a0\" \/>\n<meta property=\"og:url\" content=\"https:\/\/parisrunningtour.com\/fr\/devant-les-jardins-de-lelysee-avec-meredith-et-john\/\" \/>\n<meta property=\"og:site_name\" content=\"Paris Running Tours\" \/>\n<meta property=\"article:published_time\" content=\"2013-03-04T09:07:00+00:00\" \/>\n<meta property=\"article:modified_time\" content=\"2017-01-16T14:56:01+00:00\" \/>\n<meta property=\"og:image\" content=\"https:\/\/parisrunningtour.com\/fr\/wp-content\/uploads\/sites\/1\/2013\/03\/PRT2013-03-04_02_PalaisDeLElyseeElyseePalace.jpg\" \/>\n\t<meta property=\"og:image:width\" content=\"900\" \/>\n\t<meta property=\"og:image:height\" content=\"900\" \/>\n\t<meta property=\"og:image:type\" content=\"image\/jpeg\" \/>\n<meta name=\"author\" content=\"admin\" \/>\n<meta name=\"twitter:card\" content=\"summary_large_image\" \/>\n<meta name=\"twitter:label1\" content=\"\u00c9crit par\" \/>\n\t<meta name=\"twitter:data1\" content=\"admin\" \/>\n\t<meta name=\"twitter:label2\" content=\"Dur\u00e9e de lecture estim\u00e9e\" \/>\n\t<meta name=\"twitter:data2\" content=\"2 minutes\" \/>\n<script type=\"application\/ld+json\" class=\"yoast-schema-graph\">{\"@context\":\"https:\\\/\\\/schema.org\",\"@graph\":[{\"@type\":\"Article\",\"@id\":\"https:\\\/\\\/parisrunningtour.com\\\/fr\\\/devant-les-jardins-de-lelysee-avec-meredith-et-john\\\/#article\",\"isPartOf\":{\"@id\":\"https:\\\/\\\/parisrunningtour.com\\\/fr\\\/devant-les-jardins-de-lelysee-avec-meredith-et-john\\\/\"},\"author\":{\"name\":\"admin\",\"@id\":\"https:\\\/\\\/parisrunningtour.com\\\/fr\\\/#\\\/schema\\\/person\\\/75f0dc3c395ae2b4e14e29aff8f6a5af\"},\"headline\":\"Devant les jardins de l&rsquo;Elys\u00e9e avec Meredith et John\",\"datePublished\":\"2013-03-04T09:07:00+00:00\",\"dateModified\":\"2017-01-16T14:56:01+00:00\",\"mainEntityOfPage\":{\"@id\":\"https:\\\/\\\/parisrunningtour.com\\\/fr\\\/devant-les-jardins-de-lelysee-avec-meredith-et-john\\\/\"},\"wordCount\":362,\"commentCount\":0,\"publisher\":{\"@id\":\"https:\\\/\\\/parisrunningtour.com\\\/fr\\\/#organization\"},\"image\":{\"@id\":\"https:\\\/\\\/parisrunningtour.com\\\/fr\\\/devant-les-jardins-de-lelysee-avec-meredith-et-john\\\/#primaryimage\"},\"thumbnailUrl\":\"https:\\\/\\\/parisrunningtour.com\\\/fr\\\/wp-content\\\/uploads\\\/sites\\\/1\\\/2013\\\/03\\\/PRT2013-03-04_02_PalaisDeLElyseeElyseePalace.jpg\",\"articleSection\":[\"Arc de Triomphe\",\"Champs-Elys\u00e9es\",\"Comp\u00e9tition\",\"Concorde (Place de la)\",\"Elys\u00e9e (Palais de)\",\"Louvre\"],\"inLanguage\":\"fr-FR\",\"potentialAction\":[{\"@type\":\"CommentAction\",\"name\":\"Comment\",\"target\":[\"https:\\\/\\\/parisrunningtour.com\\\/fr\\\/devant-les-jardins-de-lelysee-avec-meredith-et-john\\\/#respond\"]}]},{\"@type\":\"WebPage\",\"@id\":\"https:\\\/\\\/parisrunningtour.com\\\/fr\\\/devant-les-jardins-de-lelysee-avec-meredith-et-john\\\/\",\"url\":\"https:\\\/\\\/parisrunningtour.com\\\/fr\\\/devant-les-jardins-de-lelysee-avec-meredith-et-john\\\/\",\"name\":\"Devant les jardins de l'Elys\u00e9e avec Meredith et John - Paris Running Tours\",\"isPartOf\":{\"@id\":\"https:\\\/\\\/parisrunningtour.com\\\/fr\\\/#website\"},\"primaryImageOfPage\":{\"@id\":\"https:\\\/\\\/parisrunningtour.com\\\/fr\\\/devant-les-jardins-de-lelysee-avec-meredith-et-john\\\/#primaryimage\"},\"image\":{\"@id\":\"https:\\\/\\\/parisrunningtour.com\\\/fr\\\/devant-les-jardins-de-lelysee-avec-meredith-et-john\\\/#primaryimage\"},\"thumbnailUrl\":\"https:\\\/\\\/parisrunningtour.com\\\/fr\\\/wp-content\\\/uploads\\\/sites\\\/1\\\/2013\\\/03\\\/PRT2013-03-04_02_PalaisDeLElyseeElyseePalace.jpg\",\"datePublished\":\"2013-03-04T09:07:00+00:00\",\"dateModified\":\"2017-01-16T14:56:01+00:00\",\"breadcrumb\":{\"@id\":\"https:\\\/\\\/parisrunningtour.com\\\/fr\\\/devant-les-jardins-de-lelysee-avec-meredith-et-john\\\/#breadcrumb\"},\"inLanguage\":\"fr-FR\",\"potentialAction\":[{\"@type\":\"ReadAction\",\"target\":[\"https:\\\/\\\/parisrunningtour.com\\\/fr\\\/devant-les-jardins-de-lelysee-avec-meredith-et-john\\\/\"]}]},{\"@type\":\"ImageObject\",\"inLanguage\":\"fr-FR\",\"@id\":\"https:\\\/\\\/parisrunningtour.com\\\/fr\\\/devant-les-jardins-de-lelysee-avec-meredith-et-john\\\/#primaryimage\",\"url\":\"https:\\\/\\\/parisrunningtour.com\\\/fr\\\/wp-content\\\/uploads\\\/sites\\\/1\\\/2013\\\/03\\\/PRT2013-03-04_02_PalaisDeLElyseeElyseePalace.jpg\",\"contentUrl\":\"https:\\\/\\\/parisrunningtour.com\\\/fr\\\/wp-content\\\/uploads\\\/sites\\\/1\\\/2013\\\/03\\\/PRT2013-03-04_02_PalaisDeLElyseeElyseePalace.jpg\",\"width\":900,\"height\":900},{\"@type\":\"BreadcrumbList\",\"@id\":\"https:\\\/\\\/parisrunningtour.com\\\/fr\\\/devant-les-jardins-de-lelysee-avec-meredith-et-john\\\/#breadcrumb\",\"itemListElement\":[{\"@type\":\"ListItem\",\"position\":1,\"name\":\"Accueil\",\"item\":\"https:\\\/\\\/parisrunningtour.com\\\/fr\\\/\"},{\"@type\":\"ListItem\",\"position\":2,\"name\":\"Devant les jardins de l&rsquo;Elys\u00e9e avec Meredith et John\"}]},{\"@type\":\"WebSite\",\"@id\":\"https:\\\/\\\/parisrunningtour.com\\\/fr\\\/#website\",\"url\":\"https:\\\/\\\/parisrunningtour.com\\\/fr\\\/\",\"name\":\"Paris Running Tours\",\"description\":\"D\u00e9couvrir Paris en courant\",\"publisher\":{\"@id\":\"https:\\\/\\\/parisrunningtour.com\\\/fr\\\/#organization\"},\"potentialAction\":[{\"@type\":\"SearchAction\",\"target\":{\"@type\":\"EntryPoint\",\"urlTemplate\":\"https:\\\/\\\/parisrunningtour.com\\\/fr\\\/?s={search_term_string}\"},\"query-input\":{\"@type\":\"PropertyValueSpecification\",\"valueRequired\":true,\"valueName\":\"search_term_string\"}}],\"inLanguage\":\"fr-FR\"},{\"@type\":\"Organization\",\"@id\":\"https:\\\/\\\/parisrunningtour.com\\\/fr\\\/#organization\",\"name\":\"Paris Running Tours\",\"url\":\"https:\\\/\\\/parisrunningtour.com\\\/fr\\\/\",\"logo\":{\"@type\":\"ImageObject\",\"inLanguage\":\"fr-FR\",\"@id\":\"https:\\\/\\\/parisrunningtour.com\\\/fr\\\/#\\\/schema\\\/logo\\\/image\\\/\",\"url\":\"https:\\\/\\\/parisrunningtour.com\\\/fr\\\/wp-content\\\/uploads\\\/sites\\\/1\\\/2016\\\/12\\\/cropped-faviconPRT.png\",\"contentUrl\":\"https:\\\/\\\/parisrunningtour.com\\\/fr\\\/wp-content\\\/uploads\\\/sites\\\/1\\\/2016\\\/12\\\/cropped-faviconPRT.png\",\"width\":512,\"height\":512,\"caption\":\"Paris Running Tours\"},\"image\":{\"@id\":\"https:\\\/\\\/parisrunningtour.com\\\/fr\\\/#\\\/schema\\\/logo\\\/image\\\/\"}},{\"@type\":\"Person\",\"@id\":\"https:\\\/\\\/parisrunningtour.com\\\/fr\\\/#\\\/schema\\\/person\\\/75f0dc3c395ae2b4e14e29aff8f6a5af\",\"name\":\"admin\",\"image\":{\"@type\":\"ImageObject\",\"inLanguage\":\"fr-FR\",\"@id\":\"https:\\\/\\\/secure.gravatar.com\\\/avatar\\\/2980d1c79775d028873614111fac5ea2906175b9eba90c2fe773d875d19902e0?s=96&d=mm&r=g\",\"url\":\"https:\\\/\\\/secure.gravatar.com\\\/avatar\\\/2980d1c79775d028873614111fac5ea2906175b9eba90c2fe773d875d19902e0?s=96&d=mm&r=g\",\"contentUrl\":\"https:\\\/\\\/secure.gravatar.com\\\/avatar\\\/2980d1c79775d028873614111fac5ea2906175b9eba90c2fe773d875d19902e0?s=96&d=mm&r=g\",\"caption\":\"admin\"},\"sameAs\":[\"https:\\\/\\\/www.parisrunningtour.com\"],\"url\":\"https:\\\/\\\/parisrunningtour.com\\\/fr\\\/author\\\/admin\\\/\"}]}<\/script>\n<!-- \/ Yoast SEO plugin. -->","yoast_head_json":{"title":"Devant les jardins de l'Elys\u00e9e avec Meredith et John - Paris Running Tours","robots":{"index":"index","follow":"follow","max-snippet":"max-snippet:-1","max-image-preview":"max-image-preview:large","max-video-preview":"max-video-preview:-1"},"canonical":"https:\/\/parisrunningtour.com\/fr\/devant-les-jardins-de-lelysee-avec-meredith-et-john\/","og_locale":"fr_FR","og_type":"article","og_title":"Devant les jardins de l'Elys\u00e9e avec Meredith et John - Paris Running Tours","og_description":"Meredith et John devant les jardins du Palais de l&rsquo;\u00c9lys\u00e9e, r\u00e9sidence du Pr\u00e9sident de la R\u00e9publique. Pour voir l&rsquo;entr\u00e9e principale, de l&rsquo;autre c\u00f4t\u00e9, vous pouvez cliquer ici 9h07 &#8211;\u00a0Meredith et John viennent de la C\u00f4te Est des Etats Unis (Washington, New-York) et sont \u00e0 Paris pour une visite culturelle et tr\u00e8s sportive. Ce lundi 4 mars, nous avons combin\u00e9 balade touristique et \u00ab\u00a0footing de r\u00e9cup\u00e9ration\u00a0\u00bb. En effet, Meredith a couru la veille le semi-marathon de Paris en \u00e9tablissant un nouveau record personnel sur la distance. Bravo Meredith\u00a0! Plus de 30 000 participants au Semi-marathon de Paris 2013 ! Le d\u00e9part. Si vous regardez bien, vous verrez 2 guides\u00a0Paris Running Tour au 1er plan (T-Shirts orange et vert\u00a0Paris Running Tour) C&rsquo;est donc tranquillement que nous avons parcouru Paris et profit\u00e9 d&rsquo;une belle matin\u00e9e, deuxi\u00e8me matin\u00e9e\u00a0ensoleill\u00e9e apr\u00e8s un hiver bien froid et sombre. Meredith et John &#8211; Jardin des Tuileries &#8211; Sur l&rsquo;axe historique : au loin l&rsquo;Ob\u00e9lisque de la place de la Concorde et l&rsquo;Arc de Triomphe de l&rsquo;Etoile au bout des Champs-Elys\u00e9es Sur la photo ci-dessus, on voit bien le pyramidion au sommet de l&rsquo;Ob\u00e9lisque, sa couverture dor\u00e9e \u00e0 l&rsquo;or brille comme au temps de l&rsquo;Egypte antique. Saviez-vous aussi que l&rsquo;Ob\u00e9lisque de la Concorde repr\u00e9sentait le gnomon (l&rsquo;aiguille) d&rsquo;un gigantesque cadran solaire ? Aviez-vous remarqu\u00e9 ces marques au sol ? Un gigantesque cadran solaire (1999) place de la Concorde &#8211; Cliquez sur l&rsquo;image pour l&rsquo;agrandir ! Le calcul de l&rsquo;heure n&rsquo;est pas si simple (dur\u00e9e du jour, etc.) En continuant notre course, nous sommes revenus sur l&rsquo;axe historique, \u00e0 son commencement, au Louvre : Meredith et John &#8211; La pyramide du Louvre C&rsquo;est ainsi que nous avons pu admirer le monument le plus vieux de Paris, l&rsquo;ob\u00e9lisque de la Concorde (13\u00e8 si\u00e8cle avant J.-C.) et l&rsquo;un des plus modernes, la pyramide du Louvre (inaugur\u00e9e en 1989) ! Merci\u00a0Meredith, merci John ! Le circuit du tour : \u00a0","og_url":"https:\/\/parisrunningtour.com\/fr\/devant-les-jardins-de-lelysee-avec-meredith-et-john\/","og_site_name":"Paris Running Tours","article_published_time":"2013-03-04T09:07:00+00:00","article_modified_time":"2017-01-16T14:56:01+00:00","og_image":[{"width":900,"height":900,"url":"https:\/\/parisrunningtour.com\/fr\/wp-content\/uploads\/sites\/1\/2013\/03\/PRT2013-03-04_02_PalaisDeLElyseeElyseePalace.jpg","type":"image\/jpeg"}],"author":"admin","twitter_card":"summary_large_image","twitter_misc":{"\u00c9crit par":"admin","Dur\u00e9e de lecture estim\u00e9e":"2 minutes"},"schema":{"@context":"https:\/\/schema.org","@graph":[{"@type":"Article","@id":"https:\/\/parisrunningtour.com\/fr\/devant-les-jardins-de-lelysee-avec-meredith-et-john\/#article","isPartOf":{"@id":"https:\/\/parisrunningtour.com\/fr\/devant-les-jardins-de-lelysee-avec-meredith-et-john\/"},"author":{"name":"admin","@id":"https:\/\/parisrunningtour.com\/fr\/#\/schema\/person\/75f0dc3c395ae2b4e14e29aff8f6a5af"},"headline":"Devant les jardins de l&rsquo;Elys\u00e9e avec Meredith et John","datePublished":"2013-03-04T09:07:00+00:00","dateModified":"2017-01-16T14:56:01+00:00","mainEntityOfPage":{"@id":"https:\/\/parisrunningtour.com\/fr\/devant-les-jardins-de-lelysee-avec-meredith-et-john\/"},"wordCount":362,"commentCount":0,"publisher":{"@id":"https:\/\/parisrunningtour.com\/fr\/#organization"},"image":{"@id":"https:\/\/parisrunningtour.com\/fr\/devant-les-jardins-de-lelysee-avec-meredith-et-john\/#primaryimage"},"thumbnailUrl":"https:\/\/parisrunningtour.com\/fr\/wp-content\/uploads\/sites\/1\/2013\/03\/PRT2013-03-04_02_PalaisDeLElyseeElyseePalace.jpg","articleSection":["Arc de Triomphe","Champs-Elys\u00e9es","Comp\u00e9tition","Concorde (Place de la)","Elys\u00e9e (Palais de)","Louvre"],"inLanguage":"fr-FR","potentialAction":[{"@type":"CommentAction","name":"Comment","target":["https:\/\/parisrunningtour.com\/fr\/devant-les-jardins-de-lelysee-avec-meredith-et-john\/#respond"]}]},{"@type":"WebPage","@id":"https:\/\/parisrunningtour.com\/fr\/devant-les-jardins-de-lelysee-avec-meredith-et-john\/","url":"https:\/\/parisrunningtour.com\/fr\/devant-les-jardins-de-lelysee-avec-meredith-et-john\/","name":"Devant les jardins de l'Elys\u00e9e avec Meredith et John - Paris Running Tours","isPartOf":{"@id":"https:\/\/parisrunningtour.com\/fr\/#website"},"primaryImageOfPage":{"@id":"https:\/\/parisrunningtour.com\/fr\/devant-les-jardins-de-lelysee-avec-meredith-et-john\/#primaryimage"},"image":{"@id":"https:\/\/parisrunningtour.com\/fr\/devant-les-jardins-de-lelysee-avec-meredith-et-john\/#primaryimage"},"thumbnailUrl":"https:\/\/parisrunningtour.com\/fr\/wp-content\/uploads\/sites\/1\/2013\/03\/PRT2013-03-04_02_PalaisDeLElyseeElyseePalace.jpg","datePublished":"2013-03-04T09:07:00+00:00","dateModified":"2017-01-16T14:56:01+00:00","breadcrumb":{"@id":"https:\/\/parisrunningtour.com\/fr\/devant-les-jardins-de-lelysee-avec-meredith-et-john\/#breadcrumb"},"inLanguage":"fr-FR","potentialAction":[{"@type":"ReadAction","target":["https:\/\/parisrunningtour.com\/fr\/devant-les-jardins-de-lelysee-avec-meredith-et-john\/"]}]},{"@type":"ImageObject","inLanguage":"fr-FR","@id":"https:\/\/parisrunningtour.com\/fr\/devant-les-jardins-de-lelysee-avec-meredith-et-john\/#primaryimage","url":"https:\/\/parisrunningtour.com\/fr\/wp-content\/uploads\/sites\/1\/2013\/03\/PRT2013-03-04_02_PalaisDeLElyseeElyseePalace.jpg","contentUrl":"https:\/\/parisrunningtour.com\/fr\/wp-content\/uploads\/sites\/1\/2013\/03\/PRT2013-03-04_02_PalaisDeLElyseeElyseePalace.jpg","width":900,"height":900},{"@type":"BreadcrumbList","@id":"https:\/\/parisrunningtour.com\/fr\/devant-les-jardins-de-lelysee-avec-meredith-et-john\/#breadcrumb","itemListElement":[{"@type":"ListItem","position":1,"name":"Accueil","item":"https:\/\/parisrunningtour.com\/fr\/"},{"@type":"ListItem","position":2,"name":"Devant les jardins de l&rsquo;Elys\u00e9e avec Meredith et John"}]},{"@type":"WebSite","@id":"https:\/\/parisrunningtour.com\/fr\/#website","url":"https:\/\/parisrunningtour.com\/fr\/","name":"Paris Running Tours","description":"D\u00e9couvrir Paris en courant","publisher":{"@id":"https:\/\/parisrunningtour.com\/fr\/#organization"},"potentialAction":[{"@type":"SearchAction","target":{"@type":"EntryPoint","urlTemplate":"https:\/\/parisrunningtour.com\/fr\/?s={search_term_string}"},"query-input":{"@type":"PropertyValueSpecification","valueRequired":true,"valueName":"search_term_string"}}],"inLanguage":"fr-FR"},{"@type":"Organization","@id":"https:\/\/parisrunningtour.com\/fr\/#organization","name":"Paris Running Tours","url":"https:\/\/parisrunningtour.com\/fr\/","logo":{"@type":"ImageObject","inLanguage":"fr-FR","@id":"https:\/\/parisrunningtour.com\/fr\/#\/schema\/logo\/image\/","url":"https:\/\/parisrunningtour.com\/fr\/wp-content\/uploads\/sites\/1\/2016\/12\/cropped-faviconPRT.png","contentUrl":"https:\/\/parisrunningtour.com\/fr\/wp-content\/uploads\/sites\/1\/2016\/12\/cropped-faviconPRT.png","width":512,"height":512,"caption":"Paris Running Tours"},"image":{"@id":"https:\/\/parisrunningtour.com\/fr\/#\/schema\/logo\/image\/"}},{"@type":"Person","@id":"https:\/\/parisrunningtour.com\/fr\/#\/schema\/person\/75f0dc3c395ae2b4e14e29aff8f6a5af","name":"admin","image":{"@type":"ImageObject","inLanguage":"fr-FR","@id":"https:\/\/secure.gravatar.com\/avatar\/2980d1c79775d028873614111fac5ea2906175b9eba90c2fe773d875d19902e0?s=96&d=mm&r=g","url":"https:\/\/secure.gravatar.com\/avatar\/2980d1c79775d028873614111fac5ea2906175b9eba90c2fe773d875d19902e0?s=96&d=mm&r=g","contentUrl":"https:\/\/secure.gravatar.com\/avatar\/2980d1c79775d028873614111fac5ea2906175b9eba90c2fe773d875d19902e0?s=96&d=mm&r=g","caption":"admin"},"sameAs":["https:\/\/www.parisrunningtour.com"],"url":"https:\/\/parisrunningtour.com\/fr\/author\/admin\/"}]}},"_links":{"self":[{"href":"https:\/\/parisrunningtour.com\/fr\/wp-json\/wp\/v2\/posts\/93","targetHints":{"allow":["GET"]}}],"collection":[{"href":"https:\/\/parisrunningtour.com\/fr\/wp-json\/wp\/v2\/posts"}],"about":[{"href":"https:\/\/parisrunningtour.com\/fr\/wp-json\/wp\/v2\/types\/post"}],"author":[{"embeddable":true,"href":"https:\/\/parisrunningtour.com\/fr\/wp-json\/wp\/v2\/users\/1"}],"replies":[{"embeddable":true,"href":"https:\/\/parisrunningtour.com\/fr\/wp-json\/wp\/v2\/comments?post=93"}],"version-history":[{"count":1,"href":"https:\/\/parisrunningtour.com\/fr\/wp-json\/wp\/v2\/posts\/93\/revisions"}],"predecessor-version":[{"id":1314,"href":"https:\/\/parisrunningtour.com\/fr\/wp-json\/wp\/v2\/posts\/93\/revisions\/1314"}],"wp:featuredmedia":[{"embeddable":true,"href":"https:\/\/parisrunningtour.com\/fr\/wp-json\/wp\/v2\/media\/1313"}],"wp:attachment":[{"href":"https:\/\/parisrunningtour.com\/fr\/wp-json\/wp\/v2\/media?parent=93"}],"wp:term":[{"taxonomy":"category","embeddable":true,"href":"https:\/\/parisrunningtour.com\/fr\/wp-json\/wp\/v2\/categories?post=93"},{"taxonomy":"post_tag","embeddable":true,"href":"https:\/\/parisrunningtour.com\/fr\/wp-json\/wp\/v2\/tags?post=93"}],"curies":[{"name":"wp","href":"https:\/\/api.w.org\/{rel}","templated":true}]}}