{"id":87,"date":"2013-04-01T08:59:00","date_gmt":"2013-04-01T06:59:00","guid":{"rendered":"http:\/\/runningtour.paris\/blog\/2013\/04\/01\/balade-historique-artistique-scientifique-et-sportive-a-paris-avec-isabel\/"},"modified":"2017-01-16T15:49:37","modified_gmt":"2017-01-16T14:49:37","slug":"balade-historique-artistique-scientifique-et-sportive-a-paris-avec-isabel","status":"publish","type":"post","link":"https:\/\/parisrunningtour.com\/fr\/balade-historique-artistique-scientifique-et-sportive-a-paris-avec-isabel\/","title":{"rendered":"Balade historique, artistique, scientifique et sportive \u00e0 Paris avec Isabel"},"content":{"rendered":"<table style=\"float: left; margin-right: 1em; text-align: left;\" cellspacing=\"0\" cellpadding=\"0\">\n<tbody>\n<tr>\n<td style=\"text-align: center;\"><a style=\"clear: left; margin-bottom: 1em; margin-left: auto; margin-right: auto;\" href=\"http:\/\/2.bp.blogspot.com\/-dehuqxBSBS0\/UWRcvomufaI\/AAAAAAAABWE\/B1e0_J2g_T8\/s1600\/2013-04-01_14_Invalides.jpg\" target=\"_blank\"><img fetchpriority=\"high\" decoding=\"async\" title=\"Cliquer sur l'image pour l'agrandir\" src=\"http:\/\/2.bp.blogspot.com\/-dehuqxBSBS0\/UWRcvomufaI\/AAAAAAAABWE\/B1e0_J2g_T8\/s640\/2013-04-01_14_Invalides.jpg\" alt=\"\" width=\"640\" height=\"404\" border=\"0\" \/><\/a><\/td>\n<\/tr>\n<tr>\n<td style=\"text-align: center;\"><span style=\"font-family: Trebuchet MS, sans-serif;\">Isabel &#8211; Les Invalides<\/span><\/td>\n<\/tr>\n<\/tbody>\n<\/table>\n<p><span style=\"font-family: 'Trebuchet MS', sans-serif;\"><b>8h59 &#8211;<\/b>\u00a0Isabel, de Baltimore (USA), est une jeune coureuse tr\u00e8s assidue, elle court 6 jours par semaine. En visite \u00e0 Paris, pourquoi ne pas d\u00e9couvrir la ville en courant ?<\/span><br \/>\n<span style=\"font-family: Trebuchet MS, sans-serif;\">Nous sommes donc partis pour 17 kilom\u00e8tres \u00e0 un bon rythme pour une balade que l&rsquo;on peut qualifier d&rsquo;historique, d&rsquo;artistique, de scientifique et bien s\u00fbr de sportive.<\/span><br \/>\n<span style=\"font-family: Trebuchet MS, sans-serif;\"><br \/>\n<\/span><span style=\"font-family: Trebuchet MS, sans-serif;\"><b>Historique <\/b>:\u00a0<\/span><br \/>\n<span style=\"font-family: Trebuchet MS, sans-serif;\">Chaque endroit de Paris a \u00e9t\u00e9 un t\u00e9moin de l&rsquo;Histoire, que ce soit le petit coin de rue, le petit jardin ou bien s\u00fbr les lieux ou b\u00e2timents les plus connus, par exemple, les Invalides. Les Invalides rappellent la volont\u00e9 du roi Louis XIV de regrouper les invalides de guerre dans un lieu d\u00e9di\u00e9, <a href=\"http:\/\/www.musee-armee.fr\/lhotel-des-invalides.html\" target=\"_blank\">l&rsquo;H\u00f4tel des Invalides<\/a>. On peut voir le splendide b\u00e2timent \u00e0 l&rsquo;arri\u00e8re plan de la photo ci-dessus. Le d\u00f4me est recouvert de 12 kilogrammes d&rsquo;or d\u00e9pos\u00e9 en fines couches. A l&rsquo;int\u00e9rieur, tr\u00f4ne la tombe o\u00f9 reposent les cendres de Napol\u00e9on.<\/span><br \/>\n<span style=\"font-family: Trebuchet MS, sans-serif;\"><br \/>\n<\/span><span style=\"font-family: Trebuchet MS, sans-serif;\">Un peu plus t\u00f4t, nous avons travers\u00e9 les <a href=\"http:\/\/www.parisinfo.com\/sites-culturels\/4\/arenes-de-lutece\" target=\"_blank\">Ar\u00e8nes de Lut\u00e8ce<\/a>\u00a0(voir la photo ci-dessous). Au temps de l&rsquo;Empire Romain, plus de 15000 spectateurs y virent combattre les gladiateurs et surgir les fauves. Ils pouvaient aussi applaudirent des repr\u00e9sentations\u00a0th\u00e9\u00e2trales. Les Ar\u00e8nes, red\u00e9couvertes au 19\u00e8me si\u00e8cle ont maintenant des dimensions plus modestes, mais on peut toujours y voir des jeux, plus calmes certes, comme le football ou la p\u00e9tanque. Lut\u00e8ce \u00e9tait l&rsquo;ancien nom de Paris \u00e0 cette \u00e9poque.<\/span><\/p>\n<table style=\"margin-right: 1em; text-align: left;\" cellspacing=\"0\" cellpadding=\"0\">\n<tbody>\n<tr>\n<td style=\"text-align: center;\"><a style=\"clear: left; margin-bottom: 1em; margin-left: auto; margin-right: auto;\" href=\"http:\/\/1.bp.blogspot.com\/-SN7F170uClc\/UWVyrdp2QVI\/AAAAAAAABWU\/ZcchVkpvTpU\/s1600\/2013-04-01_02_ArenesDeLutece.jpg\" target=\"_blank\"><img decoding=\"async\" title=\"Cliquer sur l'image pour l'agrandir\" src=\"http:\/\/1.bp.blogspot.com\/-SN7F170uClc\/UWVyrdp2QVI\/AAAAAAAABWU\/ZcchVkpvTpU\/s640\/2013-04-01_02_ArenesDeLutece.jpg\" alt=\"\" width=\"640\" height=\"360\" border=\"0\" \/><\/a><\/td>\n<\/tr>\n<tr>\n<td style=\"text-align: center;\"><span style=\"font-family: Trebuchet MS, sans-serif;\">Isabel &#8211; Les Ar\u00e8nes de Lut\u00e8ce<\/span><\/td>\n<\/tr>\n<\/tbody>\n<\/table>\n<p><span style=\"font-family: Trebuchet MS, sans-serif;\"><br \/>\n<\/span><span style=\"font-family: Trebuchet MS, sans-serif;\"><b>Scientifique :<\/b><\/span><br \/>\n<span style=\"font-family: Trebuchet MS, sans-serif;\">S&rsquo;il est un jardin consacr\u00e9 aux sciences, c&rsquo;est bien le Jardin des Plantes :<\/span><\/p>\n<table style=\"margin-right: 1em; text-align: left;\" cellspacing=\"0\" cellpadding=\"0\">\n<tbody>\n<tr>\n<td style=\"text-align: center;\"><a style=\"clear: left; margin-bottom: 1em; margin-left: auto; margin-right: auto;\" title=\"Cliquer sur l'image pour l'agrandir\" href=\"http:\/\/3.bp.blogspot.com\/-Z8WXa9ltaqA\/UWV00mVLD3I\/AAAAAAAABWk\/0DaLzYdfhWc\/s1600\/2013-04-01_03_MuseumHistoireNaturelle.jpg\" target=\"_blank\"><img decoding=\"async\" src=\"http:\/\/3.bp.blogspot.com\/-Z8WXa9ltaqA\/UWV00mVLD3I\/AAAAAAAABWk\/0DaLzYdfhWc\/s640\/2013-04-01_03_MuseumHistoireNaturelle.jpg\" width=\"640\" height=\"414\" border=\"0\" \/><\/a><\/td>\n<\/tr>\n<tr>\n<td style=\"text-align: center;\"><span style=\"font-family: Trebuchet MS, sans-serif;\">Isabel &#8211; Jardin des Plantes \/ Mus\u00e9um d&rsquo;Histoire Naturelle &#8211; En arri\u00e8re-plan, la Grande Galerie de l&rsquo;Evolution<\/span><\/td>\n<\/tr>\n<\/tbody>\n<\/table>\n<p><span style=\"font-family: 'Trebuchet MS', sans-serif;\">Le jardin des plantes est en premier lieu un jardin botanique. C&rsquo;est un superbe parc qui contient \u00e0 la fois des Serres tr\u00e8s grandes et des jardins sp\u00e9cialis\u00e9s, par exemple, le jardin Alpin.<\/span><br \/>\n<span style=\"font-family: 'Trebuchet MS', sans-serif;\">Les b\u00e2timents contiennent diff\u00e9rentes galeries d\u00e9di\u00e9es, entre autres, \u00e0 la min\u00e9ralogie et \u00e0 la g\u00e9ologie, \u00e0 l&rsquo;\u00e9volution, et \u00e0 la pal\u00e9ontologie. On voit la galerie de la pal\u00e9ontologie sur la photo ci-dessous (apercevez, derri\u00e8re les fen\u00eatres, le grand squelette d&rsquo;une baleine) :<\/span><\/p>\n<table style=\"margin-right: 1em; text-align: left;\" cellspacing=\"0\" cellpadding=\"0\">\n<tbody>\n<tr>\n<td style=\"text-align: center;\"><a style=\"clear: left; margin-bottom: 1em; margin-left: auto; margin-right: auto;\" href=\"http:\/\/3.bp.blogspot.com\/-exfnTqefkaY\/UWV3004kfOI\/AAAAAAAABWw\/eGWVfjWzUhU\/s1600\/2013-04-01_04_MuseumHistoireNaturelle.jpg\" target=\"_blank\"><img loading=\"lazy\" decoding=\"async\" title=\"Cliquer sur l'image pour l'agrandir\" src=\"http:\/\/3.bp.blogspot.com\/-exfnTqefkaY\/UWV3004kfOI\/AAAAAAAABWw\/eGWVfjWzUhU\/s640\/2013-04-01_04_MuseumHistoireNaturelle.jpg\" alt=\"\" width=\"640\" height=\"478\" border=\"0\" \/><\/a><\/td>\n<\/tr>\n<tr>\n<td style=\"text-align: center;\"><span style=\"font-family: Trebuchet MS, sans-serif;\">Isabel &#8211; Galerie de Pal\u00e9ontologie<\/span><\/td>\n<\/tr>\n<\/tbody>\n<\/table>\n<p><span style=\"font-family: 'Trebuchet MS', sans-serif;\">Le jardin des plantes contient aussi une m\u00e9nagerie, l&rsquo;une des premi\u00e8res m\u00e9nageries du monde.<\/span><br \/>\n<span style=\"font-family: 'Trebuchet MS', sans-serif;\">M\u00eame si ces mammif\u00e8res n&rsquo;existent plus, nous avons pu croiser un\u00a0mammouth\u00a0sur notre chemin !<\/span><br \/>\n<span style=\"font-family: 'Trebuchet MS', sans-serif;\"><br \/>\n<\/span><\/p>\n<table style=\"margin-right: 1em; text-align: left;\" cellspacing=\"0\" cellpadding=\"0\">\n<tbody>\n<tr>\n<td style=\"text-align: center;\"><a style=\"clear: left; margin-bottom: 1em; margin-left: auto; margin-right: auto;\" href=\"http:\/\/4.bp.blogspot.com\/-Brm5cp_hp5Q\/UWV4-8PZJxI\/AAAAAAAABW8\/deHxjL9OV78\/s1600\/2013-04-01_05_MuseumHistoireNaturelle.jpg\" target=\"_blank\"><img loading=\"lazy\" decoding=\"async\" title=\"Cliquer sur l'image pour l'agrandir\" src=\"http:\/\/4.bp.blogspot.com\/-Brm5cp_hp5Q\/UWV4-8PZJxI\/AAAAAAAABW8\/deHxjL9OV78\/s640\/2013-04-01_05_MuseumHistoireNaturelle.jpg\" alt=\"\" width=\"640\" height=\"574\" border=\"0\" \/><\/a><\/td>\n<\/tr>\n<tr>\n<td style=\"text-align: center;\"><span style=\"font-family: Trebuchet MS, sans-serif;\">Le Mammouth du Jardin des Plantes &#8211; A ses c\u00f4t\u00e9s, Isabel<\/span><\/td>\n<\/tr>\n<\/tbody>\n<\/table>\n<p><span style=\"font-family: 'Trebuchet MS', sans-serif;\"><b>Artistique :<\/b><\/span><br \/>\n<span style=\"font-family: 'Trebuchet MS', sans-serif;\">Paris est une ville d&rsquo;Art qui compte au moins 130 mus\u00e9es. Parmi eux, le Mus\u00e9e d&rsquo;Art Moderne :<\/span><br \/>\n<span style=\"font-family: 'Trebuchet MS', sans-serif;\"><br \/>\n<\/span><\/p>\n<table style=\"margin-left: auto; margin-right: auto; text-align: center;\" cellspacing=\"0\" cellpadding=\"0\" align=\"center\">\n<tbody>\n<tr>\n<td style=\"text-align: center;\"><a style=\"margin-left: auto; margin-right: auto;\" href=\"http:\/\/1.bp.blogspot.com\/-42RWbe8DQHo\/UWV6BD_XQUI\/AAAAAAAABXI\/v9bYUdNS_EU\/s1600\/2013-04-01_10_MuseeDArtModerne.jpg\" target=\"_blank\"><img loading=\"lazy\" decoding=\"async\" title=\"Cliquer sur l'image pour l'agrandir\" src=\"http:\/\/1.bp.blogspot.com\/-42RWbe8DQHo\/UWV6BD_XQUI\/AAAAAAAABXI\/v9bYUdNS_EU\/s640\/2013-04-01_10_MuseeDArtModerne.jpg\" alt=\"\" width=\"464\" height=\"640\" border=\"0\" \/><\/a><\/td>\n<\/tr>\n<tr>\n<td style=\"text-align: center;\"><span style=\"font-family: Trebuchet MS, sans-serif;\">Isabel &#8211; Mus\u00e9e d&rsquo;Art Moderne<\/span><\/td>\n<\/tr>\n<\/tbody>\n<\/table>\n<p><span style=\"font-family: 'Trebuchet MS', sans-serif;\">Le Mus\u00e9e d&rsquo;Art Moderne pr\u00e9sente de nombreuses oeuvres du 20\u00e8me si\u00e8cle, certaines du d\u00e9but de ce si\u00e8cle sont fameuses (Picasso, Matisse, Braque, Modigliani, &#8230;)<\/span><br \/>\n<span style=\"font-family: 'Trebuchet MS', sans-serif;\"><br \/>\n<\/span><span style=\"font-family: 'Trebuchet MS', sans-serif;\">Enfin, m\u00eame si elle fut rejet\u00e9e par un grand nombre d&rsquo;artiste lors de sa cr\u00e9ation, la Tour Eiffel n&rsquo;est-elle pas une gigantesque oeuvre d&rsquo;Art ?<\/span><\/p>\n<table style=\"margin-left: auto; margin-right: auto; text-align: center;\" cellspacing=\"0\" cellpadding=\"0\" align=\"center\">\n<tbody>\n<tr>\n<td style=\"text-align: center;\"><a style=\"margin-left: auto; margin-right: auto;\" href=\"http:\/\/2.bp.blogspot.com\/-3-2cmPPR5Ms\/UWV7cp6PGyI\/AAAAAAAABXU\/2AO5CCcJIX8\/s1600\/2013-04-01_12_TourEiffel.jpg\" target=\"_blank\"><img loading=\"lazy\" decoding=\"async\" title=\"Cliquer sur l'image pour l'agrandir\" src=\"http:\/\/2.bp.blogspot.com\/-3-2cmPPR5Ms\/UWV7cp6PGyI\/AAAAAAAABXU\/2AO5CCcJIX8\/s640\/2013-04-01_12_TourEiffel.jpg\" alt=\"\" width=\"480\" height=\"640\" border=\"0\" \/><\/a><\/td>\n<\/tr>\n<tr>\n<td style=\"text-align: center;\"><span style=\"font-family: Trebuchet MS, sans-serif;\">Isabel &#8211; La tour Eiffel vue du Palais de Chaillot<\/span><\/td>\n<\/tr>\n<\/tbody>\n<\/table>\n<p><span style=\"font-family: 'Trebuchet MS', sans-serif;\">Merci\u00a0Isabel !<\/span><br \/>\n<span style=\"font-family: 'Trebuchet MS', sans-serif;\"><br \/>\n<\/span><b style=\"font-family: 'Trebuchet MS', sans-serif;\">Le circuit du tour :<\/b><\/p>\n<div style=\"clear: both; text-align: center;\"><\/div>\n<div style=\"clear: both; text-align: center;\"><\/div>\n<div style=\"clear: both; text-align: center;\"><\/div>\n<div style=\"clear: both; text-align: center;\"><a style=\"clear: left; float: left; margin-bottom: 1em; margin-right: 1em;\" href=\"http:\/\/1.bp.blogspot.com\/-iq8lhjFiMII\/UWV0FtHk1ZI\/AAAAAAAABWc\/b-PGPDR4HYo\/s1600\/Paris+Running+Tour+-+Running+01-04-2013.jpg\" target=\"_blank\"><img loading=\"lazy\" decoding=\"async\" title=\"Cliquer sur l'image pour l'agrandir\" src=\"http:\/\/1.bp.blogspot.com\/-iq8lhjFiMII\/UWV0FtHk1ZI\/AAAAAAAABWc\/b-PGPDR4HYo\/s640\/Paris+Running+Tour+-+Running+01-04-2013.jpg\" alt=\"\" width=\"640\" height=\"302\" border=\"0\" \/><\/a><\/div>\n<p><b style=\"font-family: 'Trebuchet MS', sans-serif;\">\u00a0<\/b><\/p>\n","protected":false},"excerpt":{"rendered":"<p>Isabel &#8211; Les Invalides 8h59 &#8211;\u00a0Isabel, de Baltimore (USA), est une jeune coureuse tr\u00e8s assidue, elle court 6 jours par semaine. En visite \u00e0 Paris, pourquoi ne pas d\u00e9couvrir la ville en courant ? Nous sommes donc partis pour 17 kilom\u00e8tres \u00e0 un bon rythme pour une balade que l&rsquo;on peut qualifier d&rsquo;historique, d&rsquo;artistique, de scientifique et bien s\u00fbr de sportive. Historique :\u00a0 Chaque endroit de Paris a \u00e9t\u00e9 un t\u00e9moin de l&rsquo;Histoire, que ce soit le petit coin de rue, le petit jardin ou bien s\u00fbr les lieux ou b\u00e2timents les plus connus, par exemple, les Invalides. Les Invalides rappellent la volont\u00e9 du roi Louis XIV de regrouper les invalides de guerre dans un lieu d\u00e9di\u00e9, l&rsquo;H\u00f4tel des Invalides. On peut voir le splendide b\u00e2timent \u00e0 l&rsquo;arri\u00e8re plan de la photo ci-dessus. Le d\u00f4me est recouvert de 12 kilogrammes d&rsquo;or d\u00e9pos\u00e9 en fines couches. A l&rsquo;int\u00e9rieur, tr\u00f4ne la tombe o\u00f9 reposent les cendres de Napol\u00e9on. Un peu plus t\u00f4t, nous avons travers\u00e9 les Ar\u00e8nes de Lut\u00e8ce\u00a0(voir la photo ci-dessous). Au temps de l&rsquo;Empire Romain, plus de 15000 spectateurs y virent combattre les gladiateurs et surgir les fauves. Ils pouvaient aussi applaudirent des repr\u00e9sentations\u00a0th\u00e9\u00e2trales. Les Ar\u00e8nes, red\u00e9couvertes au 19\u00e8me si\u00e8cle ont maintenant des dimensions plus modestes, mais on peut toujours y voir des jeux, plus calmes certes, comme le football ou la p\u00e9tanque. Lut\u00e8ce \u00e9tait l&rsquo;ancien nom de Paris \u00e0 cette \u00e9poque. Isabel &#8211; Les Ar\u00e8nes de Lut\u00e8ce Scientifique : S&rsquo;il est un jardin consacr\u00e9 aux sciences, c&rsquo;est bien le Jardin des Plantes : Isabel &#8211; Jardin des Plantes \/ Mus\u00e9um d&rsquo;Histoire Naturelle &#8211; En arri\u00e8re-plan, la Grande Galerie de l&rsquo;Evolution Le jardin des plantes est en premier lieu un jardin botanique. C&rsquo;est un superbe parc qui contient \u00e0 la fois des Serres tr\u00e8s grandes et des jardins sp\u00e9cialis\u00e9s, par exemple, le jardin Alpin. Les b\u00e2timents contiennent diff\u00e9rentes galeries d\u00e9di\u00e9es, entre autres, \u00e0 la min\u00e9ralogie et \u00e0 la g\u00e9ologie, \u00e0 l&rsquo;\u00e9volution, et \u00e0 la pal\u00e9ontologie. On voit la galerie de la pal\u00e9ontologie sur la photo ci-dessous (apercevez, derri\u00e8re les fen\u00eatres, le grand squelette d&rsquo;une baleine) : Isabel &#8211; Galerie de Pal\u00e9ontologie Le jardin des plantes contient aussi une m\u00e9nagerie, l&rsquo;une des premi\u00e8res m\u00e9nageries du monde. M\u00eame si ces mammif\u00e8res n&rsquo;existent plus, nous avons pu croiser un\u00a0mammouth\u00a0sur notre chemin ! Le Mammouth du Jardin des Plantes &#8211; A ses c\u00f4t\u00e9s, Isabel Artistique : Paris est une ville d&rsquo;Art qui compte au moins 130 mus\u00e9es. Parmi eux, le Mus\u00e9e d&rsquo;Art Moderne : Isabel &#8211; Mus\u00e9e d&rsquo;Art Moderne Le Mus\u00e9e d&rsquo;Art Moderne pr\u00e9sente de nombreuses oeuvres du 20\u00e8me si\u00e8cle, certaines du d\u00e9but de ce si\u00e8cle sont fameuses (Picasso, Matisse, Braque, Modigliani, &#8230;) Enfin, m\u00eame si elle fut rejet\u00e9e par un grand nombre d&rsquo;artiste lors de sa cr\u00e9ation, la Tour Eiffel n&rsquo;est-elle pas une gigantesque oeuvre d&rsquo;Art ? Isabel &#8211; La tour Eiffel vue du Palais de Chaillot Merci\u00a0Isabel ! Le circuit du tour : \u00a0<\/p>\n","protected":false},"author":1,"featured_media":1301,"comment_status":"open","ping_status":"open","sticky":false,"template":"","format":"standard","meta":{"footnotes":""},"categories":[20,28,4,10],"tags":[],"class_list":["post-87","post","type-post","status-publish","format-standard","has-post-thumbnail","hentry","category-arenes-de-lutece","category-invalides","category-jardin-des-plantes","category-tour-eiffel"],"yoast_head":"<!-- This site is optimized with the Yoast SEO plugin v27.5 - https:\/\/yoast.com\/product\/yoast-seo-wordpress\/ -->\n<title>Balade historique, artistique, scientifique et sportive \u00e0 Paris avec Isabel - Paris Running Tours<\/title>\n<meta name=\"robots\" content=\"index, follow, max-snippet:-1, max-image-preview:large, max-video-preview:-1\" \/>\n<link rel=\"canonical\" href=\"https:\/\/parisrunningtour.com\/fr\/balade-historique-artistique-scientifique-et-sportive-a-paris-avec-isabel\/\" \/>\n<meta property=\"og:locale\" content=\"fr_FR\" \/>\n<meta property=\"og:type\" content=\"article\" \/>\n<meta property=\"og:title\" content=\"Balade historique, artistique, scientifique et sportive \u00e0 Paris avec Isabel - Paris Running Tours\" \/>\n<meta property=\"og:description\" content=\"Isabel &#8211; Les Invalides 8h59 &#8211;\u00a0Isabel, de Baltimore (USA), est une jeune coureuse tr\u00e8s assidue, elle court 6 jours par semaine. En visite \u00e0 Paris, pourquoi ne pas d\u00e9couvrir la ville en courant ? Nous sommes donc partis pour 17 kilom\u00e8tres \u00e0 un bon rythme pour une balade que l&rsquo;on peut qualifier d&rsquo;historique, d&rsquo;artistique, de scientifique et bien s\u00fbr de sportive. Historique :\u00a0 Chaque endroit de Paris a \u00e9t\u00e9 un t\u00e9moin de l&rsquo;Histoire, que ce soit le petit coin de rue, le petit jardin ou bien s\u00fbr les lieux ou b\u00e2timents les plus connus, par exemple, les Invalides. Les Invalides rappellent la volont\u00e9 du roi Louis XIV de regrouper les invalides de guerre dans un lieu d\u00e9di\u00e9, l&rsquo;H\u00f4tel des Invalides. On peut voir le splendide b\u00e2timent \u00e0 l&rsquo;arri\u00e8re plan de la photo ci-dessus. Le d\u00f4me est recouvert de 12 kilogrammes d&rsquo;or d\u00e9pos\u00e9 en fines couches. A l&rsquo;int\u00e9rieur, tr\u00f4ne la tombe o\u00f9 reposent les cendres de Napol\u00e9on. Un peu plus t\u00f4t, nous avons travers\u00e9 les Ar\u00e8nes de Lut\u00e8ce\u00a0(voir la photo ci-dessous). Au temps de l&rsquo;Empire Romain, plus de 15000 spectateurs y virent combattre les gladiateurs et surgir les fauves. Ils pouvaient aussi applaudirent des repr\u00e9sentations\u00a0th\u00e9\u00e2trales. Les Ar\u00e8nes, red\u00e9couvertes au 19\u00e8me si\u00e8cle ont maintenant des dimensions plus modestes, mais on peut toujours y voir des jeux, plus calmes certes, comme le football ou la p\u00e9tanque. Lut\u00e8ce \u00e9tait l&rsquo;ancien nom de Paris \u00e0 cette \u00e9poque. Isabel &#8211; Les Ar\u00e8nes de Lut\u00e8ce Scientifique : S&rsquo;il est un jardin consacr\u00e9 aux sciences, c&rsquo;est bien le Jardin des Plantes : Isabel &#8211; Jardin des Plantes \/ Mus\u00e9um d&rsquo;Histoire Naturelle &#8211; En arri\u00e8re-plan, la Grande Galerie de l&rsquo;Evolution Le jardin des plantes est en premier lieu un jardin botanique. C&rsquo;est un superbe parc qui contient \u00e0 la fois des Serres tr\u00e8s grandes et des jardins sp\u00e9cialis\u00e9s, par exemple, le jardin Alpin. Les b\u00e2timents contiennent diff\u00e9rentes galeries d\u00e9di\u00e9es, entre autres, \u00e0 la min\u00e9ralogie et \u00e0 la g\u00e9ologie, \u00e0 l&rsquo;\u00e9volution, et \u00e0 la pal\u00e9ontologie. On voit la galerie de la pal\u00e9ontologie sur la photo ci-dessous (apercevez, derri\u00e8re les fen\u00eatres, le grand squelette d&rsquo;une baleine) : Isabel &#8211; Galerie de Pal\u00e9ontologie Le jardin des plantes contient aussi une m\u00e9nagerie, l&rsquo;une des premi\u00e8res m\u00e9nageries du monde. M\u00eame si ces mammif\u00e8res n&rsquo;existent plus, nous avons pu croiser un\u00a0mammouth\u00a0sur notre chemin ! Le Mammouth du Jardin des Plantes &#8211; A ses c\u00f4t\u00e9s, Isabel Artistique : Paris est une ville d&rsquo;Art qui compte au moins 130 mus\u00e9es. Parmi eux, le Mus\u00e9e d&rsquo;Art Moderne : Isabel &#8211; Mus\u00e9e d&rsquo;Art Moderne Le Mus\u00e9e d&rsquo;Art Moderne pr\u00e9sente de nombreuses oeuvres du 20\u00e8me si\u00e8cle, certaines du d\u00e9but de ce si\u00e8cle sont fameuses (Picasso, Matisse, Braque, Modigliani, &#8230;) Enfin, m\u00eame si elle fut rejet\u00e9e par un grand nombre d&rsquo;artiste lors de sa cr\u00e9ation, la Tour Eiffel n&rsquo;est-elle pas une gigantesque oeuvre d&rsquo;Art ? Isabel &#8211; La tour Eiffel vue du Palais de Chaillot Merci\u00a0Isabel ! Le circuit du tour : \u00a0\" \/>\n<meta property=\"og:url\" content=\"https:\/\/parisrunningtour.com\/fr\/balade-historique-artistique-scientifique-et-sportive-a-paris-avec-isabel\/\" \/>\n<meta property=\"og:site_name\" content=\"Paris Running Tours\" \/>\n<meta property=\"article:published_time\" content=\"2013-04-01T06:59:00+00:00\" \/>\n<meta property=\"article:modified_time\" content=\"2017-01-16T14:49:37+00:00\" \/>\n<meta property=\"og:image\" content=\"https:\/\/parisrunningtour.com\/fr\/wp-content\/uploads\/sites\/1\/2013\/04\/PRT2013-04-01_14_Invalides.jpg\" \/>\n\t<meta property=\"og:image:width\" content=\"900\" \/>\n\t<meta property=\"og:image:height\" content=\"900\" \/>\n\t<meta property=\"og:image:type\" content=\"image\/jpeg\" \/>\n<meta name=\"author\" content=\"admin\" \/>\n<meta name=\"twitter:card\" content=\"summary_large_image\" \/>\n<meta name=\"twitter:label1\" content=\"\u00c9crit par\" \/>\n\t<meta name=\"twitter:data1\" content=\"admin\" \/>\n\t<meta name=\"twitter:label2\" content=\"Dur\u00e9e de lecture estim\u00e9e\" \/>\n\t<meta name=\"twitter:data2\" content=\"3 minutes\" \/>\n<script type=\"application\/ld+json\" class=\"yoast-schema-graph\">{\"@context\":\"https:\\\/\\\/schema.org\",\"@graph\":[{\"@type\":\"Article\",\"@id\":\"https:\\\/\\\/parisrunningtour.com\\\/fr\\\/balade-historique-artistique-scientifique-et-sportive-a-paris-avec-isabel\\\/#article\",\"isPartOf\":{\"@id\":\"https:\\\/\\\/parisrunningtour.com\\\/fr\\\/balade-historique-artistique-scientifique-et-sportive-a-paris-avec-isabel\\\/\"},\"author\":{\"name\":\"admin\",\"@id\":\"https:\\\/\\\/parisrunningtour.com\\\/fr\\\/#\\\/schema\\\/person\\\/75f0dc3c395ae2b4e14e29aff8f6a5af\"},\"headline\":\"Balade historique, artistique, scientifique et sportive \u00e0 Paris avec Isabel\",\"datePublished\":\"2013-04-01T06:59:00+00:00\",\"dateModified\":\"2017-01-16T14:49:37+00:00\",\"mainEntityOfPage\":{\"@id\":\"https:\\\/\\\/parisrunningtour.com\\\/fr\\\/balade-historique-artistique-scientifique-et-sportive-a-paris-avec-isabel\\\/\"},\"wordCount\":557,\"commentCount\":0,\"publisher\":{\"@id\":\"https:\\\/\\\/parisrunningtour.com\\\/fr\\\/#organization\"},\"image\":{\"@id\":\"https:\\\/\\\/parisrunningtour.com\\\/fr\\\/balade-historique-artistique-scientifique-et-sportive-a-paris-avec-isabel\\\/#primaryimage\"},\"thumbnailUrl\":\"https:\\\/\\\/parisrunningtour.com\\\/fr\\\/wp-content\\\/uploads\\\/sites\\\/1\\\/2013\\\/04\\\/PRT2013-04-01_14_Invalides.jpg\",\"articleSection\":[\"Ar\u00e8nes de Lut\u00e8ce\",\"Invalides\",\"Jardin des Plantes\",\"Tour Eiffel\"],\"inLanguage\":\"fr-FR\",\"potentialAction\":[{\"@type\":\"CommentAction\",\"name\":\"Comment\",\"target\":[\"https:\\\/\\\/parisrunningtour.com\\\/fr\\\/balade-historique-artistique-scientifique-et-sportive-a-paris-avec-isabel\\\/#respond\"]}]},{\"@type\":\"WebPage\",\"@id\":\"https:\\\/\\\/parisrunningtour.com\\\/fr\\\/balade-historique-artistique-scientifique-et-sportive-a-paris-avec-isabel\\\/\",\"url\":\"https:\\\/\\\/parisrunningtour.com\\\/fr\\\/balade-historique-artistique-scientifique-et-sportive-a-paris-avec-isabel\\\/\",\"name\":\"Balade historique, artistique, scientifique et sportive \u00e0 Paris avec Isabel - Paris Running Tours\",\"isPartOf\":{\"@id\":\"https:\\\/\\\/parisrunningtour.com\\\/fr\\\/#website\"},\"primaryImageOfPage\":{\"@id\":\"https:\\\/\\\/parisrunningtour.com\\\/fr\\\/balade-historique-artistique-scientifique-et-sportive-a-paris-avec-isabel\\\/#primaryimage\"},\"image\":{\"@id\":\"https:\\\/\\\/parisrunningtour.com\\\/fr\\\/balade-historique-artistique-scientifique-et-sportive-a-paris-avec-isabel\\\/#primaryimage\"},\"thumbnailUrl\":\"https:\\\/\\\/parisrunningtour.com\\\/fr\\\/wp-content\\\/uploads\\\/sites\\\/1\\\/2013\\\/04\\\/PRT2013-04-01_14_Invalides.jpg\",\"datePublished\":\"2013-04-01T06:59:00+00:00\",\"dateModified\":\"2017-01-16T14:49:37+00:00\",\"breadcrumb\":{\"@id\":\"https:\\\/\\\/parisrunningtour.com\\\/fr\\\/balade-historique-artistique-scientifique-et-sportive-a-paris-avec-isabel\\\/#breadcrumb\"},\"inLanguage\":\"fr-FR\",\"potentialAction\":[{\"@type\":\"ReadAction\",\"target\":[\"https:\\\/\\\/parisrunningtour.com\\\/fr\\\/balade-historique-artistique-scientifique-et-sportive-a-paris-avec-isabel\\\/\"]}]},{\"@type\":\"ImageObject\",\"inLanguage\":\"fr-FR\",\"@id\":\"https:\\\/\\\/parisrunningtour.com\\\/fr\\\/balade-historique-artistique-scientifique-et-sportive-a-paris-avec-isabel\\\/#primaryimage\",\"url\":\"https:\\\/\\\/parisrunningtour.com\\\/fr\\\/wp-content\\\/uploads\\\/sites\\\/1\\\/2013\\\/04\\\/PRT2013-04-01_14_Invalides.jpg\",\"contentUrl\":\"https:\\\/\\\/parisrunningtour.com\\\/fr\\\/wp-content\\\/uploads\\\/sites\\\/1\\\/2013\\\/04\\\/PRT2013-04-01_14_Invalides.jpg\",\"width\":900,\"height\":900},{\"@type\":\"BreadcrumbList\",\"@id\":\"https:\\\/\\\/parisrunningtour.com\\\/fr\\\/balade-historique-artistique-scientifique-et-sportive-a-paris-avec-isabel\\\/#breadcrumb\",\"itemListElement\":[{\"@type\":\"ListItem\",\"position\":1,\"name\":\"Accueil\",\"item\":\"https:\\\/\\\/parisrunningtour.com\\\/fr\\\/\"},{\"@type\":\"ListItem\",\"position\":2,\"name\":\"Balade historique, artistique, scientifique et sportive \u00e0 Paris avec Isabel\"}]},{\"@type\":\"WebSite\",\"@id\":\"https:\\\/\\\/parisrunningtour.com\\\/fr\\\/#website\",\"url\":\"https:\\\/\\\/parisrunningtour.com\\\/fr\\\/\",\"name\":\"Paris Running Tours\",\"description\":\"D\u00e9couvrir Paris en courant\",\"publisher\":{\"@id\":\"https:\\\/\\\/parisrunningtour.com\\\/fr\\\/#organization\"},\"potentialAction\":[{\"@type\":\"SearchAction\",\"target\":{\"@type\":\"EntryPoint\",\"urlTemplate\":\"https:\\\/\\\/parisrunningtour.com\\\/fr\\\/?s={search_term_string}\"},\"query-input\":{\"@type\":\"PropertyValueSpecification\",\"valueRequired\":true,\"valueName\":\"search_term_string\"}}],\"inLanguage\":\"fr-FR\"},{\"@type\":\"Organization\",\"@id\":\"https:\\\/\\\/parisrunningtour.com\\\/fr\\\/#organization\",\"name\":\"Paris Running Tours\",\"url\":\"https:\\\/\\\/parisrunningtour.com\\\/fr\\\/\",\"logo\":{\"@type\":\"ImageObject\",\"inLanguage\":\"fr-FR\",\"@id\":\"https:\\\/\\\/parisrunningtour.com\\\/fr\\\/#\\\/schema\\\/logo\\\/image\\\/\",\"url\":\"https:\\\/\\\/parisrunningtour.com\\\/fr\\\/wp-content\\\/uploads\\\/sites\\\/1\\\/2016\\\/12\\\/cropped-faviconPRT.png\",\"contentUrl\":\"https:\\\/\\\/parisrunningtour.com\\\/fr\\\/wp-content\\\/uploads\\\/sites\\\/1\\\/2016\\\/12\\\/cropped-faviconPRT.png\",\"width\":512,\"height\":512,\"caption\":\"Paris Running Tours\"},\"image\":{\"@id\":\"https:\\\/\\\/parisrunningtour.com\\\/fr\\\/#\\\/schema\\\/logo\\\/image\\\/\"}},{\"@type\":\"Person\",\"@id\":\"https:\\\/\\\/parisrunningtour.com\\\/fr\\\/#\\\/schema\\\/person\\\/75f0dc3c395ae2b4e14e29aff8f6a5af\",\"name\":\"admin\",\"image\":{\"@type\":\"ImageObject\",\"inLanguage\":\"fr-FR\",\"@id\":\"https:\\\/\\\/secure.gravatar.com\\\/avatar\\\/2980d1c79775d028873614111fac5ea2906175b9eba90c2fe773d875d19902e0?s=96&d=mm&r=g\",\"url\":\"https:\\\/\\\/secure.gravatar.com\\\/avatar\\\/2980d1c79775d028873614111fac5ea2906175b9eba90c2fe773d875d19902e0?s=96&d=mm&r=g\",\"contentUrl\":\"https:\\\/\\\/secure.gravatar.com\\\/avatar\\\/2980d1c79775d028873614111fac5ea2906175b9eba90c2fe773d875d19902e0?s=96&d=mm&r=g\",\"caption\":\"admin\"},\"sameAs\":[\"https:\\\/\\\/www.parisrunningtour.com\"],\"url\":\"https:\\\/\\\/parisrunningtour.com\\\/fr\\\/author\\\/admin\\\/\"}]}<\/script>\n<!-- \/ Yoast SEO plugin. -->","yoast_head_json":{"title":"Balade historique, artistique, scientifique et sportive \u00e0 Paris avec Isabel - Paris Running Tours","robots":{"index":"index","follow":"follow","max-snippet":"max-snippet:-1","max-image-preview":"max-image-preview:large","max-video-preview":"max-video-preview:-1"},"canonical":"https:\/\/parisrunningtour.com\/fr\/balade-historique-artistique-scientifique-et-sportive-a-paris-avec-isabel\/","og_locale":"fr_FR","og_type":"article","og_title":"Balade historique, artistique, scientifique et sportive \u00e0 Paris avec Isabel - Paris Running Tours","og_description":"Isabel &#8211; Les Invalides 8h59 &#8211;\u00a0Isabel, de Baltimore (USA), est une jeune coureuse tr\u00e8s assidue, elle court 6 jours par semaine. En visite \u00e0 Paris, pourquoi ne pas d\u00e9couvrir la ville en courant ? Nous sommes donc partis pour 17 kilom\u00e8tres \u00e0 un bon rythme pour une balade que l&rsquo;on peut qualifier d&rsquo;historique, d&rsquo;artistique, de scientifique et bien s\u00fbr de sportive. Historique :\u00a0 Chaque endroit de Paris a \u00e9t\u00e9 un t\u00e9moin de l&rsquo;Histoire, que ce soit le petit coin de rue, le petit jardin ou bien s\u00fbr les lieux ou b\u00e2timents les plus connus, par exemple, les Invalides. Les Invalides rappellent la volont\u00e9 du roi Louis XIV de regrouper les invalides de guerre dans un lieu d\u00e9di\u00e9, l&rsquo;H\u00f4tel des Invalides. On peut voir le splendide b\u00e2timent \u00e0 l&rsquo;arri\u00e8re plan de la photo ci-dessus. Le d\u00f4me est recouvert de 12 kilogrammes d&rsquo;or d\u00e9pos\u00e9 en fines couches. A l&rsquo;int\u00e9rieur, tr\u00f4ne la tombe o\u00f9 reposent les cendres de Napol\u00e9on. Un peu plus t\u00f4t, nous avons travers\u00e9 les Ar\u00e8nes de Lut\u00e8ce\u00a0(voir la photo ci-dessous). Au temps de l&rsquo;Empire Romain, plus de 15000 spectateurs y virent combattre les gladiateurs et surgir les fauves. Ils pouvaient aussi applaudirent des repr\u00e9sentations\u00a0th\u00e9\u00e2trales. Les Ar\u00e8nes, red\u00e9couvertes au 19\u00e8me si\u00e8cle ont maintenant des dimensions plus modestes, mais on peut toujours y voir des jeux, plus calmes certes, comme le football ou la p\u00e9tanque. Lut\u00e8ce \u00e9tait l&rsquo;ancien nom de Paris \u00e0 cette \u00e9poque. Isabel &#8211; Les Ar\u00e8nes de Lut\u00e8ce Scientifique : S&rsquo;il est un jardin consacr\u00e9 aux sciences, c&rsquo;est bien le Jardin des Plantes : Isabel &#8211; Jardin des Plantes \/ Mus\u00e9um d&rsquo;Histoire Naturelle &#8211; En arri\u00e8re-plan, la Grande Galerie de l&rsquo;Evolution Le jardin des plantes est en premier lieu un jardin botanique. C&rsquo;est un superbe parc qui contient \u00e0 la fois des Serres tr\u00e8s grandes et des jardins sp\u00e9cialis\u00e9s, par exemple, le jardin Alpin. Les b\u00e2timents contiennent diff\u00e9rentes galeries d\u00e9di\u00e9es, entre autres, \u00e0 la min\u00e9ralogie et \u00e0 la g\u00e9ologie, \u00e0 l&rsquo;\u00e9volution, et \u00e0 la pal\u00e9ontologie. On voit la galerie de la pal\u00e9ontologie sur la photo ci-dessous (apercevez, derri\u00e8re les fen\u00eatres, le grand squelette d&rsquo;une baleine) : Isabel &#8211; Galerie de Pal\u00e9ontologie Le jardin des plantes contient aussi une m\u00e9nagerie, l&rsquo;une des premi\u00e8res m\u00e9nageries du monde. M\u00eame si ces mammif\u00e8res n&rsquo;existent plus, nous avons pu croiser un\u00a0mammouth\u00a0sur notre chemin ! Le Mammouth du Jardin des Plantes &#8211; A ses c\u00f4t\u00e9s, Isabel Artistique : Paris est une ville d&rsquo;Art qui compte au moins 130 mus\u00e9es. Parmi eux, le Mus\u00e9e d&rsquo;Art Moderne : Isabel &#8211; Mus\u00e9e d&rsquo;Art Moderne Le Mus\u00e9e d&rsquo;Art Moderne pr\u00e9sente de nombreuses oeuvres du 20\u00e8me si\u00e8cle, certaines du d\u00e9but de ce si\u00e8cle sont fameuses (Picasso, Matisse, Braque, Modigliani, &#8230;) Enfin, m\u00eame si elle fut rejet\u00e9e par un grand nombre d&rsquo;artiste lors de sa cr\u00e9ation, la Tour Eiffel n&rsquo;est-elle pas une gigantesque oeuvre d&rsquo;Art ? Isabel &#8211; La tour Eiffel vue du Palais de Chaillot Merci\u00a0Isabel ! Le circuit du tour : \u00a0","og_url":"https:\/\/parisrunningtour.com\/fr\/balade-historique-artistique-scientifique-et-sportive-a-paris-avec-isabel\/","og_site_name":"Paris Running Tours","article_published_time":"2013-04-01T06:59:00+00:00","article_modified_time":"2017-01-16T14:49:37+00:00","og_image":[{"width":900,"height":900,"url":"https:\/\/parisrunningtour.com\/fr\/wp-content\/uploads\/sites\/1\/2013\/04\/PRT2013-04-01_14_Invalides.jpg","type":"image\/jpeg"}],"author":"admin","twitter_card":"summary_large_image","twitter_misc":{"\u00c9crit par":"admin","Dur\u00e9e de lecture estim\u00e9e":"3 minutes"},"schema":{"@context":"https:\/\/schema.org","@graph":[{"@type":"Article","@id":"https:\/\/parisrunningtour.com\/fr\/balade-historique-artistique-scientifique-et-sportive-a-paris-avec-isabel\/#article","isPartOf":{"@id":"https:\/\/parisrunningtour.com\/fr\/balade-historique-artistique-scientifique-et-sportive-a-paris-avec-isabel\/"},"author":{"name":"admin","@id":"https:\/\/parisrunningtour.com\/fr\/#\/schema\/person\/75f0dc3c395ae2b4e14e29aff8f6a5af"},"headline":"Balade historique, artistique, scientifique et sportive \u00e0 Paris avec Isabel","datePublished":"2013-04-01T06:59:00+00:00","dateModified":"2017-01-16T14:49:37+00:00","mainEntityOfPage":{"@id":"https:\/\/parisrunningtour.com\/fr\/balade-historique-artistique-scientifique-et-sportive-a-paris-avec-isabel\/"},"wordCount":557,"commentCount":0,"publisher":{"@id":"https:\/\/parisrunningtour.com\/fr\/#organization"},"image":{"@id":"https:\/\/parisrunningtour.com\/fr\/balade-historique-artistique-scientifique-et-sportive-a-paris-avec-isabel\/#primaryimage"},"thumbnailUrl":"https:\/\/parisrunningtour.com\/fr\/wp-content\/uploads\/sites\/1\/2013\/04\/PRT2013-04-01_14_Invalides.jpg","articleSection":["Ar\u00e8nes de Lut\u00e8ce","Invalides","Jardin des Plantes","Tour Eiffel"],"inLanguage":"fr-FR","potentialAction":[{"@type":"CommentAction","name":"Comment","target":["https:\/\/parisrunningtour.com\/fr\/balade-historique-artistique-scientifique-et-sportive-a-paris-avec-isabel\/#respond"]}]},{"@type":"WebPage","@id":"https:\/\/parisrunningtour.com\/fr\/balade-historique-artistique-scientifique-et-sportive-a-paris-avec-isabel\/","url":"https:\/\/parisrunningtour.com\/fr\/balade-historique-artistique-scientifique-et-sportive-a-paris-avec-isabel\/","name":"Balade historique, artistique, scientifique et sportive \u00e0 Paris avec Isabel - Paris Running Tours","isPartOf":{"@id":"https:\/\/parisrunningtour.com\/fr\/#website"},"primaryImageOfPage":{"@id":"https:\/\/parisrunningtour.com\/fr\/balade-historique-artistique-scientifique-et-sportive-a-paris-avec-isabel\/#primaryimage"},"image":{"@id":"https:\/\/parisrunningtour.com\/fr\/balade-historique-artistique-scientifique-et-sportive-a-paris-avec-isabel\/#primaryimage"},"thumbnailUrl":"https:\/\/parisrunningtour.com\/fr\/wp-content\/uploads\/sites\/1\/2013\/04\/PRT2013-04-01_14_Invalides.jpg","datePublished":"2013-04-01T06:59:00+00:00","dateModified":"2017-01-16T14:49:37+00:00","breadcrumb":{"@id":"https:\/\/parisrunningtour.com\/fr\/balade-historique-artistique-scientifique-et-sportive-a-paris-avec-isabel\/#breadcrumb"},"inLanguage":"fr-FR","potentialAction":[{"@type":"ReadAction","target":["https:\/\/parisrunningtour.com\/fr\/balade-historique-artistique-scientifique-et-sportive-a-paris-avec-isabel\/"]}]},{"@type":"ImageObject","inLanguage":"fr-FR","@id":"https:\/\/parisrunningtour.com\/fr\/balade-historique-artistique-scientifique-et-sportive-a-paris-avec-isabel\/#primaryimage","url":"https:\/\/parisrunningtour.com\/fr\/wp-content\/uploads\/sites\/1\/2013\/04\/PRT2013-04-01_14_Invalides.jpg","contentUrl":"https:\/\/parisrunningtour.com\/fr\/wp-content\/uploads\/sites\/1\/2013\/04\/PRT2013-04-01_14_Invalides.jpg","width":900,"height":900},{"@type":"BreadcrumbList","@id":"https:\/\/parisrunningtour.com\/fr\/balade-historique-artistique-scientifique-et-sportive-a-paris-avec-isabel\/#breadcrumb","itemListElement":[{"@type":"ListItem","position":1,"name":"Accueil","item":"https:\/\/parisrunningtour.com\/fr\/"},{"@type":"ListItem","position":2,"name":"Balade historique, artistique, scientifique et sportive \u00e0 Paris avec Isabel"}]},{"@type":"WebSite","@id":"https:\/\/parisrunningtour.com\/fr\/#website","url":"https:\/\/parisrunningtour.com\/fr\/","name":"Paris Running Tours","description":"D\u00e9couvrir Paris en courant","publisher":{"@id":"https:\/\/parisrunningtour.com\/fr\/#organization"},"potentialAction":[{"@type":"SearchAction","target":{"@type":"EntryPoint","urlTemplate":"https:\/\/parisrunningtour.com\/fr\/?s={search_term_string}"},"query-input":{"@type":"PropertyValueSpecification","valueRequired":true,"valueName":"search_term_string"}}],"inLanguage":"fr-FR"},{"@type":"Organization","@id":"https:\/\/parisrunningtour.com\/fr\/#organization","name":"Paris Running Tours","url":"https:\/\/parisrunningtour.com\/fr\/","logo":{"@type":"ImageObject","inLanguage":"fr-FR","@id":"https:\/\/parisrunningtour.com\/fr\/#\/schema\/logo\/image\/","url":"https:\/\/parisrunningtour.com\/fr\/wp-content\/uploads\/sites\/1\/2016\/12\/cropped-faviconPRT.png","contentUrl":"https:\/\/parisrunningtour.com\/fr\/wp-content\/uploads\/sites\/1\/2016\/12\/cropped-faviconPRT.png","width":512,"height":512,"caption":"Paris Running Tours"},"image":{"@id":"https:\/\/parisrunningtour.com\/fr\/#\/schema\/logo\/image\/"}},{"@type":"Person","@id":"https:\/\/parisrunningtour.com\/fr\/#\/schema\/person\/75f0dc3c395ae2b4e14e29aff8f6a5af","name":"admin","image":{"@type":"ImageObject","inLanguage":"fr-FR","@id":"https:\/\/secure.gravatar.com\/avatar\/2980d1c79775d028873614111fac5ea2906175b9eba90c2fe773d875d19902e0?s=96&d=mm&r=g","url":"https:\/\/secure.gravatar.com\/avatar\/2980d1c79775d028873614111fac5ea2906175b9eba90c2fe773d875d19902e0?s=96&d=mm&r=g","contentUrl":"https:\/\/secure.gravatar.com\/avatar\/2980d1c79775d028873614111fac5ea2906175b9eba90c2fe773d875d19902e0?s=96&d=mm&r=g","caption":"admin"},"sameAs":["https:\/\/www.parisrunningtour.com"],"url":"https:\/\/parisrunningtour.com\/fr\/author\/admin\/"}]}},"_links":{"self":[{"href":"https:\/\/parisrunningtour.com\/fr\/wp-json\/wp\/v2\/posts\/87","targetHints":{"allow":["GET"]}}],"collection":[{"href":"https:\/\/parisrunningtour.com\/fr\/wp-json\/wp\/v2\/posts"}],"about":[{"href":"https:\/\/parisrunningtour.com\/fr\/wp-json\/wp\/v2\/types\/post"}],"author":[{"embeddable":true,"href":"https:\/\/parisrunningtour.com\/fr\/wp-json\/wp\/v2\/users\/1"}],"replies":[{"embeddable":true,"href":"https:\/\/parisrunningtour.com\/fr\/wp-json\/wp\/v2\/comments?post=87"}],"version-history":[{"count":1,"href":"https:\/\/parisrunningtour.com\/fr\/wp-json\/wp\/v2\/posts\/87\/revisions"}],"predecessor-version":[{"id":1302,"href":"https:\/\/parisrunningtour.com\/fr\/wp-json\/wp\/v2\/posts\/87\/revisions\/1302"}],"wp:featuredmedia":[{"embeddable":true,"href":"https:\/\/parisrunningtour.com\/fr\/wp-json\/wp\/v2\/media\/1301"}],"wp:attachment":[{"href":"https:\/\/parisrunningtour.com\/fr\/wp-json\/wp\/v2\/media?parent=87"}],"wp:term":[{"taxonomy":"category","embeddable":true,"href":"https:\/\/parisrunningtour.com\/fr\/wp-json\/wp\/v2\/categories?post=87"},{"taxonomy":"post_tag","embeddable":true,"href":"https:\/\/parisrunningtour.com\/fr\/wp-json\/wp\/v2\/tags?post=87"}],"curies":[{"name":"wp","href":"https:\/\/api.w.org\/{rel}","templated":true}]}}