{"id":85,"date":"2013-04-27T07:34:00","date_gmt":"2013-04-27T05:34:00","guid":{"rendered":"http:\/\/runningtour.paris\/blog\/2013\/04\/27\/avec-sharon-devant-les-canons-des-invalides-a-paris\/"},"modified":"2017-01-16T15:37:37","modified_gmt":"2017-01-16T14:37:37","slug":"avec-sharon-devant-les-canons-des-invalides-a-paris","status":"publish","type":"post","link":"https:\/\/parisrunningtour.com\/fr\/avec-sharon-devant-les-canons-des-invalides-a-paris\/","title":{"rendered":"Avec Sharon, devant les canons des Invalides \u00e0 Paris"},"content":{"rendered":"<div style=\"text-align: left;\"><\/div>\n<table style=\"margin-left: auto; margin-right: auto; text-align: center;\" cellspacing=\"0\" cellpadding=\"0\" align=\"center\">\n<tbody>\n<tr>\n<td style=\"text-align: center;\"><a style=\"margin-left: auto; margin-right: auto;\" href=\"http:\/\/4.bp.blogspot.com\/-adY0g-NnFds\/UYEq3taFPpI\/AAAAAAAABYE\/FZghTsC0brA\/s1600\/2013-04-27_10_Invalides.jpg\" target=\"_blank\"><img fetchpriority=\"high\" decoding=\"async\" title=\"Cliquer sur l'image pour l'agrandir\" src=\"http:\/\/4.bp.blogspot.com\/-adY0g-NnFds\/UYEq3taFPpI\/AAAAAAAABYE\/FZghTsC0brA\/s640\/2013-04-27_10_Invalides.jpg\" alt=\"\" width=\"640\" height=\"326\" border=\"0\" \/><\/a><\/td>\n<\/tr>\n<tr>\n<td style=\"text-align: center;\"><span style=\"font-family: Trebuchet MS, sans-serif;\">Sharon &#8211; Esplanade des Invalides<\/span><\/td>\n<\/tr>\n<\/tbody>\n<\/table>\n<p><span style=\"font-family: 'Trebuchet MS', sans-serif;\"><b>7h34 &#8211;<\/b>\u00a0Avec Sharon, qui vit \u00a0\u00e0 Bangkok (Tha\u00eflande), nous avons parcouru une bonne distance en courant, plus de 16 km pour visiter Paris. Cela nous a permis de d\u00e9couvrir de nombreux endroits \u00e9tonnants et int\u00e9ressants, notamment pour leur histoire.\u00a0<\/span><br \/>\n<span style=\"font-family: 'Trebuchet MS', sans-serif;\"><br \/>\n<\/span><span style=\"font-family: 'Trebuchet MS', sans-serif;\">Comme on peut le voir sur la photo ci-dessus, nous avons couru autour des Invalides, le c\u00e9l\u00e8bre H\u00f4tel des Invalides, cr\u00e9\u00e9 par Louis XIV pour loger les invalides militaires de ses arm\u00e9es.<\/span><br \/>\n<span style=\"font-family: 'Trebuchet MS', sans-serif;\">Une batterie de canons est rang\u00e9e\u00a0<\/span><span style=\"font-family: 'Trebuchet MS', sans-serif;\">face de l&rsquo;Esplanade des Invalides. Ce n&rsquo;\u00e9tait pas \u00e0 l&rsquo;origine des canons fran\u00e7ais mais des canons ennemis r\u00e9cup\u00e9r\u00e9s, appartenant principalement aux Autrichiens et aux Turcs.<\/span><br \/>\n<span style=\"font-family: 'Trebuchet MS', sans-serif;\">Ces canons tirent encore, par exemple \u00e0 chaque changement de Pr\u00e9sident de la R\u00e9publique.<\/span><br \/>\n<span style=\"font-family: 'Trebuchet MS', sans-serif;\"><br \/>\n<\/span><span style=\"font-family: 'Trebuchet MS', sans-serif;\">Proche des Invalides, sur notre route, le mus\u00e9e Rodin. Le mus\u00e9e Rodin est au coeur d&rsquo;un beau jardin qui expose des statues du sculpteur.<\/span><br \/>\n<span style=\"font-family: 'Trebuchet MS', sans-serif;\">Lors d&rsquo;une petite pause pendant de notre course, depuis la rue, nous avons pu admirer un des exemplaires d&rsquo;une oeuvre bien connue de Rodin, \u00ab\u00a0Les Bourgeois de Calais :<\/span><\/p>\n<table style=\"margin-left: auto; margin-right: auto; text-align: center;\" cellspacing=\"0\" cellpadding=\"0\" align=\"center\">\n<tbody>\n<tr>\n<td style=\"text-align: center;\"><a style=\"margin-left: auto; margin-right: auto;\" href=\"http:\/\/2.bp.blogspot.com\/-bAdnhmK7PZg\/UYEw91Is90I\/AAAAAAAABYU\/IsR4eieeFms\/s1600\/2013-04-27_09_MuseeRodinFromRueDeVarennes.jpg\" target=\"_blank\"><img decoding=\"async\" title=\"Cliquer sur l'image pour l'agrandir\" src=\"http:\/\/2.bp.blogspot.com\/-bAdnhmK7PZg\/UYEw91Is90I\/AAAAAAAABYU\/IsR4eieeFms\/s640\/2013-04-27_09_MuseeRodinFromRueDeVarennes.jpg\" alt=\"\" width=\"640\" height=\"378\" border=\"0\" \/><\/a><\/td>\n<\/tr>\n<tr>\n<td style=\"text-align: center;\"><span style=\"font-family: Trebuchet MS, sans-serif;\">Sharon &#8211; Mus\u00e9e Rodin &#8211; Les Bourgeois de Calais &#8211; Au fond, le mus\u00e9e<\/span><\/td>\n<\/tr>\n<\/tbody>\n<\/table>\n<p><span style=\"font-family: Trebuchet MS, sans-serif;\">L&rsquo;oeuvre \u00ab\u00a0Les Bourgeois de Calais\u00a0\u00bb retrace un \u00e9pisode fameux de la guerre de Cent ans.\u00a0<\/span><br \/>\n<span style=\"font-family: Trebuchet MS, sans-serif;\">En 1347, pour terminer le terrible si\u00e8ge de la ville de Calais et sauver ses habitants, six bourgeois, la corde au cou, se livr\u00e8rent en sacrifice au roi anglais Edouard III. Son \u00e9pouse Philippa de Hainaut\u00a0interc\u00e9da\u00a0pour les sauver de l&rsquo;ex\u00e9cution. C&rsquo;est du moins ce que raconte la Chronique de l&rsquo;\u00e9poque&#8230;<\/span><br \/>\n<span style=\"font-family: Trebuchet MS, sans-serif;\"><br \/>\n<\/span><span style=\"font-family: Trebuchet MS, sans-serif;\">A la sortie du mus\u00e9e, les visiteurs, sans doute atteints par la fibre artistique, ont l&rsquo;habitude de d\u00e9corer les poteaux situ\u00e9s autour du mus\u00e9e\u00a0<\/span><span style=\"font-family: 'Trebuchet MS', sans-serif;\">avec leurs tickets<\/span><span style=\"font-family: 'Trebuchet MS', sans-serif;\">\u00a0:<\/span><\/p>\n<div style=\"clear: both; text-align: center;\"><a style=\"margin-left: 1em; margin-right: 1em;\" href=\"http:\/\/1.bp.blogspot.com\/-PK4XHEhCSEU\/UYE2qUAUweI\/AAAAAAAABZA\/_riIxotliPE\/s1600\/PoteauMuseeRodin.jpg\" target=\"_blank\"><img decoding=\"async\" title=\"Cliquer sur l'image pour l'agrandir\" src=\"http:\/\/1.bp.blogspot.com\/-PK4XHEhCSEU\/UYE2qUAUweI\/AAAAAAAABZA\/_riIxotliPE\/s640\/PoteauMuseeRodin.jpg\" alt=\"\" width=\"480\" height=\"640\" border=\"0\" \/><\/a><\/div>\n<p><span style=\"font-family: Trebuchet MS, sans-serif;\"><br \/>\n<\/span><span style=\"font-family: 'Trebuchet MS', sans-serif;\">Sur notre route, pr\u00e8s du Petit Palais, nous avons crois\u00e9 Winston Churchill :<\/span><\/p>\n<table style=\"margin-left: auto; margin-right: auto; text-align: center;\" cellspacing=\"0\" cellpadding=\"0\" align=\"center\">\n<tbody>\n<tr>\n<td style=\"text-align: center;\"><a style=\"margin-left: auto; margin-right: auto;\" href=\"http:\/\/2.bp.blogspot.com\/-h-gwKBpEk1w\/UYE1hJVWWDI\/AAAAAAAABYw\/8EqoD8lVIf0\/s1600\/2013-04-27_01_WinstonChurchillNerPetitPalais.jpg\" target=\"_blank\"><img loading=\"lazy\" decoding=\"async\" title=\"Cliquer sur l'image pour l'agrandir\" src=\"http:\/\/2.bp.blogspot.com\/-h-gwKBpEk1w\/UYE1hJVWWDI\/AAAAAAAABYw\/8EqoD8lVIf0\/s640\/2013-04-27_01_WinstonChurchillNerPetitPalais.jpg\" alt=\"\" width=\"550\" height=\"640\" border=\"0\" \/><\/a><\/td>\n<\/tr>\n<tr>\n<td style=\"text-align: center;\"><span style=\"font-family: Trebuchet MS, sans-serif;\">Sharon &#8211; Statue de Winston Churchill<\/span><\/td>\n<\/tr>\n<\/tbody>\n<\/table>\n<p><span style=\"font-family: 'Trebuchet MS', sans-serif;\">Plus tard, nous avons rencontr\u00e9 la Chapelle expiatoire, endroit calme et peu connu de Paris :<\/span><\/p>\n<table style=\"margin-left: auto; margin-right: auto; text-align: center;\" cellspacing=\"0\" cellpadding=\"0\" align=\"center\">\n<tbody>\n<tr>\n<td style=\"text-align: center;\"><a style=\"margin-left: auto; margin-right: auto;\" href=\"http:\/\/4.bp.blogspot.com\/-LP2wBWMtI3E\/UYE3r2l7GmI\/AAAAAAAABZM\/WbSEOz902z4\/s1600\/2013-04-27_16_ExpiatoryChapel.jpg\" target=\"_blank\"><img loading=\"lazy\" decoding=\"async\" title=\"Cliquer sur l'image pour l'agrandir\" src=\"http:\/\/4.bp.blogspot.com\/-LP2wBWMtI3E\/UYE3r2l7GmI\/AAAAAAAABZM\/WbSEOz902z4\/s640\/2013-04-27_16_ExpiatoryChapel.jpg\" alt=\"\" width=\"640\" height=\"480\" border=\"0\" \/><\/a><\/td>\n<\/tr>\n<tr>\n<td style=\"text-align: center;\"><span style=\"font-family: Trebuchet MS, sans-serif;\">Sharon &#8211; La Chapelle expiatoire<\/span><\/td>\n<\/tr>\n<\/tbody>\n<\/table>\n<table style=\"margin-left: auto; margin-right: auto; text-align: center;\" cellspacing=\"0\" cellpadding=\"0\" align=\"center\">\n<tbody>\n<tr>\n<td style=\"text-align: center;\"><a style=\"margin-left: auto; margin-right: auto;\" href=\"http:\/\/3.bp.blogspot.com\/-Klu96-Ui4oQ\/UYE4ZdvUi-I\/AAAAAAAABZU\/YGTsaLVKVQM\/s1600\/ChapelExpiatoireVueDuCiel.bmp\" target=\"_blank\"><img loading=\"lazy\" decoding=\"async\" title=\"Cliquer sur l'image pour l'agrandir\" src=\"http:\/\/3.bp.blogspot.com\/-Klu96-Ui4oQ\/UYE4ZdvUi-I\/AAAAAAAABZU\/YGTsaLVKVQM\/s640\/ChapelExpiatoireVueDuCiel.bmp\" alt=\"\" width=\"640\" height=\"366\" border=\"0\" \/><\/a><\/td>\n<\/tr>\n<tr>\n<td style=\"text-align: center;\"><span style=\"font-family: Trebuchet MS, sans-serif;\">La Chapelle expiatoire au sein du Square Louis XVI &#8211; <i>Cliquer sur l&rsquo;image pour l&rsquo;agrandir<\/i><\/span><\/td>\n<\/tr>\n<\/tbody>\n<\/table>\n<p><span style=\"font-family: 'Trebuchet MS', sans-serif;\">La <\/span><a style=\"font-family: 'Trebuchet MS', sans-serif;\" href=\"http:\/\/chapelle-expiatoire.monuments-nationaux.fr\/\" target=\"_blank\">Chapelle Expiatoire<\/a><span style=\"font-family: 'Trebuchet MS', sans-serif;\"> est un monument consacr\u00e9 \u00e0 Louis XVI et \u00e0 Marie-Antoinette. Louis XVIII fit construire le b\u00e2timent \u00e0 l&rsquo;endroit\u00a0<\/span><span style=\"font-family: Trebuchet MS, sans-serif;\">o\u00f9 furent inhum\u00e9s le roi et la reine en 1793, apr\u00e8s avoir \u00e9t\u00e9 guillotin\u00e9s.<\/span><\/p>\n<p><span style=\"font-family: 'Trebuchet MS', sans-serif;\">Avenue du Pr\u00e9sident Wilson, en ce samedi, c&rsquo;est un march\u00e9 parisien typique qui nous a offert les couleurs de ses fruits :<\/span><\/p>\n<div style=\"clear: both; text-align: center;\"><a style=\"clear: left; float: left; margin-bottom: 1em; margin-right: 1em;\" href=\"http:\/\/2.bp.blogspot.com\/-Y2aLENz75f0\/UYE19kYiy0I\/AAAAAAAABY4\/7KYXwPJnPl0\/s1600\/2013-04-27_04_MarketAvPdtWilson.jpg\" target=\"_blank\"><img loading=\"lazy\" decoding=\"async\" title=\"Cliquer sur l'image pour l'agrandir\" src=\"http:\/\/2.bp.blogspot.com\/-Y2aLENz75f0\/UYE19kYiy0I\/AAAAAAAABY4\/7KYXwPJnPl0\/s640\/2013-04-27_04_MarketAvPdtWilson.jpg\" alt=\"\" width=\"640\" height=\"494\" border=\"0\" \/><\/a><\/div>\n<p><span style=\"font-family: 'Trebuchet MS', sans-serif;\">Merci\u00a0Sharon !<\/span><br \/>\n<span style=\"font-family: 'Trebuchet MS', sans-serif;\"><br \/>\n<\/span><b style=\"font-family: 'Trebuchet MS', sans-serif;\">Le circuit du tour :<\/b><\/p>\n<div style=\"clear: both; text-align: center;\"><a style=\"clear: left; float: left; margin-bottom: 1em; margin-right: 1em;\" href=\"http:\/\/2.bp.blogspot.com\/-8hKeFXGXT2U\/UYEx8B5h0aI\/AAAAAAAABYg\/v9rrDG99P8U\/s1600\/BlogRouteSharon.bmp\" target=\"_blank\"><img loading=\"lazy\" decoding=\"async\" title=\"Cliquer sur l'image pour l'agrandir\" src=\"http:\/\/2.bp.blogspot.com\/-8hKeFXGXT2U\/UYEx8B5h0aI\/AAAAAAAABYg\/v9rrDG99P8U\/s640\/BlogRouteSharon.bmp\" alt=\"\" width=\"640\" height=\"374\" border=\"0\" \/><\/a><\/div>\n","protected":false},"excerpt":{"rendered":"<p>Sharon &#8211; Esplanade des Invalides 7h34 &#8211;\u00a0Avec Sharon, qui vit \u00a0\u00e0 Bangkok (Tha\u00eflande), nous avons parcouru une bonne distance en courant, plus de 16 km pour visiter Paris. Cela nous a permis de d\u00e9couvrir de nombreux endroits \u00e9tonnants et int\u00e9ressants, notamment pour leur histoire.\u00a0 Comme on peut le voir sur la photo ci-dessus, nous avons couru autour des Invalides, le c\u00e9l\u00e8bre H\u00f4tel des Invalides, cr\u00e9\u00e9 par Louis XIV pour loger les invalides militaires de ses arm\u00e9es. Une batterie de canons est rang\u00e9e\u00a0face de l&rsquo;Esplanade des Invalides. Ce n&rsquo;\u00e9tait pas \u00e0 l&rsquo;origine des canons fran\u00e7ais mais des canons ennemis r\u00e9cup\u00e9r\u00e9s, appartenant principalement aux Autrichiens et aux Turcs. Ces canons tirent encore, par exemple \u00e0 chaque changement de Pr\u00e9sident de la R\u00e9publique. Proche des Invalides, sur notre route, le mus\u00e9e Rodin. Le mus\u00e9e Rodin est au coeur d&rsquo;un beau jardin qui expose des statues du sculpteur. Lors d&rsquo;une petite pause pendant de notre course, depuis la rue, nous avons pu admirer un des exemplaires d&rsquo;une oeuvre bien connue de Rodin, \u00ab\u00a0Les Bourgeois de Calais : Sharon &#8211; Mus\u00e9e Rodin &#8211; Les Bourgeois de Calais &#8211; Au fond, le mus\u00e9e L&rsquo;oeuvre \u00ab\u00a0Les Bourgeois de Calais\u00a0\u00bb retrace un \u00e9pisode fameux de la guerre de Cent ans.\u00a0 En 1347, pour terminer le terrible si\u00e8ge de la ville de Calais et sauver ses habitants, six bourgeois, la corde au cou, se livr\u00e8rent en sacrifice au roi anglais Edouard III. Son \u00e9pouse Philippa de Hainaut\u00a0interc\u00e9da\u00a0pour les sauver de l&rsquo;ex\u00e9cution. C&rsquo;est du moins ce que raconte la Chronique de l&rsquo;\u00e9poque&#8230; A la sortie du mus\u00e9e, les visiteurs, sans doute atteints par la fibre artistique, ont l&rsquo;habitude de d\u00e9corer les poteaux situ\u00e9s autour du mus\u00e9e\u00a0avec leurs tickets\u00a0: Sur notre route, pr\u00e8s du Petit Palais, nous avons crois\u00e9 Winston Churchill : Sharon &#8211; Statue de Winston Churchill Plus tard, nous avons rencontr\u00e9 la Chapelle expiatoire, endroit calme et peu connu de Paris : Sharon &#8211; La Chapelle expiatoire La Chapelle expiatoire au sein du Square Louis XVI &#8211; Cliquer sur l&rsquo;image pour l&rsquo;agrandir La Chapelle Expiatoire est un monument consacr\u00e9 \u00e0 Louis XVI et \u00e0 Marie-Antoinette. Louis XVIII fit construire le b\u00e2timent \u00e0 l&rsquo;endroit\u00a0o\u00f9 furent inhum\u00e9s le roi et la reine en 1793, apr\u00e8s avoir \u00e9t\u00e9 guillotin\u00e9s. Avenue du Pr\u00e9sident Wilson, en ce samedi, c&rsquo;est un march\u00e9 parisien typique qui nous a offert les couleurs de ses fruits : Merci\u00a0Sharon ! Le circuit du tour :<\/p>\n","protected":false},"author":1,"featured_media":1295,"comment_status":"open","ping_status":"open","sticky":false,"template":"","format":"standard","meta":{"footnotes":""},"categories":[78,28,42,52],"tags":[],"class_list":["post-85","post","type-post","status-publish","format-standard","has-post-thumbnail","hentry","category-chapelle-expiatoire","category-invalides","category-musee-rodin","category-petit-palais"],"yoast_head":"<!-- This site is optimized with the Yoast SEO plugin v27.5 - https:\/\/yoast.com\/product\/yoast-seo-wordpress\/ -->\n<title>Avec Sharon, devant les canons des Invalides \u00e0 Paris - Paris Running Tours<\/title>\n<meta name=\"robots\" content=\"index, follow, max-snippet:-1, max-image-preview:large, max-video-preview:-1\" \/>\n<link rel=\"canonical\" href=\"https:\/\/parisrunningtour.com\/fr\/avec-sharon-devant-les-canons-des-invalides-a-paris\/\" \/>\n<meta property=\"og:locale\" content=\"fr_FR\" \/>\n<meta property=\"og:type\" content=\"article\" \/>\n<meta property=\"og:title\" content=\"Avec Sharon, devant les canons des Invalides \u00e0 Paris - Paris Running Tours\" \/>\n<meta property=\"og:description\" content=\"Sharon &#8211; Esplanade des Invalides 7h34 &#8211;\u00a0Avec Sharon, qui vit \u00a0\u00e0 Bangkok (Tha\u00eflande), nous avons parcouru une bonne distance en courant, plus de 16 km pour visiter Paris. Cela nous a permis de d\u00e9couvrir de nombreux endroits \u00e9tonnants et int\u00e9ressants, notamment pour leur histoire.\u00a0 Comme on peut le voir sur la photo ci-dessus, nous avons couru autour des Invalides, le c\u00e9l\u00e8bre H\u00f4tel des Invalides, cr\u00e9\u00e9 par Louis XIV pour loger les invalides militaires de ses arm\u00e9es. Une batterie de canons est rang\u00e9e\u00a0face de l&rsquo;Esplanade des Invalides. Ce n&rsquo;\u00e9tait pas \u00e0 l&rsquo;origine des canons fran\u00e7ais mais des canons ennemis r\u00e9cup\u00e9r\u00e9s, appartenant principalement aux Autrichiens et aux Turcs. Ces canons tirent encore, par exemple \u00e0 chaque changement de Pr\u00e9sident de la R\u00e9publique. Proche des Invalides, sur notre route, le mus\u00e9e Rodin. Le mus\u00e9e Rodin est au coeur d&rsquo;un beau jardin qui expose des statues du sculpteur. Lors d&rsquo;une petite pause pendant de notre course, depuis la rue, nous avons pu admirer un des exemplaires d&rsquo;une oeuvre bien connue de Rodin, \u00ab\u00a0Les Bourgeois de Calais : Sharon &#8211; Mus\u00e9e Rodin &#8211; Les Bourgeois de Calais &#8211; Au fond, le mus\u00e9e L&rsquo;oeuvre \u00ab\u00a0Les Bourgeois de Calais\u00a0\u00bb retrace un \u00e9pisode fameux de la guerre de Cent ans.\u00a0 En 1347, pour terminer le terrible si\u00e8ge de la ville de Calais et sauver ses habitants, six bourgeois, la corde au cou, se livr\u00e8rent en sacrifice au roi anglais Edouard III. Son \u00e9pouse Philippa de Hainaut\u00a0interc\u00e9da\u00a0pour les sauver de l&rsquo;ex\u00e9cution. C&rsquo;est du moins ce que raconte la Chronique de l&rsquo;\u00e9poque&#8230; A la sortie du mus\u00e9e, les visiteurs, sans doute atteints par la fibre artistique, ont l&rsquo;habitude de d\u00e9corer les poteaux situ\u00e9s autour du mus\u00e9e\u00a0avec leurs tickets\u00a0: Sur notre route, pr\u00e8s du Petit Palais, nous avons crois\u00e9 Winston Churchill : Sharon &#8211; Statue de Winston Churchill Plus tard, nous avons rencontr\u00e9 la Chapelle expiatoire, endroit calme et peu connu de Paris : Sharon &#8211; La Chapelle expiatoire La Chapelle expiatoire au sein du Square Louis XVI &#8211; Cliquer sur l&rsquo;image pour l&rsquo;agrandir La Chapelle Expiatoire est un monument consacr\u00e9 \u00e0 Louis XVI et \u00e0 Marie-Antoinette. Louis XVIII fit construire le b\u00e2timent \u00e0 l&rsquo;endroit\u00a0o\u00f9 furent inhum\u00e9s le roi et la reine en 1793, apr\u00e8s avoir \u00e9t\u00e9 guillotin\u00e9s. Avenue du Pr\u00e9sident Wilson, en ce samedi, c&rsquo;est un march\u00e9 parisien typique qui nous a offert les couleurs de ses fruits : Merci\u00a0Sharon ! Le circuit du tour :\" \/>\n<meta property=\"og:url\" content=\"https:\/\/parisrunningtour.com\/fr\/avec-sharon-devant-les-canons-des-invalides-a-paris\/\" \/>\n<meta property=\"og:site_name\" content=\"Paris Running Tours\" \/>\n<meta property=\"article:published_time\" content=\"2013-04-27T05:34:00+00:00\" \/>\n<meta property=\"article:modified_time\" content=\"2017-01-16T14:37:37+00:00\" \/>\n<meta property=\"og:image\" content=\"https:\/\/parisrunningtour.com\/fr\/wp-content\/uploads\/sites\/1\/2013\/04\/PRT2013-04-27_10_Invalides.jpg\" \/>\n\t<meta property=\"og:image:width\" content=\"900\" \/>\n\t<meta property=\"og:image:height\" content=\"900\" \/>\n\t<meta property=\"og:image:type\" content=\"image\/jpeg\" \/>\n<meta name=\"author\" content=\"admin\" \/>\n<meta name=\"twitter:card\" content=\"summary_large_image\" \/>\n<meta name=\"twitter:label1\" content=\"\u00c9crit par\" \/>\n\t<meta name=\"twitter:data1\" content=\"admin\" \/>\n\t<meta name=\"twitter:label2\" content=\"Dur\u00e9e de lecture estim\u00e9e\" \/>\n\t<meta name=\"twitter:data2\" content=\"2 minutes\" \/>\n<script type=\"application\/ld+json\" class=\"yoast-schema-graph\">{\"@context\":\"https:\\\/\\\/schema.org\",\"@graph\":[{\"@type\":\"Article\",\"@id\":\"https:\\\/\\\/parisrunningtour.com\\\/fr\\\/avec-sharon-devant-les-canons-des-invalides-a-paris\\\/#article\",\"isPartOf\":{\"@id\":\"https:\\\/\\\/parisrunningtour.com\\\/fr\\\/avec-sharon-devant-les-canons-des-invalides-a-paris\\\/\"},\"author\":{\"name\":\"admin\",\"@id\":\"https:\\\/\\\/parisrunningtour.com\\\/fr\\\/#\\\/schema\\\/person\\\/75f0dc3c395ae2b4e14e29aff8f6a5af\"},\"headline\":\"Avec Sharon, devant les canons des Invalides \u00e0 Paris\",\"datePublished\":\"2013-04-27T05:34:00+00:00\",\"dateModified\":\"2017-01-16T14:37:37+00:00\",\"mainEntityOfPage\":{\"@id\":\"https:\\\/\\\/parisrunningtour.com\\\/fr\\\/avec-sharon-devant-les-canons-des-invalides-a-paris\\\/\"},\"wordCount\":443,\"commentCount\":0,\"publisher\":{\"@id\":\"https:\\\/\\\/parisrunningtour.com\\\/fr\\\/#organization\"},\"image\":{\"@id\":\"https:\\\/\\\/parisrunningtour.com\\\/fr\\\/avec-sharon-devant-les-canons-des-invalides-a-paris\\\/#primaryimage\"},\"thumbnailUrl\":\"https:\\\/\\\/parisrunningtour.com\\\/fr\\\/wp-content\\\/uploads\\\/sites\\\/1\\\/2013\\\/04\\\/PRT2013-04-27_10_Invalides.jpg\",\"articleSection\":[\"Chapelle expiatoire\",\"Invalides\",\"Mus\u00e9e Rodin\",\"Petit Palais\"],\"inLanguage\":\"fr-FR\",\"potentialAction\":[{\"@type\":\"CommentAction\",\"name\":\"Comment\",\"target\":[\"https:\\\/\\\/parisrunningtour.com\\\/fr\\\/avec-sharon-devant-les-canons-des-invalides-a-paris\\\/#respond\"]}]},{\"@type\":\"WebPage\",\"@id\":\"https:\\\/\\\/parisrunningtour.com\\\/fr\\\/avec-sharon-devant-les-canons-des-invalides-a-paris\\\/\",\"url\":\"https:\\\/\\\/parisrunningtour.com\\\/fr\\\/avec-sharon-devant-les-canons-des-invalides-a-paris\\\/\",\"name\":\"Avec Sharon, devant les canons des Invalides \u00e0 Paris - Paris Running Tours\",\"isPartOf\":{\"@id\":\"https:\\\/\\\/parisrunningtour.com\\\/fr\\\/#website\"},\"primaryImageOfPage\":{\"@id\":\"https:\\\/\\\/parisrunningtour.com\\\/fr\\\/avec-sharon-devant-les-canons-des-invalides-a-paris\\\/#primaryimage\"},\"image\":{\"@id\":\"https:\\\/\\\/parisrunningtour.com\\\/fr\\\/avec-sharon-devant-les-canons-des-invalides-a-paris\\\/#primaryimage\"},\"thumbnailUrl\":\"https:\\\/\\\/parisrunningtour.com\\\/fr\\\/wp-content\\\/uploads\\\/sites\\\/1\\\/2013\\\/04\\\/PRT2013-04-27_10_Invalides.jpg\",\"datePublished\":\"2013-04-27T05:34:00+00:00\",\"dateModified\":\"2017-01-16T14:37:37+00:00\",\"breadcrumb\":{\"@id\":\"https:\\\/\\\/parisrunningtour.com\\\/fr\\\/avec-sharon-devant-les-canons-des-invalides-a-paris\\\/#breadcrumb\"},\"inLanguage\":\"fr-FR\",\"potentialAction\":[{\"@type\":\"ReadAction\",\"target\":[\"https:\\\/\\\/parisrunningtour.com\\\/fr\\\/avec-sharon-devant-les-canons-des-invalides-a-paris\\\/\"]}]},{\"@type\":\"ImageObject\",\"inLanguage\":\"fr-FR\",\"@id\":\"https:\\\/\\\/parisrunningtour.com\\\/fr\\\/avec-sharon-devant-les-canons-des-invalides-a-paris\\\/#primaryimage\",\"url\":\"https:\\\/\\\/parisrunningtour.com\\\/fr\\\/wp-content\\\/uploads\\\/sites\\\/1\\\/2013\\\/04\\\/PRT2013-04-27_10_Invalides.jpg\",\"contentUrl\":\"https:\\\/\\\/parisrunningtour.com\\\/fr\\\/wp-content\\\/uploads\\\/sites\\\/1\\\/2013\\\/04\\\/PRT2013-04-27_10_Invalides.jpg\",\"width\":900,\"height\":900},{\"@type\":\"BreadcrumbList\",\"@id\":\"https:\\\/\\\/parisrunningtour.com\\\/fr\\\/avec-sharon-devant-les-canons-des-invalides-a-paris\\\/#breadcrumb\",\"itemListElement\":[{\"@type\":\"ListItem\",\"position\":1,\"name\":\"Accueil\",\"item\":\"https:\\\/\\\/parisrunningtour.com\\\/fr\\\/\"},{\"@type\":\"ListItem\",\"position\":2,\"name\":\"Avec Sharon, devant les canons des Invalides \u00e0 Paris\"}]},{\"@type\":\"WebSite\",\"@id\":\"https:\\\/\\\/parisrunningtour.com\\\/fr\\\/#website\",\"url\":\"https:\\\/\\\/parisrunningtour.com\\\/fr\\\/\",\"name\":\"Paris Running Tours\",\"description\":\"D\u00e9couvrir Paris en courant\",\"publisher\":{\"@id\":\"https:\\\/\\\/parisrunningtour.com\\\/fr\\\/#organization\"},\"potentialAction\":[{\"@type\":\"SearchAction\",\"target\":{\"@type\":\"EntryPoint\",\"urlTemplate\":\"https:\\\/\\\/parisrunningtour.com\\\/fr\\\/?s={search_term_string}\"},\"query-input\":{\"@type\":\"PropertyValueSpecification\",\"valueRequired\":true,\"valueName\":\"search_term_string\"}}],\"inLanguage\":\"fr-FR\"},{\"@type\":\"Organization\",\"@id\":\"https:\\\/\\\/parisrunningtour.com\\\/fr\\\/#organization\",\"name\":\"Paris Running Tours\",\"url\":\"https:\\\/\\\/parisrunningtour.com\\\/fr\\\/\",\"logo\":{\"@type\":\"ImageObject\",\"inLanguage\":\"fr-FR\",\"@id\":\"https:\\\/\\\/parisrunningtour.com\\\/fr\\\/#\\\/schema\\\/logo\\\/image\\\/\",\"url\":\"https:\\\/\\\/parisrunningtour.com\\\/fr\\\/wp-content\\\/uploads\\\/sites\\\/1\\\/2016\\\/12\\\/cropped-faviconPRT.png\",\"contentUrl\":\"https:\\\/\\\/parisrunningtour.com\\\/fr\\\/wp-content\\\/uploads\\\/sites\\\/1\\\/2016\\\/12\\\/cropped-faviconPRT.png\",\"width\":512,\"height\":512,\"caption\":\"Paris Running Tours\"},\"image\":{\"@id\":\"https:\\\/\\\/parisrunningtour.com\\\/fr\\\/#\\\/schema\\\/logo\\\/image\\\/\"}},{\"@type\":\"Person\",\"@id\":\"https:\\\/\\\/parisrunningtour.com\\\/fr\\\/#\\\/schema\\\/person\\\/75f0dc3c395ae2b4e14e29aff8f6a5af\",\"name\":\"admin\",\"image\":{\"@type\":\"ImageObject\",\"inLanguage\":\"fr-FR\",\"@id\":\"https:\\\/\\\/secure.gravatar.com\\\/avatar\\\/2980d1c79775d028873614111fac5ea2906175b9eba90c2fe773d875d19902e0?s=96&d=mm&r=g\",\"url\":\"https:\\\/\\\/secure.gravatar.com\\\/avatar\\\/2980d1c79775d028873614111fac5ea2906175b9eba90c2fe773d875d19902e0?s=96&d=mm&r=g\",\"contentUrl\":\"https:\\\/\\\/secure.gravatar.com\\\/avatar\\\/2980d1c79775d028873614111fac5ea2906175b9eba90c2fe773d875d19902e0?s=96&d=mm&r=g\",\"caption\":\"admin\"},\"sameAs\":[\"https:\\\/\\\/www.parisrunningtour.com\"],\"url\":\"https:\\\/\\\/parisrunningtour.com\\\/fr\\\/author\\\/admin\\\/\"}]}<\/script>\n<!-- \/ Yoast SEO plugin. -->","yoast_head_json":{"title":"Avec Sharon, devant les canons des Invalides \u00e0 Paris - Paris Running Tours","robots":{"index":"index","follow":"follow","max-snippet":"max-snippet:-1","max-image-preview":"max-image-preview:large","max-video-preview":"max-video-preview:-1"},"canonical":"https:\/\/parisrunningtour.com\/fr\/avec-sharon-devant-les-canons-des-invalides-a-paris\/","og_locale":"fr_FR","og_type":"article","og_title":"Avec Sharon, devant les canons des Invalides \u00e0 Paris - Paris Running Tours","og_description":"Sharon &#8211; Esplanade des Invalides 7h34 &#8211;\u00a0Avec Sharon, qui vit \u00a0\u00e0 Bangkok (Tha\u00eflande), nous avons parcouru une bonne distance en courant, plus de 16 km pour visiter Paris. Cela nous a permis de d\u00e9couvrir de nombreux endroits \u00e9tonnants et int\u00e9ressants, notamment pour leur histoire.\u00a0 Comme on peut le voir sur la photo ci-dessus, nous avons couru autour des Invalides, le c\u00e9l\u00e8bre H\u00f4tel des Invalides, cr\u00e9\u00e9 par Louis XIV pour loger les invalides militaires de ses arm\u00e9es. Une batterie de canons est rang\u00e9e\u00a0face de l&rsquo;Esplanade des Invalides. Ce n&rsquo;\u00e9tait pas \u00e0 l&rsquo;origine des canons fran\u00e7ais mais des canons ennemis r\u00e9cup\u00e9r\u00e9s, appartenant principalement aux Autrichiens et aux Turcs. Ces canons tirent encore, par exemple \u00e0 chaque changement de Pr\u00e9sident de la R\u00e9publique. Proche des Invalides, sur notre route, le mus\u00e9e Rodin. Le mus\u00e9e Rodin est au coeur d&rsquo;un beau jardin qui expose des statues du sculpteur. Lors d&rsquo;une petite pause pendant de notre course, depuis la rue, nous avons pu admirer un des exemplaires d&rsquo;une oeuvre bien connue de Rodin, \u00ab\u00a0Les Bourgeois de Calais : Sharon &#8211; Mus\u00e9e Rodin &#8211; Les Bourgeois de Calais &#8211; Au fond, le mus\u00e9e L&rsquo;oeuvre \u00ab\u00a0Les Bourgeois de Calais\u00a0\u00bb retrace un \u00e9pisode fameux de la guerre de Cent ans.\u00a0 En 1347, pour terminer le terrible si\u00e8ge de la ville de Calais et sauver ses habitants, six bourgeois, la corde au cou, se livr\u00e8rent en sacrifice au roi anglais Edouard III. Son \u00e9pouse Philippa de Hainaut\u00a0interc\u00e9da\u00a0pour les sauver de l&rsquo;ex\u00e9cution. C&rsquo;est du moins ce que raconte la Chronique de l&rsquo;\u00e9poque&#8230; A la sortie du mus\u00e9e, les visiteurs, sans doute atteints par la fibre artistique, ont l&rsquo;habitude de d\u00e9corer les poteaux situ\u00e9s autour du mus\u00e9e\u00a0avec leurs tickets\u00a0: Sur notre route, pr\u00e8s du Petit Palais, nous avons crois\u00e9 Winston Churchill : Sharon &#8211; Statue de Winston Churchill Plus tard, nous avons rencontr\u00e9 la Chapelle expiatoire, endroit calme et peu connu de Paris : Sharon &#8211; La Chapelle expiatoire La Chapelle expiatoire au sein du Square Louis XVI &#8211; Cliquer sur l&rsquo;image pour l&rsquo;agrandir La Chapelle Expiatoire est un monument consacr\u00e9 \u00e0 Louis XVI et \u00e0 Marie-Antoinette. Louis XVIII fit construire le b\u00e2timent \u00e0 l&rsquo;endroit\u00a0o\u00f9 furent inhum\u00e9s le roi et la reine en 1793, apr\u00e8s avoir \u00e9t\u00e9 guillotin\u00e9s. Avenue du Pr\u00e9sident Wilson, en ce samedi, c&rsquo;est un march\u00e9 parisien typique qui nous a offert les couleurs de ses fruits : Merci\u00a0Sharon ! Le circuit du tour :","og_url":"https:\/\/parisrunningtour.com\/fr\/avec-sharon-devant-les-canons-des-invalides-a-paris\/","og_site_name":"Paris Running Tours","article_published_time":"2013-04-27T05:34:00+00:00","article_modified_time":"2017-01-16T14:37:37+00:00","og_image":[{"width":900,"height":900,"url":"https:\/\/parisrunningtour.com\/fr\/wp-content\/uploads\/sites\/1\/2013\/04\/PRT2013-04-27_10_Invalides.jpg","type":"image\/jpeg"}],"author":"admin","twitter_card":"summary_large_image","twitter_misc":{"\u00c9crit par":"admin","Dur\u00e9e de lecture estim\u00e9e":"2 minutes"},"schema":{"@context":"https:\/\/schema.org","@graph":[{"@type":"Article","@id":"https:\/\/parisrunningtour.com\/fr\/avec-sharon-devant-les-canons-des-invalides-a-paris\/#article","isPartOf":{"@id":"https:\/\/parisrunningtour.com\/fr\/avec-sharon-devant-les-canons-des-invalides-a-paris\/"},"author":{"name":"admin","@id":"https:\/\/parisrunningtour.com\/fr\/#\/schema\/person\/75f0dc3c395ae2b4e14e29aff8f6a5af"},"headline":"Avec Sharon, devant les canons des Invalides \u00e0 Paris","datePublished":"2013-04-27T05:34:00+00:00","dateModified":"2017-01-16T14:37:37+00:00","mainEntityOfPage":{"@id":"https:\/\/parisrunningtour.com\/fr\/avec-sharon-devant-les-canons-des-invalides-a-paris\/"},"wordCount":443,"commentCount":0,"publisher":{"@id":"https:\/\/parisrunningtour.com\/fr\/#organization"},"image":{"@id":"https:\/\/parisrunningtour.com\/fr\/avec-sharon-devant-les-canons-des-invalides-a-paris\/#primaryimage"},"thumbnailUrl":"https:\/\/parisrunningtour.com\/fr\/wp-content\/uploads\/sites\/1\/2013\/04\/PRT2013-04-27_10_Invalides.jpg","articleSection":["Chapelle expiatoire","Invalides","Mus\u00e9e Rodin","Petit Palais"],"inLanguage":"fr-FR","potentialAction":[{"@type":"CommentAction","name":"Comment","target":["https:\/\/parisrunningtour.com\/fr\/avec-sharon-devant-les-canons-des-invalides-a-paris\/#respond"]}]},{"@type":"WebPage","@id":"https:\/\/parisrunningtour.com\/fr\/avec-sharon-devant-les-canons-des-invalides-a-paris\/","url":"https:\/\/parisrunningtour.com\/fr\/avec-sharon-devant-les-canons-des-invalides-a-paris\/","name":"Avec Sharon, devant les canons des Invalides \u00e0 Paris - Paris Running Tours","isPartOf":{"@id":"https:\/\/parisrunningtour.com\/fr\/#website"},"primaryImageOfPage":{"@id":"https:\/\/parisrunningtour.com\/fr\/avec-sharon-devant-les-canons-des-invalides-a-paris\/#primaryimage"},"image":{"@id":"https:\/\/parisrunningtour.com\/fr\/avec-sharon-devant-les-canons-des-invalides-a-paris\/#primaryimage"},"thumbnailUrl":"https:\/\/parisrunningtour.com\/fr\/wp-content\/uploads\/sites\/1\/2013\/04\/PRT2013-04-27_10_Invalides.jpg","datePublished":"2013-04-27T05:34:00+00:00","dateModified":"2017-01-16T14:37:37+00:00","breadcrumb":{"@id":"https:\/\/parisrunningtour.com\/fr\/avec-sharon-devant-les-canons-des-invalides-a-paris\/#breadcrumb"},"inLanguage":"fr-FR","potentialAction":[{"@type":"ReadAction","target":["https:\/\/parisrunningtour.com\/fr\/avec-sharon-devant-les-canons-des-invalides-a-paris\/"]}]},{"@type":"ImageObject","inLanguage":"fr-FR","@id":"https:\/\/parisrunningtour.com\/fr\/avec-sharon-devant-les-canons-des-invalides-a-paris\/#primaryimage","url":"https:\/\/parisrunningtour.com\/fr\/wp-content\/uploads\/sites\/1\/2013\/04\/PRT2013-04-27_10_Invalides.jpg","contentUrl":"https:\/\/parisrunningtour.com\/fr\/wp-content\/uploads\/sites\/1\/2013\/04\/PRT2013-04-27_10_Invalides.jpg","width":900,"height":900},{"@type":"BreadcrumbList","@id":"https:\/\/parisrunningtour.com\/fr\/avec-sharon-devant-les-canons-des-invalides-a-paris\/#breadcrumb","itemListElement":[{"@type":"ListItem","position":1,"name":"Accueil","item":"https:\/\/parisrunningtour.com\/fr\/"},{"@type":"ListItem","position":2,"name":"Avec Sharon, devant les canons des Invalides \u00e0 Paris"}]},{"@type":"WebSite","@id":"https:\/\/parisrunningtour.com\/fr\/#website","url":"https:\/\/parisrunningtour.com\/fr\/","name":"Paris Running Tours","description":"D\u00e9couvrir Paris en courant","publisher":{"@id":"https:\/\/parisrunningtour.com\/fr\/#organization"},"potentialAction":[{"@type":"SearchAction","target":{"@type":"EntryPoint","urlTemplate":"https:\/\/parisrunningtour.com\/fr\/?s={search_term_string}"},"query-input":{"@type":"PropertyValueSpecification","valueRequired":true,"valueName":"search_term_string"}}],"inLanguage":"fr-FR"},{"@type":"Organization","@id":"https:\/\/parisrunningtour.com\/fr\/#organization","name":"Paris Running Tours","url":"https:\/\/parisrunningtour.com\/fr\/","logo":{"@type":"ImageObject","inLanguage":"fr-FR","@id":"https:\/\/parisrunningtour.com\/fr\/#\/schema\/logo\/image\/","url":"https:\/\/parisrunningtour.com\/fr\/wp-content\/uploads\/sites\/1\/2016\/12\/cropped-faviconPRT.png","contentUrl":"https:\/\/parisrunningtour.com\/fr\/wp-content\/uploads\/sites\/1\/2016\/12\/cropped-faviconPRT.png","width":512,"height":512,"caption":"Paris Running Tours"},"image":{"@id":"https:\/\/parisrunningtour.com\/fr\/#\/schema\/logo\/image\/"}},{"@type":"Person","@id":"https:\/\/parisrunningtour.com\/fr\/#\/schema\/person\/75f0dc3c395ae2b4e14e29aff8f6a5af","name":"admin","image":{"@type":"ImageObject","inLanguage":"fr-FR","@id":"https:\/\/secure.gravatar.com\/avatar\/2980d1c79775d028873614111fac5ea2906175b9eba90c2fe773d875d19902e0?s=96&d=mm&r=g","url":"https:\/\/secure.gravatar.com\/avatar\/2980d1c79775d028873614111fac5ea2906175b9eba90c2fe773d875d19902e0?s=96&d=mm&r=g","contentUrl":"https:\/\/secure.gravatar.com\/avatar\/2980d1c79775d028873614111fac5ea2906175b9eba90c2fe773d875d19902e0?s=96&d=mm&r=g","caption":"admin"},"sameAs":["https:\/\/www.parisrunningtour.com"],"url":"https:\/\/parisrunningtour.com\/fr\/author\/admin\/"}]}},"_links":{"self":[{"href":"https:\/\/parisrunningtour.com\/fr\/wp-json\/wp\/v2\/posts\/85","targetHints":{"allow":["GET"]}}],"collection":[{"href":"https:\/\/parisrunningtour.com\/fr\/wp-json\/wp\/v2\/posts"}],"about":[{"href":"https:\/\/parisrunningtour.com\/fr\/wp-json\/wp\/v2\/types\/post"}],"author":[{"embeddable":true,"href":"https:\/\/parisrunningtour.com\/fr\/wp-json\/wp\/v2\/users\/1"}],"replies":[{"embeddable":true,"href":"https:\/\/parisrunningtour.com\/fr\/wp-json\/wp\/v2\/comments?post=85"}],"version-history":[{"count":1,"href":"https:\/\/parisrunningtour.com\/fr\/wp-json\/wp\/v2\/posts\/85\/revisions"}],"predecessor-version":[{"id":1296,"href":"https:\/\/parisrunningtour.com\/fr\/wp-json\/wp\/v2\/posts\/85\/revisions\/1296"}],"wp:featuredmedia":[{"embeddable":true,"href":"https:\/\/parisrunningtour.com\/fr\/wp-json\/wp\/v2\/media\/1295"}],"wp:attachment":[{"href":"https:\/\/parisrunningtour.com\/fr\/wp-json\/wp\/v2\/media?parent=85"}],"wp:term":[{"taxonomy":"category","embeddable":true,"href":"https:\/\/parisrunningtour.com\/fr\/wp-json\/wp\/v2\/categories?post=85"},{"taxonomy":"post_tag","embeddable":true,"href":"https:\/\/parisrunningtour.com\/fr\/wp-json\/wp\/v2\/tags?post=85"}],"curies":[{"name":"wp","href":"https:\/\/api.w.org\/{rel}","templated":true}]}}