{"id":63,"date":"2014-05-12T08:01:00","date_gmt":"2014-05-12T06:01:00","guid":{"rendered":"http:\/\/runningtour.paris\/blog\/2014\/05\/12\/devant-le-tribunal-de-commerce-de-paris-avec-dave\/"},"modified":"2017-01-16T15:11:28","modified_gmt":"2017-01-16T14:11:28","slug":"devant-le-tribunal-de-commerce-de-paris-avec-dave","status":"publish","type":"post","link":"https:\/\/parisrunningtour.com\/fr\/devant-le-tribunal-de-commerce-de-paris-avec-dave\/","title":{"rendered":"Devant le Tribunal de Commerce de Paris avec Dave"},"content":{"rendered":"<div style=\"clear: both; text-align: center;\"><\/div>\n<div style=\"clear: both; text-align: center;\"><\/div>\n<table style=\"margin-left: auto; margin-right: auto; text-align: center;\" cellspacing=\"0\" cellpadding=\"0\" align=\"center\">\n<tbody>\n<tr>\n<td style=\"text-align: center;\"><a style=\"margin-left: auto; margin-right: auto;\" href=\"http:\/\/3.bp.blogspot.com\/-tN7l8xMM0-U\/U8q7-SPuRVI\/AAAAAAAACLE\/GbDpYW7ETjo\/s1600\/PRT2014-05-12_05_TribunalDeCommerce.jpg\" target=\"_blank\"><img fetchpriority=\"high\" decoding=\"async\" title=\"Cliquez sur l'image pour l'agrandir\" src=\"http:\/\/3.bp.blogspot.com\/-tN7l8xMM0-U\/U8q7-SPuRVI\/AAAAAAAACLE\/GbDpYW7ETjo\/s1600\/PRT2014-05-12_05_TribunalDeCommerce.jpg\" alt=\"\" width=\"640\" height=\"392\" border=\"0\" \/><\/a><\/td>\n<\/tr>\n<tr>\n<td style=\"text-align: center;\"><span style=\"font-family: Trebuchet MS, sans-serif;\">Dave &#8211; Pont Notre Dame &#8211; Au fond, \u00e0 gauche, le Tribunal de Commerce de Paris et \u00e0 droite, la Conciergerie<\/span><\/td>\n<\/tr>\n<\/tbody>\n<\/table>\n<p><span style=\"font-family: Trebuchet MS, sans-serif;\"><b>Jeudi 1er mai &#8211; 8h03, lundi 12 mai &#8211; 8h01<\/b><\/span><b style=\"font-family: 'Trebuchet MS', sans-serif;\">\u00a0&#8211;<\/b><span style=\"font-family: 'Trebuchet MS', sans-serif;\">\u00a0Dave vient de la belle ville d&rsquo;Ottawa au Canada.\u00a0<\/span><br \/>\n<span style=\"font-family: 'Trebuchet MS', sans-serif;\">Deux matin\u00e9es pour d\u00e9couvrir Paris de mani\u00e8re sportive. Une plong\u00e9e au travers des diverses couches d&rsquo;histoire qu&rsquo;offre Paris.<\/span><br \/>\n<span style=\"font-family: 'Trebuchet MS', sans-serif;\">Paris est une ville qui n&rsquo;a jamais \u00e9t\u00e9 d\u00e9truite contrairement \u00e0 Berlin (fin de la guerre 1945), Lisbonne (tremblement de terre de 1755) ou Londres (incendie de 1666), autres villes de premiers plans.\u00a0<\/span><br \/>\n<span style=\"font-family: 'Trebuchet MS', sans-serif;\">Paris peut donc pr\u00e9senter aussi bien des vestiges romains que des b\u00e2timents du Moyen Age ou bien de nombreuses cr\u00e9ations royales (entre autres !). Succession de modes architecturales, de traditions urbanistiques et la plupart du temps une recherche d&rsquo;harmonie urbaine.<\/span><br \/>\n<span style=\"font-family: 'Trebuchet MS', sans-serif;\"><br \/>\n<\/span><span style=\"font-family: 'Trebuchet MS', sans-serif;\">Voyez, par exemple, ci-dessus, le Tribunal de Commerce, devant lequel nous nous sommes arr\u00eat\u00e9s. Regardons-le de face :<\/span><\/p>\n<table style=\"margin-left: auto; margin-right: auto; text-align: center;\" cellspacing=\"0\" cellpadding=\"0\" align=\"center\">\n<tbody>\n<tr>\n<td style=\"text-align: center;\"><a style=\"margin-left: auto; margin-right: auto;\" href=\"http:\/\/1.bp.blogspot.com\/-2kXkZbCH_uI\/U8rCb9InhVI\/AAAAAAAACLU\/i6COqgkLjaY\/s1600\/TribunalDuCommerce+(2).jpg\" target=\"_blank\"><img decoding=\"async\" title=\"Cliquez sur l'image pour l'agrandir\" src=\"http:\/\/1.bp.blogspot.com\/-2kXkZbCH_uI\/U8rCb9InhVI\/AAAAAAAACLU\/i6COqgkLjaY\/s1600\/TribunalDuCommerce+(2).jpg\" alt=\"\" width=\"640\" height=\"372\" border=\"0\" \/><\/a><\/td>\n<\/tr>\n<tr>\n<td style=\"text-align: center;\"><span style=\"font-family: Trebuchet MS, sans-serif;\">Tribunal de Commerce de Paris<\/span><\/td>\n<\/tr>\n<\/tbody>\n<\/table>\n<p><span style=\"font-family: 'Trebuchet MS', sans-serif;\"><br \/>\n<\/span><span style=\"font-family: 'Trebuchet MS', sans-serif;\">Quelque chose de bizarre, non ? La coupole se trouve non pas au centre du b\u00e2timent mais \u00e0 droite !<\/span><br \/>\n<span style=\"font-family: 'Trebuchet MS', sans-serif;\">Lubie d&rsquo;architecte ? Non, volont\u00e9 d&rsquo;harmonie urbaine. Le d\u00f4me est ainsi plac\u00e9 pour fermer au sud la perspective du Boulevard S\u00e9bastopol (perspective termin\u00e9e au nord par la Gare de l&rsquo;Est).<\/span><br \/>\n<span style=\"font-family: 'Trebuchet MS', sans-serif;\">Le Tribunal de Commerce est achev\u00e9 en 1864 alors que le Boulevard est inaugur\u00e9 en 1858.<\/span><br \/>\n<span style=\"font-family: 'Trebuchet MS', sans-serif;\">Regardez l&rsquo;alignement pr\u00e9cis du boulevard et du tribunal :<\/span><\/p>\n<table style=\"margin-left: auto; margin-right: auto; text-align: center;\" cellspacing=\"0\" cellpadding=\"0\" align=\"center\">\n<tbody>\n<tr>\n<td style=\"text-align: center;\"><a style=\"margin-left: auto; margin-right: auto;\" href=\"http:\/\/3.bp.blogspot.com\/-ZVuH5h99Z18\/U8rGEeSRrkI\/AAAAAAAACLg\/UCCb2cd3XJs\/s1600\/TribunalDuCommerceSebasto.bmp\" target=\"_blank\"><img decoding=\"async\" title=\"Cliquez sur l'image pour l'agrandir\" src=\"http:\/\/3.bp.blogspot.com\/-ZVuH5h99Z18\/U8rGEeSRrkI\/AAAAAAAACLg\/UCCb2cd3XJs\/s1600\/TribunalDuCommerceSebasto.bmp\" alt=\"\" width=\"446\" height=\"640\" border=\"0\" \/><\/a><\/td>\n<\/tr>\n<tr>\n<td style=\"text-align: center;\"><span style=\"font-family: Trebuchet MS, sans-serif;\">Tribunal de Commerce de Paris et Boulevard S\u00e9bastopol<\/span><\/td>\n<\/tr>\n<\/tbody>\n<\/table>\n<p><span style=\"font-family: 'Trebuchet MS', sans-serif;\"><br \/>\n<\/span><span style=\"font-family: 'Trebuchet MS', sans-serif;\">Poursuivons notre course dans le Paris du Moyen Age, avec la superbe Abbaye de Cluny, maintenant, le Mus\u00e9e National du Moyen Age (et ses fameuses tapisseries de la Dame \u00e0 la Licorne) :<\/span><\/p>\n<table style=\"margin-left: auto; margin-right: auto; text-align: center;\" cellspacing=\"0\" cellpadding=\"0\" align=\"center\">\n<tbody>\n<tr>\n<td style=\"text-align: center;\"><a style=\"margin-left: auto; margin-right: auto;\" href=\"http:\/\/3.bp.blogspot.com\/-lgeYgpEAjBU\/U8uVVkXPw8I\/AAAAAAAACL4\/hQhMkk0oklg\/s1600\/PRT2014-05-01_03_AbbayeDeCluny.jpg\" target=\"_blank\"><img loading=\"lazy\" decoding=\"async\" title=\"Cliquez sur l'image pour l'agrandir\" src=\"http:\/\/3.bp.blogspot.com\/-lgeYgpEAjBU\/U8uVVkXPw8I\/AAAAAAAACL4\/hQhMkk0oklg\/s1600\/PRT2014-05-01_03_AbbayeDeCluny.jpg\" alt=\"\" width=\"640\" height=\"442\" border=\"0\" \/><\/a><\/td>\n<\/tr>\n<tr>\n<td style=\"text-align: center;\"><span style=\"font-family: Trebuchet MS, sans-serif;\">Dave &#8211; Abbaye de Cluny<\/span><\/td>\n<\/tr>\n<\/tbody>\n<\/table>\n<p><span style=\"font-family: 'Trebuchet MS', sans-serif;\"><br \/>\n<\/span><span style=\"font-family: 'Trebuchet MS', sans-serif;\">et les deux vieilles maisons de la rue Fran\u00e7ois Miron :<\/span><\/p>\n<table style=\"margin-left: auto; margin-right: auto; text-align: center;\" cellspacing=\"0\" cellpadding=\"0\" align=\"center\">\n<tbody>\n<tr>\n<td style=\"text-align: center;\"><a style=\"margin-left: auto; margin-right: auto;\" href=\"http:\/\/1.bp.blogspot.com\/-UyeqVMV6T5U\/U8uVqUcqwNI\/AAAAAAAACMA\/CpjRaBAPftY\/s1600\/PRT2014-05-12_01_RueFrancoisMiron.jpg\" target=\"_blank\"><img loading=\"lazy\" decoding=\"async\" title=\"Cliquez sur l'image pour l'agrandir\" src=\"http:\/\/1.bp.blogspot.com\/-UyeqVMV6T5U\/U8uVqUcqwNI\/AAAAAAAACMA\/CpjRaBAPftY\/s1600\/PRT2014-05-12_01_RueFrancoisMiron.jpg\" alt=\"\" width=\"402\" height=\"640\" border=\"0\" \/><\/a><\/td>\n<\/tr>\n<tr>\n<td style=\"text-align: center;\"><span style=\"font-family: Trebuchet MS, sans-serif;\">Dave &#8211; Rue Fran\u00e7ois Miron<\/span><\/td>\n<\/tr>\n<\/tbody>\n<\/table>\n<p><span style=\"font-family: 'Trebuchet MS', sans-serif;\"><br \/>\n<\/span><span style=\"font-family: 'Trebuchet MS', sans-serif;\">Regardez les bois apparents de la fa\u00e7ade. Ces fa\u00e7ades sont rares \u00e0 Paris. En fait, certaines anciennes maisons parisiennes sont cach\u00e9es par des r\u00e9novations de fa\u00e7ade.<\/span><br \/>\n<span style=\"font-family: 'Trebuchet MS', sans-serif;\">En 1967, les pans de bois que l&rsquo;on voit ici furent d\u00e9gag\u00e9s du pl\u00e2tre qui les recouvrait.<\/span><br \/>\n<span style=\"font-family: 'Trebuchet MS', sans-serif;\">Regardez ces immeubles au d\u00e9but du XX\u00e8me si\u00e8cle :<\/span><\/p>\n<div style=\"clear: both; text-align: center;\"><a style=\"margin-left: 1em; margin-right: 1em;\" href=\"http:\/\/1.bp.blogspot.com\/-VUbWnikgC_A\/U8uYQ93-QhI\/AAAAAAAACMM\/eTCUOvZvB9M\/s1600\/rueFrancoisMiron.jpg\" target=\"_blank\"><img loading=\"lazy\" decoding=\"async\" title=\"Cliquez sur l'image pour l'agrandir\" src=\"http:\/\/1.bp.blogspot.com\/-VUbWnikgC_A\/U8uYQ93-QhI\/AAAAAAAACMM\/eTCUOvZvB9M\/s1600\/rueFrancoisMiron.jpg\" alt=\"\" width=\"175\" height=\"400\" border=\"0\" \/><\/a><\/div>\n<p><span style=\"font-family: 'Trebuchet MS', sans-serif;\">En effet, en 1607, des mesures de protection contre les incendies furent d\u00e9cr\u00e9t\u00e9es et notamment l&rsquo;obligation de recouvrir de pl\u00e2tre les pans de bois (ces mesures furent renforc\u00e9es en 1667 du fait du grand incendie de Londres de 1666 !)<\/span><br \/>\n<span style=\"font-family: 'Trebuchet MS', sans-serif;\"><br \/>\n<\/span><span style=\"font-family: 'Trebuchet MS', sans-serif;\">Admirons maintenant la belle perspective offerte par la rue Soufflot :<\/span><\/p>\n<table style=\"margin-right: 1em; text-align: left;\" cellspacing=\"0\" cellpadding=\"0\">\n<tbody>\n<tr>\n<td style=\"text-align: center;\"><a style=\"clear: left; margin-bottom: 1em; margin-left: auto; margin-right: auto;\" href=\"http:\/\/1.bp.blogspot.com\/-S6-yNFhUCfY\/U8ucxfMSi-I\/AAAAAAAACMY\/TCWKVsz_QZw\/s1600\/PRT2014-05-01_02_RueSoufflotLarge.jpg\" target=\"_blank\"><img loading=\"lazy\" decoding=\"async\" title=\"Cliquez sur l'image pour l'agrandir\" src=\"http:\/\/1.bp.blogspot.com\/-S6-yNFhUCfY\/U8ucxfMSi-I\/AAAAAAAACMY\/TCWKVsz_QZw\/s1600\/PRT2014-05-01_02_RueSoufflotLarge.jpg\" alt=\"\" width=\"640\" height=\"284\" border=\"0\" \/><\/a><\/td>\n<\/tr>\n<tr>\n<td style=\"text-align: center;\"><span style=\"font-family: Trebuchet MS, sans-serif;\">Dave, Rue Soufflot (au fond, le S\u00e9nat et la Tour Eiffel au loin) &#8211; En haut de la rue Soufflot, le Panth\u00e9on (Le nom de la rue est celui de Jacques-Germain Soufflot, l&rsquo;architecte du Panth\u00e9on)<\/span><\/td>\n<\/tr>\n<\/tbody>\n<\/table>\n<p>&nbsp;<\/p>\n<div style=\"text-align: left;\"><span style=\"font-family: 'Trebuchet MS', sans-serif;\">Merci Dave !<\/span><\/div>\n<p><b style=\"font-family: 'Trebuchet MS', sans-serif;\">Les circuits des tours :<\/b><\/p>\n<div style=\"clear: both; text-align: center;\"><\/div>\n<div style=\"clear: both; text-align: center;\"><\/div>\n<div style=\"clear: both; text-align: center;\"><\/div>\n<div style=\"clear: both; text-align: center;\"><\/div>\n<div style=\"clear: both; text-align: center;\"><\/div>\n<div style=\"clear: both; text-align: center;\"><a style=\"clear: left; float: left; margin-bottom: 1em; margin-right: 1em;\" href=\"http:\/\/1.bp.blogspot.com\/-R3bKS46g5hw\/U8rGtnOs8uI\/AAAAAAAACLo\/bbhqFK2gK4s\/s1600\/ToursDave.jpg\" target=\"_blank\"><img loading=\"lazy\" decoding=\"async\" title=\"Cliquez sur l'image pour l'agrandir\" src=\"http:\/\/1.bp.blogspot.com\/-R3bKS46g5hw\/U8rGtnOs8uI\/AAAAAAAACLo\/bbhqFK2gK4s\/s1600\/ToursDave.jpg\" alt=\"\" width=\"636\" height=\"640\" border=\"0\" \/><\/a><\/div>\n<p><span style=\"font-family: Trebuchet MS, sans-serif; font-size: x-small;\"><br \/>\n<\/span><\/p>\n","protected":false},"excerpt":{"rendered":"<p>Dave &#8211; Pont Notre Dame &#8211; Au fond, \u00e0 gauche, le Tribunal de Commerce de Paris et \u00e0 droite, la Conciergerie Jeudi 1er mai &#8211; 8h03, lundi 12 mai &#8211; 8h01\u00a0&#8211;\u00a0Dave vient de la belle ville d&rsquo;Ottawa au Canada.\u00a0 Deux matin\u00e9es pour d\u00e9couvrir Paris de mani\u00e8re sportive. Une plong\u00e9e au travers des diverses couches d&rsquo;histoire qu&rsquo;offre Paris. Paris est une ville qui n&rsquo;a jamais \u00e9t\u00e9 d\u00e9truite contrairement \u00e0 Berlin (fin de la guerre 1945), Lisbonne (tremblement de terre de 1755) ou Londres (incendie de 1666), autres villes de premiers plans.\u00a0 Paris peut donc pr\u00e9senter aussi bien des vestiges romains que des b\u00e2timents du Moyen Age ou bien de nombreuses cr\u00e9ations royales (entre autres !). Succession de modes architecturales, de traditions urbanistiques et la plupart du temps une recherche d&rsquo;harmonie urbaine. Voyez, par exemple, ci-dessus, le Tribunal de Commerce, devant lequel nous nous sommes arr\u00eat\u00e9s. Regardons-le de face : Tribunal de Commerce de Paris Quelque chose de bizarre, non ? La coupole se trouve non pas au centre du b\u00e2timent mais \u00e0 droite ! Lubie d&rsquo;architecte ? Non, volont\u00e9 d&rsquo;harmonie urbaine. Le d\u00f4me est ainsi plac\u00e9 pour fermer au sud la perspective du Boulevard S\u00e9bastopol (perspective termin\u00e9e au nord par la Gare de l&rsquo;Est). Le Tribunal de Commerce est achev\u00e9 en 1864 alors que le Boulevard est inaugur\u00e9 en 1858. Regardez l&rsquo;alignement pr\u00e9cis du boulevard et du tribunal : Tribunal de Commerce de Paris et Boulevard S\u00e9bastopol Poursuivons notre course dans le Paris du Moyen Age, avec la superbe Abbaye de Cluny, maintenant, le Mus\u00e9e National du Moyen Age (et ses fameuses tapisseries de la Dame \u00e0 la Licorne) : Dave &#8211; Abbaye de Cluny et les deux vieilles maisons de la rue Fran\u00e7ois Miron : Dave &#8211; Rue Fran\u00e7ois Miron Regardez les bois apparents de la fa\u00e7ade. Ces fa\u00e7ades sont rares \u00e0 Paris. En fait, certaines anciennes maisons parisiennes sont cach\u00e9es par des r\u00e9novations de fa\u00e7ade. En 1967, les pans de bois que l&rsquo;on voit ici furent d\u00e9gag\u00e9s du pl\u00e2tre qui les recouvrait. Regardez ces immeubles au d\u00e9but du XX\u00e8me si\u00e8cle : En effet, en 1607, des mesures de protection contre les incendies furent d\u00e9cr\u00e9t\u00e9es et notamment l&rsquo;obligation de recouvrir de pl\u00e2tre les pans de bois (ces mesures furent renforc\u00e9es en 1667 du fait du grand incendie de Londres de 1666 !) Admirons maintenant la belle perspective offerte par la rue Soufflot : Dave, Rue Soufflot (au fond, le S\u00e9nat et la Tour Eiffel au loin) &#8211; En haut de la rue Soufflot, le Panth\u00e9on (Le nom de la rue est celui de Jacques-Germain Soufflot, l&rsquo;architecte du Panth\u00e9on) &nbsp; Merci Dave ! Les circuits des tours :<\/p>\n","protected":false},"author":1,"featured_media":1252,"comment_status":"open","ping_status":"open","sticky":false,"template":"","format":"standard","meta":{"footnotes":""},"categories":[37,48,18,46,47],"tags":[],"class_list":["post-63","post","type-post","status-publish","format-standard","has-post-thumbnail","hentry","category-conciergerie","category-musee-du-moyen-age","category-pantheon","category-rue-francois-miron","category-tribunal-de-commerce"],"yoast_head":"<!-- This site is optimized with the Yoast SEO plugin v27.5 - https:\/\/yoast.com\/product\/yoast-seo-wordpress\/ -->\n<title>Devant le Tribunal de Commerce de Paris avec Dave - Paris Running Tours<\/title>\n<meta name=\"robots\" content=\"index, follow, max-snippet:-1, max-image-preview:large, max-video-preview:-1\" \/>\n<link rel=\"canonical\" href=\"https:\/\/parisrunningtour.com\/fr\/devant-le-tribunal-de-commerce-de-paris-avec-dave\/\" \/>\n<meta property=\"og:locale\" content=\"fr_FR\" \/>\n<meta property=\"og:type\" content=\"article\" \/>\n<meta property=\"og:title\" content=\"Devant le Tribunal de Commerce de Paris avec Dave - Paris Running Tours\" \/>\n<meta property=\"og:description\" content=\"Dave &#8211; Pont Notre Dame &#8211; Au fond, \u00e0 gauche, le Tribunal de Commerce de Paris et \u00e0 droite, la Conciergerie Jeudi 1er mai &#8211; 8h03, lundi 12 mai &#8211; 8h01\u00a0&#8211;\u00a0Dave vient de la belle ville d&rsquo;Ottawa au Canada.\u00a0 Deux matin\u00e9es pour d\u00e9couvrir Paris de mani\u00e8re sportive. Une plong\u00e9e au travers des diverses couches d&rsquo;histoire qu&rsquo;offre Paris. Paris est une ville qui n&rsquo;a jamais \u00e9t\u00e9 d\u00e9truite contrairement \u00e0 Berlin (fin de la guerre 1945), Lisbonne (tremblement de terre de 1755) ou Londres (incendie de 1666), autres villes de premiers plans.\u00a0 Paris peut donc pr\u00e9senter aussi bien des vestiges romains que des b\u00e2timents du Moyen Age ou bien de nombreuses cr\u00e9ations royales (entre autres !). Succession de modes architecturales, de traditions urbanistiques et la plupart du temps une recherche d&rsquo;harmonie urbaine. Voyez, par exemple, ci-dessus, le Tribunal de Commerce, devant lequel nous nous sommes arr\u00eat\u00e9s. Regardons-le de face : Tribunal de Commerce de Paris Quelque chose de bizarre, non ? La coupole se trouve non pas au centre du b\u00e2timent mais \u00e0 droite ! Lubie d&rsquo;architecte ? Non, volont\u00e9 d&rsquo;harmonie urbaine. Le d\u00f4me est ainsi plac\u00e9 pour fermer au sud la perspective du Boulevard S\u00e9bastopol (perspective termin\u00e9e au nord par la Gare de l&rsquo;Est). Le Tribunal de Commerce est achev\u00e9 en 1864 alors que le Boulevard est inaugur\u00e9 en 1858. Regardez l&rsquo;alignement pr\u00e9cis du boulevard et du tribunal : Tribunal de Commerce de Paris et Boulevard S\u00e9bastopol Poursuivons notre course dans le Paris du Moyen Age, avec la superbe Abbaye de Cluny, maintenant, le Mus\u00e9e National du Moyen Age (et ses fameuses tapisseries de la Dame \u00e0 la Licorne) : Dave &#8211; Abbaye de Cluny et les deux vieilles maisons de la rue Fran\u00e7ois Miron : Dave &#8211; Rue Fran\u00e7ois Miron Regardez les bois apparents de la fa\u00e7ade. Ces fa\u00e7ades sont rares \u00e0 Paris. En fait, certaines anciennes maisons parisiennes sont cach\u00e9es par des r\u00e9novations de fa\u00e7ade. En 1967, les pans de bois que l&rsquo;on voit ici furent d\u00e9gag\u00e9s du pl\u00e2tre qui les recouvrait. Regardez ces immeubles au d\u00e9but du XX\u00e8me si\u00e8cle : En effet, en 1607, des mesures de protection contre les incendies furent d\u00e9cr\u00e9t\u00e9es et notamment l&rsquo;obligation de recouvrir de pl\u00e2tre les pans de bois (ces mesures furent renforc\u00e9es en 1667 du fait du grand incendie de Londres de 1666 !) Admirons maintenant la belle perspective offerte par la rue Soufflot : Dave, Rue Soufflot (au fond, le S\u00e9nat et la Tour Eiffel au loin) &#8211; En haut de la rue Soufflot, le Panth\u00e9on (Le nom de la rue est celui de Jacques-Germain Soufflot, l&rsquo;architecte du Panth\u00e9on) &nbsp; Merci Dave ! Les circuits des tours :\" \/>\n<meta property=\"og:url\" content=\"https:\/\/parisrunningtour.com\/fr\/devant-le-tribunal-de-commerce-de-paris-avec-dave\/\" \/>\n<meta property=\"og:site_name\" content=\"Paris Running Tours\" \/>\n<meta property=\"article:published_time\" content=\"2014-05-12T06:01:00+00:00\" \/>\n<meta property=\"article:modified_time\" content=\"2017-01-16T14:11:28+00:00\" \/>\n<meta property=\"og:image\" content=\"https:\/\/parisrunningtour.com\/fr\/wp-content\/uploads\/sites\/1\/2014\/05\/PRT2014-05-12_05_TribunalDeCommerce.jpg\" \/>\n\t<meta property=\"og:image:width\" content=\"900\" \/>\n\t<meta property=\"og:image:height\" content=\"900\" \/>\n\t<meta property=\"og:image:type\" content=\"image\/jpeg\" \/>\n<meta name=\"author\" content=\"admin\" \/>\n<meta name=\"twitter:card\" content=\"summary_large_image\" \/>\n<meta name=\"twitter:label1\" content=\"\u00c9crit par\" \/>\n\t<meta name=\"twitter:data1\" content=\"admin\" \/>\n\t<meta name=\"twitter:label2\" content=\"Dur\u00e9e de lecture estim\u00e9e\" \/>\n\t<meta name=\"twitter:data2\" content=\"2 minutes\" \/>\n<script type=\"application\/ld+json\" class=\"yoast-schema-graph\">{\"@context\":\"https:\\\/\\\/schema.org\",\"@graph\":[{\"@type\":\"Article\",\"@id\":\"https:\\\/\\\/parisrunningtour.com\\\/fr\\\/devant-le-tribunal-de-commerce-de-paris-avec-dave\\\/#article\",\"isPartOf\":{\"@id\":\"https:\\\/\\\/parisrunningtour.com\\\/fr\\\/devant-le-tribunal-de-commerce-de-paris-avec-dave\\\/\"},\"author\":{\"name\":\"admin\",\"@id\":\"https:\\\/\\\/parisrunningtour.com\\\/fr\\\/#\\\/schema\\\/person\\\/75f0dc3c395ae2b4e14e29aff8f6a5af\"},\"headline\":\"Devant le Tribunal de Commerce de Paris avec Dave\",\"datePublished\":\"2014-05-12T06:01:00+00:00\",\"dateModified\":\"2017-01-16T14:11:28+00:00\",\"mainEntityOfPage\":{\"@id\":\"https:\\\/\\\/parisrunningtour.com\\\/fr\\\/devant-le-tribunal-de-commerce-de-paris-avec-dave\\\/\"},\"wordCount\":469,\"commentCount\":0,\"publisher\":{\"@id\":\"https:\\\/\\\/parisrunningtour.com\\\/fr\\\/#organization\"},\"image\":{\"@id\":\"https:\\\/\\\/parisrunningtour.com\\\/fr\\\/devant-le-tribunal-de-commerce-de-paris-avec-dave\\\/#primaryimage\"},\"thumbnailUrl\":\"https:\\\/\\\/parisrunningtour.com\\\/fr\\\/wp-content\\\/uploads\\\/sites\\\/1\\\/2014\\\/05\\\/PRT2014-05-12_05_TribunalDeCommerce.jpg\",\"articleSection\":[\"Conciergerie\",\"Mus\u00e9e du Moyen Age\",\"Panth\u00e9on\",\"Rue Fran\u00e7ois Miron\",\"Tribunal de Commerce\"],\"inLanguage\":\"fr-FR\",\"potentialAction\":[{\"@type\":\"CommentAction\",\"name\":\"Comment\",\"target\":[\"https:\\\/\\\/parisrunningtour.com\\\/fr\\\/devant-le-tribunal-de-commerce-de-paris-avec-dave\\\/#respond\"]}]},{\"@type\":\"WebPage\",\"@id\":\"https:\\\/\\\/parisrunningtour.com\\\/fr\\\/devant-le-tribunal-de-commerce-de-paris-avec-dave\\\/\",\"url\":\"https:\\\/\\\/parisrunningtour.com\\\/fr\\\/devant-le-tribunal-de-commerce-de-paris-avec-dave\\\/\",\"name\":\"Devant le Tribunal de Commerce de Paris avec Dave - Paris Running Tours\",\"isPartOf\":{\"@id\":\"https:\\\/\\\/parisrunningtour.com\\\/fr\\\/#website\"},\"primaryImageOfPage\":{\"@id\":\"https:\\\/\\\/parisrunningtour.com\\\/fr\\\/devant-le-tribunal-de-commerce-de-paris-avec-dave\\\/#primaryimage\"},\"image\":{\"@id\":\"https:\\\/\\\/parisrunningtour.com\\\/fr\\\/devant-le-tribunal-de-commerce-de-paris-avec-dave\\\/#primaryimage\"},\"thumbnailUrl\":\"https:\\\/\\\/parisrunningtour.com\\\/fr\\\/wp-content\\\/uploads\\\/sites\\\/1\\\/2014\\\/05\\\/PRT2014-05-12_05_TribunalDeCommerce.jpg\",\"datePublished\":\"2014-05-12T06:01:00+00:00\",\"dateModified\":\"2017-01-16T14:11:28+00:00\",\"breadcrumb\":{\"@id\":\"https:\\\/\\\/parisrunningtour.com\\\/fr\\\/devant-le-tribunal-de-commerce-de-paris-avec-dave\\\/#breadcrumb\"},\"inLanguage\":\"fr-FR\",\"potentialAction\":[{\"@type\":\"ReadAction\",\"target\":[\"https:\\\/\\\/parisrunningtour.com\\\/fr\\\/devant-le-tribunal-de-commerce-de-paris-avec-dave\\\/\"]}]},{\"@type\":\"ImageObject\",\"inLanguage\":\"fr-FR\",\"@id\":\"https:\\\/\\\/parisrunningtour.com\\\/fr\\\/devant-le-tribunal-de-commerce-de-paris-avec-dave\\\/#primaryimage\",\"url\":\"https:\\\/\\\/parisrunningtour.com\\\/fr\\\/wp-content\\\/uploads\\\/sites\\\/1\\\/2014\\\/05\\\/PRT2014-05-12_05_TribunalDeCommerce.jpg\",\"contentUrl\":\"https:\\\/\\\/parisrunningtour.com\\\/fr\\\/wp-content\\\/uploads\\\/sites\\\/1\\\/2014\\\/05\\\/PRT2014-05-12_05_TribunalDeCommerce.jpg\",\"width\":900,\"height\":900},{\"@type\":\"BreadcrumbList\",\"@id\":\"https:\\\/\\\/parisrunningtour.com\\\/fr\\\/devant-le-tribunal-de-commerce-de-paris-avec-dave\\\/#breadcrumb\",\"itemListElement\":[{\"@type\":\"ListItem\",\"position\":1,\"name\":\"Accueil\",\"item\":\"https:\\\/\\\/parisrunningtour.com\\\/fr\\\/\"},{\"@type\":\"ListItem\",\"position\":2,\"name\":\"Devant le Tribunal de Commerce de Paris avec Dave\"}]},{\"@type\":\"WebSite\",\"@id\":\"https:\\\/\\\/parisrunningtour.com\\\/fr\\\/#website\",\"url\":\"https:\\\/\\\/parisrunningtour.com\\\/fr\\\/\",\"name\":\"Paris Running Tours\",\"description\":\"D\u00e9couvrir Paris en courant\",\"publisher\":{\"@id\":\"https:\\\/\\\/parisrunningtour.com\\\/fr\\\/#organization\"},\"potentialAction\":[{\"@type\":\"SearchAction\",\"target\":{\"@type\":\"EntryPoint\",\"urlTemplate\":\"https:\\\/\\\/parisrunningtour.com\\\/fr\\\/?s={search_term_string}\"},\"query-input\":{\"@type\":\"PropertyValueSpecification\",\"valueRequired\":true,\"valueName\":\"search_term_string\"}}],\"inLanguage\":\"fr-FR\"},{\"@type\":\"Organization\",\"@id\":\"https:\\\/\\\/parisrunningtour.com\\\/fr\\\/#organization\",\"name\":\"Paris Running Tours\",\"url\":\"https:\\\/\\\/parisrunningtour.com\\\/fr\\\/\",\"logo\":{\"@type\":\"ImageObject\",\"inLanguage\":\"fr-FR\",\"@id\":\"https:\\\/\\\/parisrunningtour.com\\\/fr\\\/#\\\/schema\\\/logo\\\/image\\\/\",\"url\":\"https:\\\/\\\/parisrunningtour.com\\\/fr\\\/wp-content\\\/uploads\\\/sites\\\/1\\\/2016\\\/12\\\/cropped-faviconPRT.png\",\"contentUrl\":\"https:\\\/\\\/parisrunningtour.com\\\/fr\\\/wp-content\\\/uploads\\\/sites\\\/1\\\/2016\\\/12\\\/cropped-faviconPRT.png\",\"width\":512,\"height\":512,\"caption\":\"Paris Running Tours\"},\"image\":{\"@id\":\"https:\\\/\\\/parisrunningtour.com\\\/fr\\\/#\\\/schema\\\/logo\\\/image\\\/\"}},{\"@type\":\"Person\",\"@id\":\"https:\\\/\\\/parisrunningtour.com\\\/fr\\\/#\\\/schema\\\/person\\\/75f0dc3c395ae2b4e14e29aff8f6a5af\",\"name\":\"admin\",\"image\":{\"@type\":\"ImageObject\",\"inLanguage\":\"fr-FR\",\"@id\":\"https:\\\/\\\/secure.gravatar.com\\\/avatar\\\/2980d1c79775d028873614111fac5ea2906175b9eba90c2fe773d875d19902e0?s=96&d=mm&r=g\",\"url\":\"https:\\\/\\\/secure.gravatar.com\\\/avatar\\\/2980d1c79775d028873614111fac5ea2906175b9eba90c2fe773d875d19902e0?s=96&d=mm&r=g\",\"contentUrl\":\"https:\\\/\\\/secure.gravatar.com\\\/avatar\\\/2980d1c79775d028873614111fac5ea2906175b9eba90c2fe773d875d19902e0?s=96&d=mm&r=g\",\"caption\":\"admin\"},\"sameAs\":[\"https:\\\/\\\/www.parisrunningtour.com\"],\"url\":\"https:\\\/\\\/parisrunningtour.com\\\/fr\\\/author\\\/admin\\\/\"}]}<\/script>\n<!-- \/ Yoast SEO plugin. -->","yoast_head_json":{"title":"Devant le Tribunal de Commerce de Paris avec Dave - Paris Running Tours","robots":{"index":"index","follow":"follow","max-snippet":"max-snippet:-1","max-image-preview":"max-image-preview:large","max-video-preview":"max-video-preview:-1"},"canonical":"https:\/\/parisrunningtour.com\/fr\/devant-le-tribunal-de-commerce-de-paris-avec-dave\/","og_locale":"fr_FR","og_type":"article","og_title":"Devant le Tribunal de Commerce de Paris avec Dave - Paris Running Tours","og_description":"Dave &#8211; Pont Notre Dame &#8211; Au fond, \u00e0 gauche, le Tribunal de Commerce de Paris et \u00e0 droite, la Conciergerie Jeudi 1er mai &#8211; 8h03, lundi 12 mai &#8211; 8h01\u00a0&#8211;\u00a0Dave vient de la belle ville d&rsquo;Ottawa au Canada.\u00a0 Deux matin\u00e9es pour d\u00e9couvrir Paris de mani\u00e8re sportive. Une plong\u00e9e au travers des diverses couches d&rsquo;histoire qu&rsquo;offre Paris. Paris est une ville qui n&rsquo;a jamais \u00e9t\u00e9 d\u00e9truite contrairement \u00e0 Berlin (fin de la guerre 1945), Lisbonne (tremblement de terre de 1755) ou Londres (incendie de 1666), autres villes de premiers plans.\u00a0 Paris peut donc pr\u00e9senter aussi bien des vestiges romains que des b\u00e2timents du Moyen Age ou bien de nombreuses cr\u00e9ations royales (entre autres !). Succession de modes architecturales, de traditions urbanistiques et la plupart du temps une recherche d&rsquo;harmonie urbaine. Voyez, par exemple, ci-dessus, le Tribunal de Commerce, devant lequel nous nous sommes arr\u00eat\u00e9s. Regardons-le de face : Tribunal de Commerce de Paris Quelque chose de bizarre, non ? La coupole se trouve non pas au centre du b\u00e2timent mais \u00e0 droite ! Lubie d&rsquo;architecte ? Non, volont\u00e9 d&rsquo;harmonie urbaine. Le d\u00f4me est ainsi plac\u00e9 pour fermer au sud la perspective du Boulevard S\u00e9bastopol (perspective termin\u00e9e au nord par la Gare de l&rsquo;Est). Le Tribunal de Commerce est achev\u00e9 en 1864 alors que le Boulevard est inaugur\u00e9 en 1858. Regardez l&rsquo;alignement pr\u00e9cis du boulevard et du tribunal : Tribunal de Commerce de Paris et Boulevard S\u00e9bastopol Poursuivons notre course dans le Paris du Moyen Age, avec la superbe Abbaye de Cluny, maintenant, le Mus\u00e9e National du Moyen Age (et ses fameuses tapisseries de la Dame \u00e0 la Licorne) : Dave &#8211; Abbaye de Cluny et les deux vieilles maisons de la rue Fran\u00e7ois Miron : Dave &#8211; Rue Fran\u00e7ois Miron Regardez les bois apparents de la fa\u00e7ade. Ces fa\u00e7ades sont rares \u00e0 Paris. En fait, certaines anciennes maisons parisiennes sont cach\u00e9es par des r\u00e9novations de fa\u00e7ade. En 1967, les pans de bois que l&rsquo;on voit ici furent d\u00e9gag\u00e9s du pl\u00e2tre qui les recouvrait. Regardez ces immeubles au d\u00e9but du XX\u00e8me si\u00e8cle : En effet, en 1607, des mesures de protection contre les incendies furent d\u00e9cr\u00e9t\u00e9es et notamment l&rsquo;obligation de recouvrir de pl\u00e2tre les pans de bois (ces mesures furent renforc\u00e9es en 1667 du fait du grand incendie de Londres de 1666 !) Admirons maintenant la belle perspective offerte par la rue Soufflot : Dave, Rue Soufflot (au fond, le S\u00e9nat et la Tour Eiffel au loin) &#8211; En haut de la rue Soufflot, le Panth\u00e9on (Le nom de la rue est celui de Jacques-Germain Soufflot, l&rsquo;architecte du Panth\u00e9on) &nbsp; Merci Dave ! Les circuits des tours :","og_url":"https:\/\/parisrunningtour.com\/fr\/devant-le-tribunal-de-commerce-de-paris-avec-dave\/","og_site_name":"Paris Running Tours","article_published_time":"2014-05-12T06:01:00+00:00","article_modified_time":"2017-01-16T14:11:28+00:00","og_image":[{"width":900,"height":900,"url":"https:\/\/parisrunningtour.com\/fr\/wp-content\/uploads\/sites\/1\/2014\/05\/PRT2014-05-12_05_TribunalDeCommerce.jpg","type":"image\/jpeg"}],"author":"admin","twitter_card":"summary_large_image","twitter_misc":{"\u00c9crit par":"admin","Dur\u00e9e de lecture estim\u00e9e":"2 minutes"},"schema":{"@context":"https:\/\/schema.org","@graph":[{"@type":"Article","@id":"https:\/\/parisrunningtour.com\/fr\/devant-le-tribunal-de-commerce-de-paris-avec-dave\/#article","isPartOf":{"@id":"https:\/\/parisrunningtour.com\/fr\/devant-le-tribunal-de-commerce-de-paris-avec-dave\/"},"author":{"name":"admin","@id":"https:\/\/parisrunningtour.com\/fr\/#\/schema\/person\/75f0dc3c395ae2b4e14e29aff8f6a5af"},"headline":"Devant le Tribunal de Commerce de Paris avec Dave","datePublished":"2014-05-12T06:01:00+00:00","dateModified":"2017-01-16T14:11:28+00:00","mainEntityOfPage":{"@id":"https:\/\/parisrunningtour.com\/fr\/devant-le-tribunal-de-commerce-de-paris-avec-dave\/"},"wordCount":469,"commentCount":0,"publisher":{"@id":"https:\/\/parisrunningtour.com\/fr\/#organization"},"image":{"@id":"https:\/\/parisrunningtour.com\/fr\/devant-le-tribunal-de-commerce-de-paris-avec-dave\/#primaryimage"},"thumbnailUrl":"https:\/\/parisrunningtour.com\/fr\/wp-content\/uploads\/sites\/1\/2014\/05\/PRT2014-05-12_05_TribunalDeCommerce.jpg","articleSection":["Conciergerie","Mus\u00e9e du Moyen Age","Panth\u00e9on","Rue Fran\u00e7ois Miron","Tribunal de Commerce"],"inLanguage":"fr-FR","potentialAction":[{"@type":"CommentAction","name":"Comment","target":["https:\/\/parisrunningtour.com\/fr\/devant-le-tribunal-de-commerce-de-paris-avec-dave\/#respond"]}]},{"@type":"WebPage","@id":"https:\/\/parisrunningtour.com\/fr\/devant-le-tribunal-de-commerce-de-paris-avec-dave\/","url":"https:\/\/parisrunningtour.com\/fr\/devant-le-tribunal-de-commerce-de-paris-avec-dave\/","name":"Devant le Tribunal de Commerce de Paris avec Dave - Paris Running Tours","isPartOf":{"@id":"https:\/\/parisrunningtour.com\/fr\/#website"},"primaryImageOfPage":{"@id":"https:\/\/parisrunningtour.com\/fr\/devant-le-tribunal-de-commerce-de-paris-avec-dave\/#primaryimage"},"image":{"@id":"https:\/\/parisrunningtour.com\/fr\/devant-le-tribunal-de-commerce-de-paris-avec-dave\/#primaryimage"},"thumbnailUrl":"https:\/\/parisrunningtour.com\/fr\/wp-content\/uploads\/sites\/1\/2014\/05\/PRT2014-05-12_05_TribunalDeCommerce.jpg","datePublished":"2014-05-12T06:01:00+00:00","dateModified":"2017-01-16T14:11:28+00:00","breadcrumb":{"@id":"https:\/\/parisrunningtour.com\/fr\/devant-le-tribunal-de-commerce-de-paris-avec-dave\/#breadcrumb"},"inLanguage":"fr-FR","potentialAction":[{"@type":"ReadAction","target":["https:\/\/parisrunningtour.com\/fr\/devant-le-tribunal-de-commerce-de-paris-avec-dave\/"]}]},{"@type":"ImageObject","inLanguage":"fr-FR","@id":"https:\/\/parisrunningtour.com\/fr\/devant-le-tribunal-de-commerce-de-paris-avec-dave\/#primaryimage","url":"https:\/\/parisrunningtour.com\/fr\/wp-content\/uploads\/sites\/1\/2014\/05\/PRT2014-05-12_05_TribunalDeCommerce.jpg","contentUrl":"https:\/\/parisrunningtour.com\/fr\/wp-content\/uploads\/sites\/1\/2014\/05\/PRT2014-05-12_05_TribunalDeCommerce.jpg","width":900,"height":900},{"@type":"BreadcrumbList","@id":"https:\/\/parisrunningtour.com\/fr\/devant-le-tribunal-de-commerce-de-paris-avec-dave\/#breadcrumb","itemListElement":[{"@type":"ListItem","position":1,"name":"Accueil","item":"https:\/\/parisrunningtour.com\/fr\/"},{"@type":"ListItem","position":2,"name":"Devant le Tribunal de Commerce de Paris avec Dave"}]},{"@type":"WebSite","@id":"https:\/\/parisrunningtour.com\/fr\/#website","url":"https:\/\/parisrunningtour.com\/fr\/","name":"Paris Running Tours","description":"D\u00e9couvrir Paris en courant","publisher":{"@id":"https:\/\/parisrunningtour.com\/fr\/#organization"},"potentialAction":[{"@type":"SearchAction","target":{"@type":"EntryPoint","urlTemplate":"https:\/\/parisrunningtour.com\/fr\/?s={search_term_string}"},"query-input":{"@type":"PropertyValueSpecification","valueRequired":true,"valueName":"search_term_string"}}],"inLanguage":"fr-FR"},{"@type":"Organization","@id":"https:\/\/parisrunningtour.com\/fr\/#organization","name":"Paris Running Tours","url":"https:\/\/parisrunningtour.com\/fr\/","logo":{"@type":"ImageObject","inLanguage":"fr-FR","@id":"https:\/\/parisrunningtour.com\/fr\/#\/schema\/logo\/image\/","url":"https:\/\/parisrunningtour.com\/fr\/wp-content\/uploads\/sites\/1\/2016\/12\/cropped-faviconPRT.png","contentUrl":"https:\/\/parisrunningtour.com\/fr\/wp-content\/uploads\/sites\/1\/2016\/12\/cropped-faviconPRT.png","width":512,"height":512,"caption":"Paris Running Tours"},"image":{"@id":"https:\/\/parisrunningtour.com\/fr\/#\/schema\/logo\/image\/"}},{"@type":"Person","@id":"https:\/\/parisrunningtour.com\/fr\/#\/schema\/person\/75f0dc3c395ae2b4e14e29aff8f6a5af","name":"admin","image":{"@type":"ImageObject","inLanguage":"fr-FR","@id":"https:\/\/secure.gravatar.com\/avatar\/2980d1c79775d028873614111fac5ea2906175b9eba90c2fe773d875d19902e0?s=96&d=mm&r=g","url":"https:\/\/secure.gravatar.com\/avatar\/2980d1c79775d028873614111fac5ea2906175b9eba90c2fe773d875d19902e0?s=96&d=mm&r=g","contentUrl":"https:\/\/secure.gravatar.com\/avatar\/2980d1c79775d028873614111fac5ea2906175b9eba90c2fe773d875d19902e0?s=96&d=mm&r=g","caption":"admin"},"sameAs":["https:\/\/www.parisrunningtour.com"],"url":"https:\/\/parisrunningtour.com\/fr\/author\/admin\/"}]}},"_links":{"self":[{"href":"https:\/\/parisrunningtour.com\/fr\/wp-json\/wp\/v2\/posts\/63","targetHints":{"allow":["GET"]}}],"collection":[{"href":"https:\/\/parisrunningtour.com\/fr\/wp-json\/wp\/v2\/posts"}],"about":[{"href":"https:\/\/parisrunningtour.com\/fr\/wp-json\/wp\/v2\/types\/post"}],"author":[{"embeddable":true,"href":"https:\/\/parisrunningtour.com\/fr\/wp-json\/wp\/v2\/users\/1"}],"replies":[{"embeddable":true,"href":"https:\/\/parisrunningtour.com\/fr\/wp-json\/wp\/v2\/comments?post=63"}],"version-history":[{"count":1,"href":"https:\/\/parisrunningtour.com\/fr\/wp-json\/wp\/v2\/posts\/63\/revisions"}],"predecessor-version":[{"id":1253,"href":"https:\/\/parisrunningtour.com\/fr\/wp-json\/wp\/v2\/posts\/63\/revisions\/1253"}],"wp:featuredmedia":[{"embeddable":true,"href":"https:\/\/parisrunningtour.com\/fr\/wp-json\/wp\/v2\/media\/1252"}],"wp:attachment":[{"href":"https:\/\/parisrunningtour.com\/fr\/wp-json\/wp\/v2\/media?parent=63"}],"wp:term":[{"taxonomy":"category","embeddable":true,"href":"https:\/\/parisrunningtour.com\/fr\/wp-json\/wp\/v2\/categories?post=63"},{"taxonomy":"post_tag","embeddable":true,"href":"https:\/\/parisrunningtour.com\/fr\/wp-json\/wp\/v2\/tags?post=63"}],"curies":[{"name":"wp","href":"https:\/\/api.w.org\/{rel}","templated":true}]}}