{"id":60,"date":"2014-07-03T10:24:00","date_gmt":"2014-07-03T08:24:00","guid":{"rendered":"http:\/\/runningtour.paris\/blog\/2014\/07\/03\/avec-laura-a-la-rencontre-de-genevieve-patronne-de-paris-et-modele-de-resistance\/"},"modified":"2026-01-15T08:56:28","modified_gmt":"2026-01-15T07:56:28","slug":"avec-laura-a-la-rencontre-de-genevieve-patronne-de-paris-et-modele-de-resistance","status":"publish","type":"post","link":"https:\/\/parisrunningtour.com\/fr\/avec-laura-a-la-rencontre-de-genevieve-patronne-de-paris-et-modele-de-resistance\/","title":{"rendered":"Avec Laura, \u00e0 la rencontre de Genevi\u00e8ve, patronne de Paris et mod\u00e8le de r\u00e9sistance"},"content":{"rendered":"<div style=\"clear: both;text-align: center\"><\/div>\n<div style=\"clear: both;text-align: center\"><\/div>\n<table style=\"margin-left: auto;margin-right: auto;text-align: center\" cellspacing=\"0\" cellpadding=\"0\" align=\"center\">\n<tbody>\n<tr>\n<td style=\"text-align: center\"><a style=\"margin-left: auto;margin-right: auto\" href=\"https:\/\/parisrunningtour.com\/fr\/wp-content\/uploads\/sites\/1\/2014\/07\/PRT2014-07-03_09_NotreDame-1.jpg\" target=\"_blank\"><img fetchpriority=\"high\" decoding=\"async\" title=\"Cliquez sur l'image pour l'agrandir\" src=\"https:\/\/parisrunningtour.com\/fr\/wp-content\/uploads\/sites\/1\/2014\/07\/PRT2014-07-03_09_NotreDame-1.jpg\" alt=\"\" width=\"640\" height=\"418\" border=\"0\" \/><\/a><\/td>\n<\/tr>\n<tr>\n<td style=\"text-align: center\"><span style=\"font-family: Trebuchet MS, sans-serif\">Laura &#8211; Notre-Dame<\/span><\/td>\n<\/tr>\n<\/tbody>\n<\/table>\n<p><span style=\"font-family: Trebuchet MS, sans-serif\"><b>15h53 &#8211; <\/b><\/span><span style=\"font-family: 'Trebuchet MS', sans-serif\">Laura habite en Oklahoma o\u00f9 elle est membre active d&rsquo;un groupe de coureuses, <b>Runhers<\/b>, qui promeut une vie saine et sportive, notamment gr\u00e2ce \u00e0 la course \u00e0 pied.<\/span><br \/>\n<span style=\"font-family: 'Trebuchet MS', sans-serif\"><br \/>\n<\/span><span style=\"font-family: 'Trebuchet MS', sans-serif\">Au programme de cet apr\u00e8s-midi, une d\u00e9couverte de la R<\/span><span style=\"font-family: 'Trebuchet MS', sans-serif\">ive gauche de Paris.<\/span><br \/>\n<span style=\"font-family: 'Trebuchet MS', sans-serif\"><br \/>\n<\/span><span style=\"font-family: 'Trebuchet MS', sans-serif\"><b>La Sorbonne :<\/b><\/span><\/p>\n<table style=\"margin-left: auto;margin-right: auto;text-align: center\" cellspacing=\"0\" cellpadding=\"0\" align=\"center\">\n<tbody>\n<tr>\n<td style=\"text-align: center\"><a style=\"margin-left: auto;margin-right: auto\" href=\"https:\/\/parisrunningtour.com\/fr\/wp-content\/uploads\/sites\/1\/2014\/07\/PRT2014-07-03_01_LaSorbonneRueStJacques.jpg\" target=\"_blank\"><img decoding=\"async\" title=\"Cliquez sur l'image pour l'agrandir\" src=\"https:\/\/parisrunningtour.com\/fr\/wp-content\/uploads\/sites\/1\/2014\/07\/PRT2014-07-03_01_LaSorbonneRueStJacques.jpg\" alt=\"\" width=\"640\" height=\"424\" border=\"0\" \/><\/a><\/td>\n<\/tr>\n<tr>\n<td style=\"text-align: center\"><span style=\"font-family: Trebuchet MS, sans-serif\">Laura &#8211; Universit\u00e9 de la Sorbonne &#8211; Rue Saint-Jacques<br \/>\nD\u00e9couvrez une vue de la Sorbonne et son histoire dans cet <a href=\"http:\/\/parisrunningtour-fr.blogspot.fr\/2013\/09\/perspectives-parisiennes-avec-karine.html\" target=\"_blank\">autre article<\/a><\/span><\/td>\n<\/tr>\n<\/tbody>\n<\/table>\n<p><span style=\"font-family: 'Trebuchet MS', sans-serif\"><br \/>\n<\/span><span style=\"font-family: 'Trebuchet MS', sans-serif\">La <b>rue du Cardinal Lemoine<\/b>, o\u00f9 nous avons rencontr\u00e9 la demeure de l&rsquo;\u00e9crivain Irlandais James Joyce :<\/span><\/p>\n<table style=\"margin-left: auto;margin-right: auto;text-align: center\" cellspacing=\"0\" cellpadding=\"0\" align=\"center\">\n<tbody>\n<tr>\n<td style=\"text-align: center\"><a style=\"margin-left: auto;margin-right: auto\" href=\"https:\/\/parisrunningtour.com\/fr\/wp-content\/uploads\/sites\/1\/2014\/07\/PRT2014-07-03_03_JJoyceRueDuCardinalLemoine.jpg\" target=\"_blank\"><img decoding=\"async\" title=\"Cliquez sur l'image pour l'agrandir\" src=\"https:\/\/parisrunningtour.com\/fr\/wp-content\/uploads\/sites\/1\/2014\/07\/PRT2014-07-03_03_JJoyceRueDuCardinalLemoine.jpg\" alt=\"\" width=\"640\" height=\"364\" border=\"0\" \/><\/a><\/td>\n<\/tr>\n<tr>\n<td style=\"text-align: center\"><span style=\"font-family: Trebuchet MS, sans-serif\">Laura &#8211; 71 rue du Cardinal Lemoine<br \/>\nJames Joyce y \u00e9crivit son roman \u00ab\u00a0Ulysse\u00a0\u00bb<br \/>\nNon loin de l\u00e0, une des demeures d&rsquo;Ernest Hemingway (rappelez-vous de\u00a0<a href=\"http:\/\/parisrunningtour-fr.blogspot.fr\/2014\/06\/a-la-rencontre-des-ecrivains-americains.html\" target=\"_blank\">cet article<\/a>)<\/span><\/td>\n<\/tr>\n<\/tbody>\n<\/table>\n<p><span style=\"font-family: 'Trebuchet MS', sans-serif\"><br \/>\n<\/span><span style=\"font-family: 'Trebuchet MS', sans-serif\">La belle <b>Place de la Contrescarpe<\/b> :<\/span><\/p>\n<table style=\"margin-left: auto;margin-right: auto;text-align: center\" cellspacing=\"0\" cellpadding=\"0\" align=\"center\">\n<tbody>\n<tr>\n<td style=\"text-align: center\"><a style=\"margin-left: auto;margin-right: auto\" href=\"https:\/\/parisrunningtour.com\/fr\/wp-content\/uploads\/sites\/1\/2014\/07\/PRT2014-07-03_04_PlaceDeLaContrescarpe-1.jpg\" target=\"_blank\"><img loading=\"lazy\" decoding=\"async\" title=\"Cliquez sur l'image pour l'agrandir\" src=\"https:\/\/parisrunningtour.com\/fr\/wp-content\/uploads\/sites\/1\/2014\/07\/PRT2014-07-03_04_PlaceDeLaContrescarpe-1.jpg\" alt=\"\" width=\"640\" height=\"398\" border=\"0\" \/><\/a><\/td>\n<\/tr>\n<tr>\n<td style=\"text-align: center\"><span style=\"font-family: Trebuchet MS, sans-serif\">Laura &#8211; Place de la Contrescarpe<\/span><\/td>\n<\/tr>\n<\/tbody>\n<\/table>\n<p><span style=\"font-family: 'Trebuchet MS', sans-serif\"><br \/>\n<\/span><span style=\"font-family: 'Trebuchet MS', sans-serif\"><b>Le Jardin des Plantes<\/b><\/span><span style=\"font-family: Trebuchet MS, sans-serif\">, d&rsquo;o\u00f9 nous pouvons voir le squelette g\u00e9ant d&rsquo;une baleine, derri\u00e8re les fen\u00eatres de la Galerie de Pal\u00e9ontologie :<\/span><\/p>\n<table style=\"margin-left: auto;margin-right: auto;text-align: center\" cellspacing=\"0\" cellpadding=\"0\" align=\"center\">\n<tbody>\n<tr>\n<td style=\"text-align: center\"><a style=\"margin-left: auto;margin-right: auto\" href=\"https:\/\/parisrunningtour.com\/fr\/wp-content\/uploads\/sites\/1\/2014\/07\/PRT2014-07-03_06_JardinDesPlantes.jpg\" target=\"_blank\"><img loading=\"lazy\" decoding=\"async\" title=\"Cliquez sur l'image pour l'agrandir\" src=\"https:\/\/parisrunningtour.com\/fr\/wp-content\/uploads\/sites\/1\/2014\/07\/PRT2014-07-03_06_JardinDesPlantes.jpg\" alt=\"\" width=\"640\" height=\"416\" border=\"0\" \/><\/a><\/td>\n<\/tr>\n<tr>\n<td style=\"text-align: center\"><span style=\"font-family: Trebuchet MS, sans-serif\">Laura &#8211;\u00a0Galerie de pal\u00e9ontologie et d&rsquo;anatomie compar\u00e9e du Mus\u00e9um national d&rsquo;histoire naturelle<\/span><span style=\"font-family: 'Trebuchet MS', sans-serif\">\u00a0<\/span><\/td>\n<\/tr>\n<\/tbody>\n<\/table>\n<p><span style=\"font-family: Trebuchet MS, sans-serif\"><br \/>\n<\/span><span style=\"font-family: Trebuchet MS, sans-serif\">Lors de notre course, au jardin du Luxembourg, nous avons crois\u00e9 <b>Genevi\u00e8ve, la Patronne de Paris<\/b> :<\/span><\/p>\n<table style=\"margin-left: auto;margin-right: auto;text-align: center\" cellspacing=\"0\" cellpadding=\"0\" align=\"center\">\n<tbody>\n<tr>\n<td style=\"text-align: center\"><a style=\"margin-left: auto;margin-right: auto\" href=\"https:\/\/parisrunningtour.com\/fr\/wp-content\/uploads\/sites\/1\/2014\/07\/PRT2014-07-03_16_SainteGenevieve.jpg\" target=\"_blank\"><img loading=\"lazy\" decoding=\"async\" title=\"Cliquez sur l'image pour l'agrandir\" src=\"https:\/\/parisrunningtour.com\/fr\/wp-content\/uploads\/sites\/1\/2014\/07\/PRT2014-07-03_16_SainteGenevieve.jpg\" alt=\"\" width=\"398\" height=\"640\" border=\"0\" \/><\/a><\/td>\n<\/tr>\n<tr>\n<td style=\"text-align: center\"><span style=\"font-family: Trebuchet MS, sans-serif\">Laura &#8211; Sainte Genevi\u00e8ve (voir aussi <a href=\"http:\/\/parisrunningtour-fr.blogspot.fr\/2012\/08\/deux-circuits-sportifs-la-decouverte-de.html\" target=\"_blank\">cet article<\/a>)<\/span><\/td>\n<\/tr>\n<\/tbody>\n<\/table>\n<p><span style=\"font-family: Trebuchet MS, sans-serif\"><br \/>\n<\/span><span style=\"font-family: Trebuchet MS, sans-serif\">Genevi\u00e8ve, fille d&rsquo;un Franc romanis\u00e9, aurait eu la charge de membre du Conseil Municipal de Paris (apr\u00e8s celle de Nanterre).<\/span><br \/>\n<span style=\"font-family: Trebuchet MS, sans-serif\">D&rsquo;apr\u00e8s la tradition, Genevi\u00e8ve, en l&rsquo;an 451, aurait emp\u00each\u00e9 Attila et ses Huns d&rsquo;envahir Paris en encourageant ses habitants \u00e0 la r\u00e9sistance.<\/span><br \/>\n<span style=\"font-family: Trebuchet MS, sans-serif\"><br \/>\n<\/span><span style=\"font-family: Trebuchet MS, sans-serif\">Genevi\u00e8ve, mod\u00e8le de courage et d&rsquo;endurance pour Laura\u00a0<\/span><span style=\"font-family: 'Trebuchet MS', sans-serif\">qui va courir successivement le Marathon de Chicago puis celui de New-York cet automne.<\/span><br \/>\n<span style=\"font-family: Trebuchet MS, sans-serif\"><br \/>\n<\/span><span style=\"font-family: 'Trebuchet MS', sans-serif\">Allez Laura !<\/span><\/p>\n<p><b style=\"font-family: 'Trebuchet MS', sans-serif\">Le circuit du tour :<\/b><\/p>\n<div style=\"clear: both;text-align: center\"><b style=\"font-family: 'Trebuchet MS', sans-serif\"><a style=\"clear: left;float: left;margin-bottom: 1em;margin-right: 1em\" href=\"https:\/\/parisrunningtour.com\/fr\/wp-content\/uploads\/sites\/1\/2014\/07\/TourLaura-1.jpg\" target=\"_blank\"><img loading=\"lazy\" decoding=\"async\" title=\"Cliquez sur l'image pour l'agrandir\" src=\"https:\/\/parisrunningtour.com\/fr\/wp-content\/uploads\/sites\/1\/2014\/07\/TourLaura-1.jpg\" alt=\"\" width=\"640\" height=\"486\" border=\"0\" \/><\/a><\/b><\/div>\n<p>&nbsp;<\/p>\n<div style=\"clear: both;text-align: center\"><\/div>\n<div style=\"clear: both;text-align: center\"><\/div>\n<div style=\"clear: both;text-align: center\"><\/div>\n<div style=\"clear: both;text-align: center\"><\/div>\n","protected":false},"excerpt":{"rendered":"<p>Laura &#8211; Notre-Dame 15h53 &#8211; Laura habite en Oklahoma o\u00f9 elle est membre active d&rsquo;un groupe de coureuses, Runhers, qui promeut une vie saine et sportive, notamment gr\u00e2ce \u00e0 la course \u00e0 pied. Au programme de cet apr\u00e8s-midi, une d\u00e9couverte de la Rive gauche de Paris. La Sorbonne : Laura &#8211; Universit\u00e9 de la Sorbonne &#8211; Rue Saint-Jacques D\u00e9couvrez une vue de la Sorbonne et son histoire dans cet autre article La rue du Cardinal Lemoine, o\u00f9 nous avons rencontr\u00e9 la demeure de l&rsquo;\u00e9crivain Irlandais James Joyce : Laura &#8211; 71 rue du Cardinal Lemoine James Joyce y \u00e9crivit son roman \u00ab\u00a0Ulysse\u00a0\u00bb Non loin de l\u00e0, une des demeures d&rsquo;Ernest Hemingway (rappelez-vous de\u00a0cet article) La belle Place de la Contrescarpe : Laura &#8211; Place de la Contrescarpe Le Jardin des Plantes, d&rsquo;o\u00f9 nous pouvons voir le squelette g\u00e9ant d&rsquo;une baleine, derri\u00e8re les fen\u00eatres de la Galerie de Pal\u00e9ontologie : Laura &#8211;\u00a0Galerie de pal\u00e9ontologie et d&rsquo;anatomie compar\u00e9e du Mus\u00e9um national d&rsquo;histoire naturelle\u00a0 Lors de notre course, au jardin du Luxembourg, nous avons crois\u00e9 Genevi\u00e8ve, la Patronne de Paris : Laura &#8211; Sainte Genevi\u00e8ve (voir aussi cet article) Genevi\u00e8ve, fille d&rsquo;un Franc romanis\u00e9, aurait eu la charge de membre du Conseil Municipal de Paris (apr\u00e8s celle de Nanterre). D&rsquo;apr\u00e8s la tradition, Genevi\u00e8ve, en l&rsquo;an 451, aurait emp\u00each\u00e9 Attila et ses Huns d&rsquo;envahir Paris en encourageant ses habitants \u00e0 la r\u00e9sistance. Genevi\u00e8ve, mod\u00e8le de courage et d&rsquo;endurance pour Laura\u00a0qui va courir successivement le Marathon de Chicago puis celui de New-York cet automne. Allez Laura ! Le circuit du tour : &nbsp;<\/p>\n","protected":false},"author":1,"featured_media":5078,"comment_status":"open","ping_status":"open","sticky":false,"template":"","format":"standard","meta":{"footnotes":""},"categories":[4,7,5,6,40],"tags":[],"class_list":["post-60","post","type-post","status-publish","format-standard","has-post-thumbnail","hentry","category-jardin-des-plantes","category-luxembourg-jardin-du","category-notre-dame","category-place-de-la-contrescarpe","category-sorbonne-la"],"yoast_head":"<!-- This site is optimized with the Yoast SEO plugin v27.5 - https:\/\/yoast.com\/product\/yoast-seo-wordpress\/ -->\n<title>Avec Laura, \u00e0 la rencontre de Genevi\u00e8ve, patronne de Paris et mod\u00e8le de r\u00e9sistance - Paris Running Tours<\/title>\n<meta name=\"robots\" content=\"index, follow, max-snippet:-1, max-image-preview:large, max-video-preview:-1\" \/>\n<link rel=\"canonical\" href=\"https:\/\/parisrunningtour.com\/fr\/avec-laura-a-la-rencontre-de-genevieve-patronne-de-paris-et-modele-de-resistance\/\" \/>\n<meta property=\"og:locale\" content=\"fr_FR\" \/>\n<meta property=\"og:type\" content=\"article\" \/>\n<meta property=\"og:title\" content=\"Avec Laura, \u00e0 la rencontre de Genevi\u00e8ve, patronne de Paris et mod\u00e8le de r\u00e9sistance - Paris Running Tours\" \/>\n<meta property=\"og:description\" content=\"Laura &#8211; Notre-Dame 15h53 &#8211; Laura habite en Oklahoma o\u00f9 elle est membre active d&rsquo;un groupe de coureuses, Runhers, qui promeut une vie saine et sportive, notamment gr\u00e2ce \u00e0 la course \u00e0 pied. Au programme de cet apr\u00e8s-midi, une d\u00e9couverte de la Rive gauche de Paris. La Sorbonne : Laura &#8211; Universit\u00e9 de la Sorbonne &#8211; Rue Saint-Jacques D\u00e9couvrez une vue de la Sorbonne et son histoire dans cet autre article La rue du Cardinal Lemoine, o\u00f9 nous avons rencontr\u00e9 la demeure de l&rsquo;\u00e9crivain Irlandais James Joyce : Laura &#8211; 71 rue du Cardinal Lemoine James Joyce y \u00e9crivit son roman \u00ab\u00a0Ulysse\u00a0\u00bb Non loin de l\u00e0, une des demeures d&rsquo;Ernest Hemingway (rappelez-vous de\u00a0cet article) La belle Place de la Contrescarpe : Laura &#8211; Place de la Contrescarpe Le Jardin des Plantes, d&rsquo;o\u00f9 nous pouvons voir le squelette g\u00e9ant d&rsquo;une baleine, derri\u00e8re les fen\u00eatres de la Galerie de Pal\u00e9ontologie : Laura &#8211;\u00a0Galerie de pal\u00e9ontologie et d&rsquo;anatomie compar\u00e9e du Mus\u00e9um national d&rsquo;histoire naturelle\u00a0 Lors de notre course, au jardin du Luxembourg, nous avons crois\u00e9 Genevi\u00e8ve, la Patronne de Paris : Laura &#8211; Sainte Genevi\u00e8ve (voir aussi cet article) Genevi\u00e8ve, fille d&rsquo;un Franc romanis\u00e9, aurait eu la charge de membre du Conseil Municipal de Paris (apr\u00e8s celle de Nanterre). D&rsquo;apr\u00e8s la tradition, Genevi\u00e8ve, en l&rsquo;an 451, aurait emp\u00each\u00e9 Attila et ses Huns d&rsquo;envahir Paris en encourageant ses habitants \u00e0 la r\u00e9sistance. Genevi\u00e8ve, mod\u00e8le de courage et d&rsquo;endurance pour Laura\u00a0qui va courir successivement le Marathon de Chicago puis celui de New-York cet automne. Allez Laura ! Le circuit du tour : &nbsp;\" \/>\n<meta property=\"og:url\" content=\"https:\/\/parisrunningtour.com\/fr\/avec-laura-a-la-rencontre-de-genevieve-patronne-de-paris-et-modele-de-resistance\/\" \/>\n<meta property=\"og:site_name\" content=\"Paris Running Tours\" \/>\n<meta property=\"article:published_time\" content=\"2014-07-03T08:24:00+00:00\" \/>\n<meta property=\"article:modified_time\" content=\"2026-01-15T07:56:28+00:00\" \/>\n<meta property=\"og:image\" content=\"https:\/\/parisrunningtour.com\/fr\/wp-content\/uploads\/sites\/1\/2014\/07\/PRT2014-07-03_09_NotreDame-1.jpg\" \/>\n\t<meta property=\"og:image:width\" content=\"1024\" \/>\n\t<meta property=\"og:image:height\" content=\"669\" \/>\n\t<meta property=\"og:image:type\" content=\"image\/jpeg\" \/>\n<meta name=\"author\" content=\"admin\" \/>\n<meta name=\"twitter:card\" content=\"summary_large_image\" \/>\n<meta name=\"twitter:label1\" content=\"\u00c9crit par\" \/>\n\t<meta name=\"twitter:data1\" content=\"admin\" \/>\n\t<meta name=\"twitter:label2\" content=\"Dur\u00e9e de lecture estim\u00e9e\" \/>\n\t<meta name=\"twitter:data2\" content=\"1 minute\" \/>\n<script type=\"application\/ld+json\" class=\"yoast-schema-graph\">{\"@context\":\"https:\\\/\\\/schema.org\",\"@graph\":[{\"@type\":\"Article\",\"@id\":\"https:\\\/\\\/parisrunningtour.com\\\/fr\\\/avec-laura-a-la-rencontre-de-genevieve-patronne-de-paris-et-modele-de-resistance\\\/#article\",\"isPartOf\":{\"@id\":\"https:\\\/\\\/parisrunningtour.com\\\/fr\\\/avec-laura-a-la-rencontre-de-genevieve-patronne-de-paris-et-modele-de-resistance\\\/\"},\"author\":{\"name\":\"admin\",\"@id\":\"https:\\\/\\\/parisrunningtour.com\\\/fr\\\/#\\\/schema\\\/person\\\/75f0dc3c395ae2b4e14e29aff8f6a5af\"},\"headline\":\"Avec Laura, \u00e0 la rencontre de Genevi\u00e8ve, patronne de Paris et mod\u00e8le de r\u00e9sistance\",\"datePublished\":\"2014-07-03T08:24:00+00:00\",\"dateModified\":\"2026-01-15T07:56:28+00:00\",\"mainEntityOfPage\":{\"@id\":\"https:\\\/\\\/parisrunningtour.com\\\/fr\\\/avec-laura-a-la-rencontre-de-genevieve-patronne-de-paris-et-modele-de-resistance\\\/\"},\"wordCount\":299,\"commentCount\":0,\"publisher\":{\"@id\":\"https:\\\/\\\/parisrunningtour.com\\\/fr\\\/#organization\"},\"image\":{\"@id\":\"https:\\\/\\\/parisrunningtour.com\\\/fr\\\/avec-laura-a-la-rencontre-de-genevieve-patronne-de-paris-et-modele-de-resistance\\\/#primaryimage\"},\"thumbnailUrl\":\"https:\\\/\\\/parisrunningtour.com\\\/fr\\\/wp-content\\\/uploads\\\/sites\\\/1\\\/2014\\\/07\\\/PRT2014-07-03_09_NotreDame-1.jpg\",\"articleSection\":[\"Jardin des Plantes\",\"Luxembourg (Jardin du)\",\"Notre Dame\",\"Place de la Contrescarpe\",\"Sorbonne (La)\"],\"inLanguage\":\"fr-FR\",\"potentialAction\":[{\"@type\":\"CommentAction\",\"name\":\"Comment\",\"target\":[\"https:\\\/\\\/parisrunningtour.com\\\/fr\\\/avec-laura-a-la-rencontre-de-genevieve-patronne-de-paris-et-modele-de-resistance\\\/#respond\"]}]},{\"@type\":\"WebPage\",\"@id\":\"https:\\\/\\\/parisrunningtour.com\\\/fr\\\/avec-laura-a-la-rencontre-de-genevieve-patronne-de-paris-et-modele-de-resistance\\\/\",\"url\":\"https:\\\/\\\/parisrunningtour.com\\\/fr\\\/avec-laura-a-la-rencontre-de-genevieve-patronne-de-paris-et-modele-de-resistance\\\/\",\"name\":\"Avec Laura, \u00e0 la rencontre de Genevi\u00e8ve, patronne de Paris et mod\u00e8le de r\u00e9sistance - Paris Running Tours\",\"isPartOf\":{\"@id\":\"https:\\\/\\\/parisrunningtour.com\\\/fr\\\/#website\"},\"primaryImageOfPage\":{\"@id\":\"https:\\\/\\\/parisrunningtour.com\\\/fr\\\/avec-laura-a-la-rencontre-de-genevieve-patronne-de-paris-et-modele-de-resistance\\\/#primaryimage\"},\"image\":{\"@id\":\"https:\\\/\\\/parisrunningtour.com\\\/fr\\\/avec-laura-a-la-rencontre-de-genevieve-patronne-de-paris-et-modele-de-resistance\\\/#primaryimage\"},\"thumbnailUrl\":\"https:\\\/\\\/parisrunningtour.com\\\/fr\\\/wp-content\\\/uploads\\\/sites\\\/1\\\/2014\\\/07\\\/PRT2014-07-03_09_NotreDame-1.jpg\",\"datePublished\":\"2014-07-03T08:24:00+00:00\",\"dateModified\":\"2026-01-15T07:56:28+00:00\",\"breadcrumb\":{\"@id\":\"https:\\\/\\\/parisrunningtour.com\\\/fr\\\/avec-laura-a-la-rencontre-de-genevieve-patronne-de-paris-et-modele-de-resistance\\\/#breadcrumb\"},\"inLanguage\":\"fr-FR\",\"potentialAction\":[{\"@type\":\"ReadAction\",\"target\":[\"https:\\\/\\\/parisrunningtour.com\\\/fr\\\/avec-laura-a-la-rencontre-de-genevieve-patronne-de-paris-et-modele-de-resistance\\\/\"]}]},{\"@type\":\"ImageObject\",\"inLanguage\":\"fr-FR\",\"@id\":\"https:\\\/\\\/parisrunningtour.com\\\/fr\\\/avec-laura-a-la-rencontre-de-genevieve-patronne-de-paris-et-modele-de-resistance\\\/#primaryimage\",\"url\":\"https:\\\/\\\/parisrunningtour.com\\\/fr\\\/wp-content\\\/uploads\\\/sites\\\/1\\\/2014\\\/07\\\/PRT2014-07-03_09_NotreDame-1.jpg\",\"contentUrl\":\"https:\\\/\\\/parisrunningtour.com\\\/fr\\\/wp-content\\\/uploads\\\/sites\\\/1\\\/2014\\\/07\\\/PRT2014-07-03_09_NotreDame-1.jpg\",\"width\":1024,\"height\":669},{\"@type\":\"BreadcrumbList\",\"@id\":\"https:\\\/\\\/parisrunningtour.com\\\/fr\\\/avec-laura-a-la-rencontre-de-genevieve-patronne-de-paris-et-modele-de-resistance\\\/#breadcrumb\",\"itemListElement\":[{\"@type\":\"ListItem\",\"position\":1,\"name\":\"Accueil\",\"item\":\"https:\\\/\\\/parisrunningtour.com\\\/fr\\\/\"},{\"@type\":\"ListItem\",\"position\":2,\"name\":\"Avec Laura, \u00e0 la rencontre de Genevi\u00e8ve, patronne de Paris et mod\u00e8le de r\u00e9sistance\"}]},{\"@type\":\"WebSite\",\"@id\":\"https:\\\/\\\/parisrunningtour.com\\\/fr\\\/#website\",\"url\":\"https:\\\/\\\/parisrunningtour.com\\\/fr\\\/\",\"name\":\"Paris Running Tours\",\"description\":\"D\u00e9couvrir Paris en courant\",\"publisher\":{\"@id\":\"https:\\\/\\\/parisrunningtour.com\\\/fr\\\/#organization\"},\"potentialAction\":[{\"@type\":\"SearchAction\",\"target\":{\"@type\":\"EntryPoint\",\"urlTemplate\":\"https:\\\/\\\/parisrunningtour.com\\\/fr\\\/?s={search_term_string}\"},\"query-input\":{\"@type\":\"PropertyValueSpecification\",\"valueRequired\":true,\"valueName\":\"search_term_string\"}}],\"inLanguage\":\"fr-FR\"},{\"@type\":\"Organization\",\"@id\":\"https:\\\/\\\/parisrunningtour.com\\\/fr\\\/#organization\",\"name\":\"Paris Running Tours\",\"url\":\"https:\\\/\\\/parisrunningtour.com\\\/fr\\\/\",\"logo\":{\"@type\":\"ImageObject\",\"inLanguage\":\"fr-FR\",\"@id\":\"https:\\\/\\\/parisrunningtour.com\\\/fr\\\/#\\\/schema\\\/logo\\\/image\\\/\",\"url\":\"https:\\\/\\\/parisrunningtour.com\\\/fr\\\/wp-content\\\/uploads\\\/sites\\\/1\\\/2016\\\/12\\\/cropped-faviconPRT.png\",\"contentUrl\":\"https:\\\/\\\/parisrunningtour.com\\\/fr\\\/wp-content\\\/uploads\\\/sites\\\/1\\\/2016\\\/12\\\/cropped-faviconPRT.png\",\"width\":512,\"height\":512,\"caption\":\"Paris Running Tours\"},\"image\":{\"@id\":\"https:\\\/\\\/parisrunningtour.com\\\/fr\\\/#\\\/schema\\\/logo\\\/image\\\/\"}},{\"@type\":\"Person\",\"@id\":\"https:\\\/\\\/parisrunningtour.com\\\/fr\\\/#\\\/schema\\\/person\\\/75f0dc3c395ae2b4e14e29aff8f6a5af\",\"name\":\"admin\",\"image\":{\"@type\":\"ImageObject\",\"inLanguage\":\"fr-FR\",\"@id\":\"https:\\\/\\\/secure.gravatar.com\\\/avatar\\\/2980d1c79775d028873614111fac5ea2906175b9eba90c2fe773d875d19902e0?s=96&d=mm&r=g\",\"url\":\"https:\\\/\\\/secure.gravatar.com\\\/avatar\\\/2980d1c79775d028873614111fac5ea2906175b9eba90c2fe773d875d19902e0?s=96&d=mm&r=g\",\"contentUrl\":\"https:\\\/\\\/secure.gravatar.com\\\/avatar\\\/2980d1c79775d028873614111fac5ea2906175b9eba90c2fe773d875d19902e0?s=96&d=mm&r=g\",\"caption\":\"admin\"},\"sameAs\":[\"https:\\\/\\\/www.parisrunningtour.com\"],\"url\":\"https:\\\/\\\/parisrunningtour.com\\\/fr\\\/author\\\/admin\\\/\"}]}<\/script>\n<!-- \/ Yoast SEO plugin. -->","yoast_head_json":{"title":"Avec Laura, \u00e0 la rencontre de Genevi\u00e8ve, patronne de Paris et mod\u00e8le de r\u00e9sistance - Paris Running Tours","robots":{"index":"index","follow":"follow","max-snippet":"max-snippet:-1","max-image-preview":"max-image-preview:large","max-video-preview":"max-video-preview:-1"},"canonical":"https:\/\/parisrunningtour.com\/fr\/avec-laura-a-la-rencontre-de-genevieve-patronne-de-paris-et-modele-de-resistance\/","og_locale":"fr_FR","og_type":"article","og_title":"Avec Laura, \u00e0 la rencontre de Genevi\u00e8ve, patronne de Paris et mod\u00e8le de r\u00e9sistance - Paris Running Tours","og_description":"Laura &#8211; Notre-Dame 15h53 &#8211; Laura habite en Oklahoma o\u00f9 elle est membre active d&rsquo;un groupe de coureuses, Runhers, qui promeut une vie saine et sportive, notamment gr\u00e2ce \u00e0 la course \u00e0 pied. Au programme de cet apr\u00e8s-midi, une d\u00e9couverte de la Rive gauche de Paris. La Sorbonne : Laura &#8211; Universit\u00e9 de la Sorbonne &#8211; Rue Saint-Jacques D\u00e9couvrez une vue de la Sorbonne et son histoire dans cet autre article La rue du Cardinal Lemoine, o\u00f9 nous avons rencontr\u00e9 la demeure de l&rsquo;\u00e9crivain Irlandais James Joyce : Laura &#8211; 71 rue du Cardinal Lemoine James Joyce y \u00e9crivit son roman \u00ab\u00a0Ulysse\u00a0\u00bb Non loin de l\u00e0, une des demeures d&rsquo;Ernest Hemingway (rappelez-vous de\u00a0cet article) La belle Place de la Contrescarpe : Laura &#8211; Place de la Contrescarpe Le Jardin des Plantes, d&rsquo;o\u00f9 nous pouvons voir le squelette g\u00e9ant d&rsquo;une baleine, derri\u00e8re les fen\u00eatres de la Galerie de Pal\u00e9ontologie : Laura &#8211;\u00a0Galerie de pal\u00e9ontologie et d&rsquo;anatomie compar\u00e9e du Mus\u00e9um national d&rsquo;histoire naturelle\u00a0 Lors de notre course, au jardin du Luxembourg, nous avons crois\u00e9 Genevi\u00e8ve, la Patronne de Paris : Laura &#8211; Sainte Genevi\u00e8ve (voir aussi cet article) Genevi\u00e8ve, fille d&rsquo;un Franc romanis\u00e9, aurait eu la charge de membre du Conseil Municipal de Paris (apr\u00e8s celle de Nanterre). D&rsquo;apr\u00e8s la tradition, Genevi\u00e8ve, en l&rsquo;an 451, aurait emp\u00each\u00e9 Attila et ses Huns d&rsquo;envahir Paris en encourageant ses habitants \u00e0 la r\u00e9sistance. Genevi\u00e8ve, mod\u00e8le de courage et d&rsquo;endurance pour Laura\u00a0qui va courir successivement le Marathon de Chicago puis celui de New-York cet automne. Allez Laura ! Le circuit du tour : &nbsp;","og_url":"https:\/\/parisrunningtour.com\/fr\/avec-laura-a-la-rencontre-de-genevieve-patronne-de-paris-et-modele-de-resistance\/","og_site_name":"Paris Running Tours","article_published_time":"2014-07-03T08:24:00+00:00","article_modified_time":"2026-01-15T07:56:28+00:00","og_image":[{"width":1024,"height":669,"url":"https:\/\/parisrunningtour.com\/fr\/wp-content\/uploads\/sites\/1\/2014\/07\/PRT2014-07-03_09_NotreDame-1.jpg","type":"image\/jpeg"}],"author":"admin","twitter_card":"summary_large_image","twitter_misc":{"\u00c9crit par":"admin","Dur\u00e9e de lecture estim\u00e9e":"1 minute"},"schema":{"@context":"https:\/\/schema.org","@graph":[{"@type":"Article","@id":"https:\/\/parisrunningtour.com\/fr\/avec-laura-a-la-rencontre-de-genevieve-patronne-de-paris-et-modele-de-resistance\/#article","isPartOf":{"@id":"https:\/\/parisrunningtour.com\/fr\/avec-laura-a-la-rencontre-de-genevieve-patronne-de-paris-et-modele-de-resistance\/"},"author":{"name":"admin","@id":"https:\/\/parisrunningtour.com\/fr\/#\/schema\/person\/75f0dc3c395ae2b4e14e29aff8f6a5af"},"headline":"Avec Laura, \u00e0 la rencontre de Genevi\u00e8ve, patronne de Paris et mod\u00e8le de r\u00e9sistance","datePublished":"2014-07-03T08:24:00+00:00","dateModified":"2026-01-15T07:56:28+00:00","mainEntityOfPage":{"@id":"https:\/\/parisrunningtour.com\/fr\/avec-laura-a-la-rencontre-de-genevieve-patronne-de-paris-et-modele-de-resistance\/"},"wordCount":299,"commentCount":0,"publisher":{"@id":"https:\/\/parisrunningtour.com\/fr\/#organization"},"image":{"@id":"https:\/\/parisrunningtour.com\/fr\/avec-laura-a-la-rencontre-de-genevieve-patronne-de-paris-et-modele-de-resistance\/#primaryimage"},"thumbnailUrl":"https:\/\/parisrunningtour.com\/fr\/wp-content\/uploads\/sites\/1\/2014\/07\/PRT2014-07-03_09_NotreDame-1.jpg","articleSection":["Jardin des Plantes","Luxembourg (Jardin du)","Notre Dame","Place de la Contrescarpe","Sorbonne (La)"],"inLanguage":"fr-FR","potentialAction":[{"@type":"CommentAction","name":"Comment","target":["https:\/\/parisrunningtour.com\/fr\/avec-laura-a-la-rencontre-de-genevieve-patronne-de-paris-et-modele-de-resistance\/#respond"]}]},{"@type":"WebPage","@id":"https:\/\/parisrunningtour.com\/fr\/avec-laura-a-la-rencontre-de-genevieve-patronne-de-paris-et-modele-de-resistance\/","url":"https:\/\/parisrunningtour.com\/fr\/avec-laura-a-la-rencontre-de-genevieve-patronne-de-paris-et-modele-de-resistance\/","name":"Avec Laura, \u00e0 la rencontre de Genevi\u00e8ve, patronne de Paris et mod\u00e8le de r\u00e9sistance - Paris Running Tours","isPartOf":{"@id":"https:\/\/parisrunningtour.com\/fr\/#website"},"primaryImageOfPage":{"@id":"https:\/\/parisrunningtour.com\/fr\/avec-laura-a-la-rencontre-de-genevieve-patronne-de-paris-et-modele-de-resistance\/#primaryimage"},"image":{"@id":"https:\/\/parisrunningtour.com\/fr\/avec-laura-a-la-rencontre-de-genevieve-patronne-de-paris-et-modele-de-resistance\/#primaryimage"},"thumbnailUrl":"https:\/\/parisrunningtour.com\/fr\/wp-content\/uploads\/sites\/1\/2014\/07\/PRT2014-07-03_09_NotreDame-1.jpg","datePublished":"2014-07-03T08:24:00+00:00","dateModified":"2026-01-15T07:56:28+00:00","breadcrumb":{"@id":"https:\/\/parisrunningtour.com\/fr\/avec-laura-a-la-rencontre-de-genevieve-patronne-de-paris-et-modele-de-resistance\/#breadcrumb"},"inLanguage":"fr-FR","potentialAction":[{"@type":"ReadAction","target":["https:\/\/parisrunningtour.com\/fr\/avec-laura-a-la-rencontre-de-genevieve-patronne-de-paris-et-modele-de-resistance\/"]}]},{"@type":"ImageObject","inLanguage":"fr-FR","@id":"https:\/\/parisrunningtour.com\/fr\/avec-laura-a-la-rencontre-de-genevieve-patronne-de-paris-et-modele-de-resistance\/#primaryimage","url":"https:\/\/parisrunningtour.com\/fr\/wp-content\/uploads\/sites\/1\/2014\/07\/PRT2014-07-03_09_NotreDame-1.jpg","contentUrl":"https:\/\/parisrunningtour.com\/fr\/wp-content\/uploads\/sites\/1\/2014\/07\/PRT2014-07-03_09_NotreDame-1.jpg","width":1024,"height":669},{"@type":"BreadcrumbList","@id":"https:\/\/parisrunningtour.com\/fr\/avec-laura-a-la-rencontre-de-genevieve-patronne-de-paris-et-modele-de-resistance\/#breadcrumb","itemListElement":[{"@type":"ListItem","position":1,"name":"Accueil","item":"https:\/\/parisrunningtour.com\/fr\/"},{"@type":"ListItem","position":2,"name":"Avec Laura, \u00e0 la rencontre de Genevi\u00e8ve, patronne de Paris et mod\u00e8le de r\u00e9sistance"}]},{"@type":"WebSite","@id":"https:\/\/parisrunningtour.com\/fr\/#website","url":"https:\/\/parisrunningtour.com\/fr\/","name":"Paris Running Tours","description":"D\u00e9couvrir Paris en courant","publisher":{"@id":"https:\/\/parisrunningtour.com\/fr\/#organization"},"potentialAction":[{"@type":"SearchAction","target":{"@type":"EntryPoint","urlTemplate":"https:\/\/parisrunningtour.com\/fr\/?s={search_term_string}"},"query-input":{"@type":"PropertyValueSpecification","valueRequired":true,"valueName":"search_term_string"}}],"inLanguage":"fr-FR"},{"@type":"Organization","@id":"https:\/\/parisrunningtour.com\/fr\/#organization","name":"Paris Running Tours","url":"https:\/\/parisrunningtour.com\/fr\/","logo":{"@type":"ImageObject","inLanguage":"fr-FR","@id":"https:\/\/parisrunningtour.com\/fr\/#\/schema\/logo\/image\/","url":"https:\/\/parisrunningtour.com\/fr\/wp-content\/uploads\/sites\/1\/2016\/12\/cropped-faviconPRT.png","contentUrl":"https:\/\/parisrunningtour.com\/fr\/wp-content\/uploads\/sites\/1\/2016\/12\/cropped-faviconPRT.png","width":512,"height":512,"caption":"Paris Running Tours"},"image":{"@id":"https:\/\/parisrunningtour.com\/fr\/#\/schema\/logo\/image\/"}},{"@type":"Person","@id":"https:\/\/parisrunningtour.com\/fr\/#\/schema\/person\/75f0dc3c395ae2b4e14e29aff8f6a5af","name":"admin","image":{"@type":"ImageObject","inLanguage":"fr-FR","@id":"https:\/\/secure.gravatar.com\/avatar\/2980d1c79775d028873614111fac5ea2906175b9eba90c2fe773d875d19902e0?s=96&d=mm&r=g","url":"https:\/\/secure.gravatar.com\/avatar\/2980d1c79775d028873614111fac5ea2906175b9eba90c2fe773d875d19902e0?s=96&d=mm&r=g","contentUrl":"https:\/\/secure.gravatar.com\/avatar\/2980d1c79775d028873614111fac5ea2906175b9eba90c2fe773d875d19902e0?s=96&d=mm&r=g","caption":"admin"},"sameAs":["https:\/\/www.parisrunningtour.com"],"url":"https:\/\/parisrunningtour.com\/fr\/author\/admin\/"}]}},"_links":{"self":[{"href":"https:\/\/parisrunningtour.com\/fr\/wp-json\/wp\/v2\/posts\/60","targetHints":{"allow":["GET"]}}],"collection":[{"href":"https:\/\/parisrunningtour.com\/fr\/wp-json\/wp\/v2\/posts"}],"about":[{"href":"https:\/\/parisrunningtour.com\/fr\/wp-json\/wp\/v2\/types\/post"}],"author":[{"embeddable":true,"href":"https:\/\/parisrunningtour.com\/fr\/wp-json\/wp\/v2\/users\/1"}],"replies":[{"embeddable":true,"href":"https:\/\/parisrunningtour.com\/fr\/wp-json\/wp\/v2\/comments?post=60"}],"version-history":[{"count":1,"href":"https:\/\/parisrunningtour.com\/fr\/wp-json\/wp\/v2\/posts\/60\/revisions"}],"predecessor-version":[{"id":1247,"href":"https:\/\/parisrunningtour.com\/fr\/wp-json\/wp\/v2\/posts\/60\/revisions\/1247"}],"wp:featuredmedia":[{"embeddable":true,"href":"https:\/\/parisrunningtour.com\/fr\/wp-json\/wp\/v2\/media\/5078"}],"wp:attachment":[{"href":"https:\/\/parisrunningtour.com\/fr\/wp-json\/wp\/v2\/media?parent=60"}],"wp:term":[{"taxonomy":"category","embeddable":true,"href":"https:\/\/parisrunningtour.com\/fr\/wp-json\/wp\/v2\/categories?post=60"},{"taxonomy":"post_tag","embeddable":true,"href":"https:\/\/parisrunningtour.com\/fr\/wp-json\/wp\/v2\/tags?post=60"}],"curies":[{"name":"wp","href":"https:\/\/api.w.org\/{rel}","templated":true}]}}