{"id":51,"date":"2015-03-05T08:32:00","date_gmt":"2015-03-05T07:32:00","guid":{"rendered":"http:\/\/runningtour.paris\/blog\/2015\/03\/05\/sous-la-tour-eiffel-avec-rachel\/"},"modified":"2026-01-15T08:56:16","modified_gmt":"2026-01-15T07:56:16","slug":"sous-la-tour-eiffel-avec-rachel","status":"publish","type":"post","link":"https:\/\/parisrunningtour.com\/fr\/sous-la-tour-eiffel-avec-rachel\/","title":{"rendered":"Sous la Tour Eiffel avec Rachel"},"content":{"rendered":"<div style=\"clear: both;text-align: center\"><\/div>\n<div style=\"clear: both;text-align: center\"><\/div>\n<table style=\"margin-left: auto;margin-right: auto;text-align: center\" cellspacing=\"0\" cellpadding=\"0\" align=\"center\">\n<tbody>\n<tr>\n<td style=\"text-align: center\"><a style=\"margin-left: auto;margin-right: auto\" href=\"https:\/\/parisrunningtour.com\/fr\/wp-content\/uploads\/sites\/1\/2015\/03\/PRT2015-03-05_06_PalaisDeChaillot-Trocadero-.jpg\" target=\"_blank\"><img fetchpriority=\"high\" decoding=\"async\" title=\"Cliquez sur l'image pour l'agrandir\" src=\"https:\/\/parisrunningtour.com\/fr\/wp-content\/uploads\/sites\/1\/2015\/03\/PRT2015-03-05_06_PalaisDeChaillot-Trocadero-.jpg\" alt=\"\" width=\"640\" height=\"390\" border=\"0\" \/><\/a><\/td>\n<\/tr>\n<tr>\n<td style=\"text-align: center\"><span style=\"font-family: Trebuchet MS, sans-serif\">Sous la Tour Eiffel &#8211; Au loin le Palais de Chaillot et le jardin du Trocad\u00e9ro<\/span><\/td>\n<\/tr>\n<\/tbody>\n<\/table>\n<p><span style=\"font-family: Trebuchet MS, sans-serif\"><b>7h32 &#8211;\u00a0<\/b><\/span><span style=\"font-family: 'Trebuchet MS', sans-serif\">Rachel, du Pays de Galles, est une coureuse r\u00e9guli\u00e8re avec de beaux r\u00e9sultats&#8230; Apr\u00e8s le running tour dans Paris, elle est arriv\u00e9e r\u00e9cemment deuxi\u00e8me f\u00e9minine d&rsquo;un semi-marathon.<\/span><br \/>\n<span style=\"font-family: 'Trebuchet MS', sans-serif\">Elle pr\u00e9pare actuellement le prochain Marathon de Londres.<\/span><br \/>\n<span style=\"font-family: 'Trebuchet MS', sans-serif\">En ce d\u00e9but de mois de Mars, le soleil est avec nous pour ce joli tour de Paris en courant.<\/span><br \/>\n<span style=\"font-family: 'Trebuchet MS', sans-serif\"><br \/>\n<\/span><span style=\"font-family: 'Trebuchet MS', sans-serif\">Regardez la photo ci-dessus, nous sommes juste en dessous de la <b>Tour Eiffel<\/b>. T\u00f4t le matin en mars, l&rsquo;endroit est bien tranquille. Comparez avec la foule que l&rsquo;on peut y trouver le lundi de P\u00e2ques par exemple ou un weekend d&rsquo;\u00e9t\u00e9&#8230; Courir le matin t\u00f4t dans Paris est un r\u00e9gal !<\/span><br \/>\n<span style=\"font-family: 'Trebuchet MS', sans-serif\"><br \/>\n<\/span><span style=\"font-family: 'Trebuchet MS', sans-serif\">Au loin, de l&rsquo;autre c\u00f4t\u00e9 de la Seine, on peut reconna\u00eetre le grandiose <b>Palais de Chaillot <\/b>qui fut construit pour l&rsquo;exposition universelle de 1937, derni\u00e8re exposition universelle \u00e0 Paris.<\/span><br \/>\n<span style=\"font-family: 'Trebuchet MS', sans-serif\"><br \/>\n<\/span><span style=\"font-family: 'Trebuchet MS', sans-serif\">Le Palais de Chaillot rempla\u00e7a le <b>Palais du Trocad\u00e9ro<\/b> construit au m\u00eame endroit, cette fois-l\u00e0 pour l&rsquo;exposition universelle de 1878 :<\/span><\/p>\n<table style=\"margin-left: auto;margin-right: auto;text-align: center\" cellspacing=\"0\" cellpadding=\"0\" align=\"center\">\n<tbody>\n<tr>\n<td style=\"text-align: center\"><a style=\"margin-left: auto;margin-right: auto\" href=\"https:\/\/parisrunningtour.com\/fr\/wp-content\/uploads\/sites\/1\/2015\/03\/PalaisDuTrocadero.jpg\" target=\"_blank\"><img decoding=\"async\" title=\"Cliquez sur l'image pour l'agrandir\" src=\"https:\/\/parisrunningtour.com\/fr\/wp-content\/uploads\/sites\/1\/2015\/03\/PalaisDuTrocadero.jpg\" alt=\"\" width=\"640\" height=\"456\" border=\"0\" \/><\/a><\/td>\n<\/tr>\n<tr>\n<td style=\"text-align: center\"><span style=\"font-family: Trebuchet MS, sans-serif\">Vue a\u00e9rienne du Palais du Trocad\u00e9ro &#8211; 1934<\/span><\/td>\n<\/tr>\n<\/tbody>\n<\/table>\n<p><span style=\"font-family: 'Trebuchet MS', sans-serif\"><br \/>\n<\/span><span style=\"font-family: 'Trebuchet MS', sans-serif\">Au fait, savez-vous ce que signifie Trocad\u00e9ro ?<\/span><br \/>\n<span style=\"font-family: 'Trebuchet MS', sans-serif\"><br \/>\n<\/span><span style=\"font-family: 'Trebuchet MS', sans-serif\">Il s&rsquo;agit d&rsquo;un fort qui est situ\u00e9 \u00e0 Cadix en Espagne et le lieu d&rsquo;une victoire des Fran\u00e7ais venus aider l&rsquo;Espagne \u00e0 r\u00e9tablir la monarchie absolue en 1823 (<\/span><span style=\"font-family: 'Trebuchet MS', sans-serif\">le Roi Louis XVIII r\u00e8gne alors en France).<\/span><br \/>\n<span style=\"font-family: 'Trebuchet MS', sans-serif\">Le Palais du Trocad\u00e9ro construit en 1878 doit son nom \u00e0 une victoire royaliste !<\/span><br \/>\n<span style=\"font-family: 'Trebuchet MS', sans-serif\"><br \/>\n<\/span><br \/>\n<span style=\"font-family: 'Trebuchet MS', sans-serif\">Nous sommes partir courir t\u00f4t, accompagn\u00e9s par le soleil levant qui a \u00e9clair\u00e9 pour nous les magnifiques monuments de Paris :<\/span><\/p>\n<table style=\"margin-left: auto;margin-right: auto;text-align: center\" cellspacing=\"0\" cellpadding=\"0\" align=\"center\">\n<tbody>\n<tr>\n<td style=\"text-align: center\"><a style=\"margin-left: auto;margin-right: auto\" href=\"https:\/\/parisrunningtour.com\/fr\/wp-content\/uploads\/sites\/1\/2015\/03\/PRT2015-03-05_01_ArcDeTriopmhe.jpg\" target=\"_blank\"><img decoding=\"async\" title=\"Cliquez sur l'image pour l'agrandir\" src=\"https:\/\/parisrunningtour.com\/fr\/wp-content\/uploads\/sites\/1\/2015\/03\/PRT2015-03-05_01_ArcDeTriopmhe.jpg\" alt=\"\" width=\"590\" height=\"640\" border=\"0\" \/><\/a><\/td>\n<\/tr>\n<tr>\n<td style=\"text-align: center\"><span style=\"font-family: Trebuchet MS, sans-serif\"><b>L&rsquo;Arc de Triomphe.<\/b> Nous sommes dans son ombre, le soleil commen\u00e7ant \u00e0 \u00e9clairer les Champs-Elys\u00e9es<\/span><\/td>\n<\/tr>\n<\/tbody>\n<\/table>\n<p>&nbsp;<\/p>\n<table style=\"margin-left: auto;margin-right: auto;text-align: center\" cellspacing=\"0\" cellpadding=\"0\" align=\"center\">\n<tbody>\n<tr>\n<td style=\"text-align: center\"><a style=\"margin-left: auto;margin-right: auto\" href=\"https:\/\/parisrunningtour.com\/fr\/wp-content\/uploads\/sites\/1\/2015\/03\/PRT2015-03-05_02_MuseeGalliera.jpg\" target=\"_blank\"><img loading=\"lazy\" decoding=\"async\" title=\"Cliquez sur l'image pour l'agrandir\" src=\"https:\/\/parisrunningtour.com\/fr\/wp-content\/uploads\/sites\/1\/2015\/03\/PRT2015-03-05_02_MuseeGalliera.jpg\" alt=\"\" width=\"640\" height=\"454\" border=\"0\" \/><\/a><\/td>\n<\/tr>\n<tr>\n<td style=\"text-align: center\"><span style=\"font-family: Trebuchet MS, sans-serif\"><b>Le Palais Galliera <\/b>&#8211; Le Mus\u00e9e de la mode avec jusqu&rsquo;au 23 ao\u00fbt 2015 l&rsquo;exposition consacr\u00e9e \u00e0 <a href=\"http:\/\/www.palaisgalliera.paris.fr\/fr\/expositions\/jeanne-lanvin\" target=\"_blank\">Jeanne Lanvin<\/a><\/span><\/td>\n<\/tr>\n<\/tbody>\n<\/table>\n<p>&nbsp;<\/p>\n<table style=\"margin-left: auto;margin-right: auto;text-align: center\" cellspacing=\"0\" cellpadding=\"0\" align=\"center\">\n<tbody>\n<tr>\n<td style=\"text-align: center\"><a style=\"margin-left: auto;margin-right: auto\" href=\"https:\/\/parisrunningtour.com\/fr\/wp-content\/uploads\/sites\/1\/2015\/03\/PRT2015-03-05_05_JardinDuTrocadero.jpg\" target=\"_blank\"><img loading=\"lazy\" decoding=\"async\" title=\"Cliquez sur l'image pour l'agrandir\" src=\"https:\/\/parisrunningtour.com\/fr\/wp-content\/uploads\/sites\/1\/2015\/03\/PRT2015-03-05_05_JardinDuTrocadero.jpg\" alt=\"\" width=\"524\" height=\"640\" border=\"0\" \/><\/a><\/td>\n<\/tr>\n<tr>\n<td style=\"text-align: center\"><span style=\"font-family: Trebuchet MS, sans-serif\"><b>La Tour Eiffel<\/b> &#8211; Nous sommes au Palais de Chaillot !<\/span><\/td>\n<\/tr>\n<\/tbody>\n<\/table>\n<p>&nbsp;<\/p>\n<table style=\"margin-left: auto;margin-right: auto;text-align: center\" cellspacing=\"0\" cellpadding=\"0\" align=\"center\">\n<tbody>\n<tr>\n<td style=\"text-align: center\"><a style=\"margin-left: auto;margin-right: auto\" href=\"https:\/\/parisrunningtour.com\/fr\/wp-content\/uploads\/sites\/1\/2015\/03\/PRT2015-03-05_12_PontAlexandreIII.jpg\" target=\"_blank\"><img loading=\"lazy\" decoding=\"async\" title=\"Cliquez sur l'image pour l'agrandir\" src=\"https:\/\/parisrunningtour.com\/fr\/wp-content\/uploads\/sites\/1\/2015\/03\/PRT2015-03-05_12_PontAlexandreIII.jpg\" alt=\"\" width=\"472\" height=\"640\" border=\"0\" \/><\/a><\/td>\n<\/tr>\n<tr>\n<td style=\"text-align: center\"><span style=\"font-family: Trebuchet MS, sans-serif\"><b>Le Pont Alexandre III<\/b>\u00a0avec dans le fond la statue symbolisant la France Renaissante ainsi qu&rsquo;en haut du pyl\u00f4ne, l&rsquo;une des quatre Renomm\u00e9es : La Renomm\u00e9e de la Guerre.<br \/>\nCes quatre statues ont \u00e9t\u00e9 recouvertes de feuilles d&rsquo;or en 1989.<\/span><\/td>\n<\/tr>\n<\/tbody>\n<\/table>\n<p>&nbsp;<\/p>\n<table style=\"margin-left: auto;margin-right: auto;text-align: center\" cellspacing=\"0\" cellpadding=\"0\" align=\"center\">\n<tbody>\n<tr>\n<td style=\"text-align: center\"><a style=\"margin-left: auto;margin-right: auto\" href=\"https:\/\/parisrunningtour.com\/fr\/wp-content\/uploads\/sites\/1\/2015\/03\/PRT2015-03-05_18_PontDesArts-Louvre-.jpg\" target=\"_blank\"><img loading=\"lazy\" decoding=\"async\" title=\"Cliquez sur l'image pour l'agrandir\" src=\"https:\/\/parisrunningtour.com\/fr\/wp-content\/uploads\/sites\/1\/2015\/03\/PRT2015-03-05_18_PontDesArts-Louvre-.jpg\" alt=\"\" width=\"640\" height=\"382\" border=\"0\" \/><\/a><\/td>\n<\/tr>\n<tr>\n<td style=\"text-align: center\"><span style=\"font-family: Trebuchet MS, sans-serif\"><b>Le Pont des Arts et dans le fond, la Galerie du bord de l&rsquo;eau du Louvre<\/b> &#8211; Le Pont des Arts, connu ces derni\u00e8res ann\u00e9es pour tous les cadenas qu&rsquo;y posent les touristes amoureux, est en ce moment prot\u00e9g\u00e9 par des panneaux de bois. Ces panneaux recouverts de graffitis g\u00e2chent un peu la beaut\u00e9 du lieu. Cela devrait \u00eatre temporaire.<\/span><\/td>\n<\/tr>\n<\/tbody>\n<\/table>\n<p>&nbsp;<\/p>\n<table style=\"margin-left: auto;margin-right: auto;text-align: center\" cellspacing=\"0\" cellpadding=\"0\" align=\"center\">\n<tbody>\n<tr>\n<td style=\"text-align: center\"><a style=\"margin-left: auto;margin-right: auto\" href=\"https:\/\/parisrunningtour.com\/fr\/wp-content\/uploads\/sites\/1\/2015\/03\/PRT2015-03-05_21_PalaisRoyal-LesDeuxPlateauxBuren-.jpg\" target=\"_blank\"><img loading=\"lazy\" decoding=\"async\" title=\"Cliquez sur l'image pour l'agrandir\" src=\"https:\/\/parisrunningtour.com\/fr\/wp-content\/uploads\/sites\/1\/2015\/03\/PRT2015-03-05_21_PalaisRoyal-LesDeuxPlateauxBuren-.jpg\" alt=\"\" width=\"640\" height=\"382\" border=\"0\" \/><\/a><\/td>\n<\/tr>\n<tr>\n<td style=\"text-align: center\"><span style=\"font-family: Trebuchet MS, sans-serif\"><b>Le Palais Royal et ses fameuses Colonnes de Buren<\/b> (\u00ab\u00a0Les deux plateaux\u00a0\u00bb). Le\u00a0Th\u00e9\u00e2tre\u00a0\u00c9ph\u00e9m\u00e8re\u00a0a maintenant\u00a0disparu. Ce\u00a0th\u00e9\u00e2tre\u00a0en bois avait accueilli temporairement la troupe de la Com\u00e9die Fran\u00e7aise pendant les\u00a0travaux du Palais Royal. On peut \u00e0 nouveau voir le jardin du Palais Royal au travers des colonnes.<\/span><\/td>\n<\/tr>\n<\/tbody>\n<\/table>\n<p>&nbsp;<\/p>\n<table style=\"margin-left: auto;margin-right: auto;text-align: center\" cellspacing=\"0\" cellpadding=\"0\" align=\"center\">\n<tbody>\n<tr>\n<td style=\"text-align: center\"><a style=\"margin-left: auto;margin-right: auto\" href=\"https:\/\/parisrunningtour.com\/fr\/wp-content\/uploads\/sites\/1\/2015\/03\/PRT2015-03-05_22_JardinDesTuileries.jpg\" target=\"_blank\"><img loading=\"lazy\" decoding=\"async\" title=\"Cliquez sur l'image pour l'agrandir\" src=\"https:\/\/parisrunningtour.com\/fr\/wp-content\/uploads\/sites\/1\/2015\/03\/PRT2015-03-05_22_JardinDesTuileries.jpg\" alt=\"\" width=\"640\" height=\"428\" border=\"0\" \/><\/a><\/td>\n<\/tr>\n<tr>\n<td style=\"text-align: center\"><span style=\"font-family: Trebuchet MS, sans-serif\"><b>Le Jardin des Tuileries<\/b> &#8211; Nos ombres sont encore bien longues !<\/span><\/td>\n<\/tr>\n<\/tbody>\n<\/table>\n<p><span style=\"font-family: 'Trebuchet MS', sans-serif\"><br \/>\n<\/span><span style=\"font-family: 'Trebuchet MS', sans-serif\">Merci Rachel !\u00a0<\/span><br \/>\n<span style=\"font-family: 'Trebuchet MS', sans-serif\">Nous vous souhaitons un tr\u00e8s beau marathon de Londres !<\/span><\/p>\n<p><b style=\"font-family: 'Trebuchet MS', sans-serif\">Le circuit du tour :<\/b><\/p>\n<div style=\"clear: both;text-align: center\"><\/div>\n<div style=\"clear: both;text-align: center\"><\/div>\n<div style=\"clear: both;text-align: center\"><\/div>\n<div style=\"clear: both;text-align: center\"><\/div>\n<div style=\"clear: both;text-align: center\"><\/div>\n<div style=\"clear: both;text-align: center\"><a style=\"clear: left;float: left;margin-bottom: 1em;margin-right: 1em\" href=\"https:\/\/parisrunningtour.com\/fr\/wp-content\/uploads\/sites\/1\/2015\/03\/20150305_Article_Rachel.jpg\" target=\"_blank\"><img loading=\"lazy\" decoding=\"async\" title=\"Cliquez sur l'image pour l'agrandir\" src=\"https:\/\/parisrunningtour.com\/fr\/wp-content\/uploads\/sites\/1\/2015\/03\/20150305_Article_Rachel.jpg\" alt=\"\" width=\"640\" height=\"436\" border=\"0\" \/><\/a><\/div>\n<p>&nbsp;<\/p>\n","protected":false},"excerpt":{"rendered":"<p>Sous la Tour Eiffel &#8211; Au loin le Palais de Chaillot et le jardin du Trocad\u00e9ro 7h32 &#8211;\u00a0Rachel, du Pays de Galles, est une coureuse r\u00e9guli\u00e8re avec de beaux r\u00e9sultats&#8230; Apr\u00e8s le running tour dans Paris, elle est arriv\u00e9e r\u00e9cemment deuxi\u00e8me f\u00e9minine d&rsquo;un semi-marathon. Elle pr\u00e9pare actuellement le prochain Marathon de Londres. En ce d\u00e9but de mois de Mars, le soleil est avec nous pour ce joli tour de Paris en courant. Regardez la photo ci-dessus, nous sommes juste en dessous de la Tour Eiffel. T\u00f4t le matin en mars, l&rsquo;endroit est bien tranquille. Comparez avec la foule que l&rsquo;on peut y trouver le lundi de P\u00e2ques par exemple ou un weekend d&rsquo;\u00e9t\u00e9&#8230; Courir le matin t\u00f4t dans Paris est un r\u00e9gal ! Au loin, de l&rsquo;autre c\u00f4t\u00e9 de la Seine, on peut reconna\u00eetre le grandiose Palais de Chaillot qui fut construit pour l&rsquo;exposition universelle de 1937, derni\u00e8re exposition universelle \u00e0 Paris. Le Palais de Chaillot rempla\u00e7a le Palais du Trocad\u00e9ro construit au m\u00eame endroit, cette fois-l\u00e0 pour l&rsquo;exposition universelle de 1878 : Vue a\u00e9rienne du Palais du Trocad\u00e9ro &#8211; 1934 Au fait, savez-vous ce que signifie Trocad\u00e9ro ? Il s&rsquo;agit d&rsquo;un fort qui est situ\u00e9 \u00e0 Cadix en Espagne et le lieu d&rsquo;une victoire des Fran\u00e7ais venus aider l&rsquo;Espagne \u00e0 r\u00e9tablir la monarchie absolue en 1823 (le Roi Louis XVIII r\u00e8gne alors en France). Le Palais du Trocad\u00e9ro construit en 1878 doit son nom \u00e0 une victoire royaliste ! Nous sommes partir courir t\u00f4t, accompagn\u00e9s par le soleil levant qui a \u00e9clair\u00e9 pour nous les magnifiques monuments de Paris : L&rsquo;Arc de Triomphe. Nous sommes dans son ombre, le soleil commen\u00e7ant \u00e0 \u00e9clairer les Champs-Elys\u00e9es &nbsp; Le Palais Galliera &#8211; Le Mus\u00e9e de la mode avec jusqu&rsquo;au 23 ao\u00fbt 2015 l&rsquo;exposition consacr\u00e9e \u00e0 Jeanne Lanvin &nbsp; La Tour Eiffel &#8211; Nous sommes au Palais de Chaillot ! &nbsp; Le Pont Alexandre III\u00a0avec dans le fond la statue symbolisant la France Renaissante ainsi qu&rsquo;en haut du pyl\u00f4ne, l&rsquo;une des quatre Renomm\u00e9es : La Renomm\u00e9e de la Guerre. Ces quatre statues ont \u00e9t\u00e9 recouvertes de feuilles d&rsquo;or en 1989. &nbsp; Le Pont des Arts et dans le fond, la Galerie du bord de l&rsquo;eau du Louvre &#8211; Le Pont des Arts, connu ces derni\u00e8res ann\u00e9es pour tous les cadenas qu&rsquo;y posent les touristes amoureux, est en ce moment prot\u00e9g\u00e9 par des panneaux de bois. Ces panneaux recouverts de graffitis g\u00e2chent un peu la beaut\u00e9 du lieu. Cela devrait \u00eatre temporaire. &nbsp; Le Palais Royal et ses fameuses Colonnes de Buren (\u00ab\u00a0Les deux plateaux\u00a0\u00bb). Le\u00a0Th\u00e9\u00e2tre\u00a0\u00c9ph\u00e9m\u00e8re\u00a0a maintenant\u00a0disparu. Ce\u00a0th\u00e9\u00e2tre\u00a0en bois avait accueilli temporairement la troupe de la Com\u00e9die Fran\u00e7aise pendant les\u00a0travaux du Palais Royal. On peut \u00e0 nouveau voir le jardin du Palais Royal au travers des colonnes. &nbsp; Le Jardin des Tuileries &#8211; Nos ombres sont encore bien longues ! Merci Rachel !\u00a0 Nous vous souhaitons un tr\u00e8s beau marathon de Londres ! Le circuit du tour : &nbsp;<\/p>\n","protected":false},"author":1,"featured_media":4979,"comment_status":"open","ping_status":"open","sticky":false,"template":"","format":"standard","meta":{"footnotes":""},"categories":[24,13,25,12,17,14,15,10,22],"tags":[],"class_list":["post-51","post","type-post","status-publish","format-standard","has-post-thumbnail","hentry","category-arc-de-triomphe","category-louvre","category-musee-galliera","category-palais-de-chaillot","category-palais-royal","category-pont-alexandre-iii","category-pont-des-arts","category-tour-eiffel","category-tuileries"],"yoast_head":"<!-- This site is optimized with the Yoast SEO plugin v27.5 - https:\/\/yoast.com\/product\/yoast-seo-wordpress\/ -->\n<title>Sous la Tour Eiffel avec Rachel - Paris Running Tours<\/title>\n<meta name=\"robots\" content=\"index, follow, max-snippet:-1, max-image-preview:large, max-video-preview:-1\" \/>\n<link rel=\"canonical\" href=\"https:\/\/parisrunningtour.com\/fr\/sous-la-tour-eiffel-avec-rachel\/\" \/>\n<meta property=\"og:locale\" content=\"fr_FR\" \/>\n<meta property=\"og:type\" content=\"article\" \/>\n<meta property=\"og:title\" content=\"Sous la Tour Eiffel avec Rachel - Paris Running Tours\" \/>\n<meta property=\"og:description\" content=\"Sous la Tour Eiffel &#8211; Au loin le Palais de Chaillot et le jardin du Trocad\u00e9ro 7h32 &#8211;\u00a0Rachel, du Pays de Galles, est une coureuse r\u00e9guli\u00e8re avec de beaux r\u00e9sultats&#8230; Apr\u00e8s le running tour dans Paris, elle est arriv\u00e9e r\u00e9cemment deuxi\u00e8me f\u00e9minine d&rsquo;un semi-marathon. Elle pr\u00e9pare actuellement le prochain Marathon de Londres. En ce d\u00e9but de mois de Mars, le soleil est avec nous pour ce joli tour de Paris en courant. Regardez la photo ci-dessus, nous sommes juste en dessous de la Tour Eiffel. T\u00f4t le matin en mars, l&rsquo;endroit est bien tranquille. Comparez avec la foule que l&rsquo;on peut y trouver le lundi de P\u00e2ques par exemple ou un weekend d&rsquo;\u00e9t\u00e9&#8230; Courir le matin t\u00f4t dans Paris est un r\u00e9gal ! Au loin, de l&rsquo;autre c\u00f4t\u00e9 de la Seine, on peut reconna\u00eetre le grandiose Palais de Chaillot qui fut construit pour l&rsquo;exposition universelle de 1937, derni\u00e8re exposition universelle \u00e0 Paris. Le Palais de Chaillot rempla\u00e7a le Palais du Trocad\u00e9ro construit au m\u00eame endroit, cette fois-l\u00e0 pour l&rsquo;exposition universelle de 1878 : Vue a\u00e9rienne du Palais du Trocad\u00e9ro &#8211; 1934 Au fait, savez-vous ce que signifie Trocad\u00e9ro ? Il s&rsquo;agit d&rsquo;un fort qui est situ\u00e9 \u00e0 Cadix en Espagne et le lieu d&rsquo;une victoire des Fran\u00e7ais venus aider l&rsquo;Espagne \u00e0 r\u00e9tablir la monarchie absolue en 1823 (le Roi Louis XVIII r\u00e8gne alors en France). Le Palais du Trocad\u00e9ro construit en 1878 doit son nom \u00e0 une victoire royaliste ! Nous sommes partir courir t\u00f4t, accompagn\u00e9s par le soleil levant qui a \u00e9clair\u00e9 pour nous les magnifiques monuments de Paris : L&rsquo;Arc de Triomphe. Nous sommes dans son ombre, le soleil commen\u00e7ant \u00e0 \u00e9clairer les Champs-Elys\u00e9es &nbsp; Le Palais Galliera &#8211; Le Mus\u00e9e de la mode avec jusqu&rsquo;au 23 ao\u00fbt 2015 l&rsquo;exposition consacr\u00e9e \u00e0 Jeanne Lanvin &nbsp; La Tour Eiffel &#8211; Nous sommes au Palais de Chaillot ! &nbsp; Le Pont Alexandre III\u00a0avec dans le fond la statue symbolisant la France Renaissante ainsi qu&rsquo;en haut du pyl\u00f4ne, l&rsquo;une des quatre Renomm\u00e9es : La Renomm\u00e9e de la Guerre. Ces quatre statues ont \u00e9t\u00e9 recouvertes de feuilles d&rsquo;or en 1989. &nbsp; Le Pont des Arts et dans le fond, la Galerie du bord de l&rsquo;eau du Louvre &#8211; Le Pont des Arts, connu ces derni\u00e8res ann\u00e9es pour tous les cadenas qu&rsquo;y posent les touristes amoureux, est en ce moment prot\u00e9g\u00e9 par des panneaux de bois. Ces panneaux recouverts de graffitis g\u00e2chent un peu la beaut\u00e9 du lieu. Cela devrait \u00eatre temporaire. &nbsp; Le Palais Royal et ses fameuses Colonnes de Buren (\u00ab\u00a0Les deux plateaux\u00a0\u00bb). Le\u00a0Th\u00e9\u00e2tre\u00a0\u00c9ph\u00e9m\u00e8re\u00a0a maintenant\u00a0disparu. Ce\u00a0th\u00e9\u00e2tre\u00a0en bois avait accueilli temporairement la troupe de la Com\u00e9die Fran\u00e7aise pendant les\u00a0travaux du Palais Royal. On peut \u00e0 nouveau voir le jardin du Palais Royal au travers des colonnes. &nbsp; Le Jardin des Tuileries &#8211; Nos ombres sont encore bien longues ! Merci Rachel !\u00a0 Nous vous souhaitons un tr\u00e8s beau marathon de Londres ! Le circuit du tour : &nbsp;\" \/>\n<meta property=\"og:url\" content=\"https:\/\/parisrunningtour.com\/fr\/sous-la-tour-eiffel-avec-rachel\/\" \/>\n<meta property=\"og:site_name\" content=\"Paris Running Tours\" \/>\n<meta property=\"article:published_time\" content=\"2015-03-05T07:32:00+00:00\" \/>\n<meta property=\"article:modified_time\" content=\"2026-01-15T07:56:16+00:00\" \/>\n<meta property=\"og:image\" content=\"https:\/\/parisrunningtour.com\/fr\/wp-content\/uploads\/sites\/1\/2015\/03\/PRT2015-03-05_06_PalaisDeChaillot-Trocadero-.jpg\" \/>\n\t<meta property=\"og:image:width\" content=\"1024\" \/>\n\t<meta property=\"og:image:height\" content=\"624\" \/>\n\t<meta property=\"og:image:type\" content=\"image\/jpeg\" \/>\n<meta name=\"author\" content=\"admin\" \/>\n<meta name=\"twitter:card\" content=\"summary_large_image\" \/>\n<meta name=\"twitter:label1\" content=\"\u00c9crit par\" \/>\n\t<meta name=\"twitter:data1\" content=\"admin\" \/>\n\t<meta name=\"twitter:label2\" content=\"Dur\u00e9e de lecture estim\u00e9e\" \/>\n\t<meta name=\"twitter:data2\" content=\"3 minutes\" \/>\n<script type=\"application\/ld+json\" class=\"yoast-schema-graph\">{\"@context\":\"https:\\\/\\\/schema.org\",\"@graph\":[{\"@type\":\"Article\",\"@id\":\"https:\\\/\\\/parisrunningtour.com\\\/fr\\\/sous-la-tour-eiffel-avec-rachel\\\/#article\",\"isPartOf\":{\"@id\":\"https:\\\/\\\/parisrunningtour.com\\\/fr\\\/sous-la-tour-eiffel-avec-rachel\\\/\"},\"author\":{\"name\":\"admin\",\"@id\":\"https:\\\/\\\/parisrunningtour.com\\\/fr\\\/#\\\/schema\\\/person\\\/75f0dc3c395ae2b4e14e29aff8f6a5af\"},\"headline\":\"Sous la Tour Eiffel avec Rachel\",\"datePublished\":\"2015-03-05T07:32:00+00:00\",\"dateModified\":\"2026-01-15T07:56:16+00:00\",\"mainEntityOfPage\":{\"@id\":\"https:\\\/\\\/parisrunningtour.com\\\/fr\\\/sous-la-tour-eiffel-avec-rachel\\\/\"},\"wordCount\":543,\"commentCount\":0,\"publisher\":{\"@id\":\"https:\\\/\\\/parisrunningtour.com\\\/fr\\\/#organization\"},\"image\":{\"@id\":\"https:\\\/\\\/parisrunningtour.com\\\/fr\\\/sous-la-tour-eiffel-avec-rachel\\\/#primaryimage\"},\"thumbnailUrl\":\"https:\\\/\\\/parisrunningtour.com\\\/fr\\\/wp-content\\\/uploads\\\/sites\\\/1\\\/2015\\\/03\\\/PRT2015-03-05_06_PalaisDeChaillot-Trocadero-.jpg\",\"articleSection\":[\"Arc de Triomphe\",\"Louvre\",\"Mus\u00e9e Galliera\",\"Palais de Chaillot\",\"Palais Royal\",\"Pont Alexandre III\",\"Pont des Arts\",\"Tour Eiffel\",\"Tuileries\"],\"inLanguage\":\"fr-FR\",\"potentialAction\":[{\"@type\":\"CommentAction\",\"name\":\"Comment\",\"target\":[\"https:\\\/\\\/parisrunningtour.com\\\/fr\\\/sous-la-tour-eiffel-avec-rachel\\\/#respond\"]}]},{\"@type\":\"WebPage\",\"@id\":\"https:\\\/\\\/parisrunningtour.com\\\/fr\\\/sous-la-tour-eiffel-avec-rachel\\\/\",\"url\":\"https:\\\/\\\/parisrunningtour.com\\\/fr\\\/sous-la-tour-eiffel-avec-rachel\\\/\",\"name\":\"Sous la Tour Eiffel avec Rachel - Paris Running Tours\",\"isPartOf\":{\"@id\":\"https:\\\/\\\/parisrunningtour.com\\\/fr\\\/#website\"},\"primaryImageOfPage\":{\"@id\":\"https:\\\/\\\/parisrunningtour.com\\\/fr\\\/sous-la-tour-eiffel-avec-rachel\\\/#primaryimage\"},\"image\":{\"@id\":\"https:\\\/\\\/parisrunningtour.com\\\/fr\\\/sous-la-tour-eiffel-avec-rachel\\\/#primaryimage\"},\"thumbnailUrl\":\"https:\\\/\\\/parisrunningtour.com\\\/fr\\\/wp-content\\\/uploads\\\/sites\\\/1\\\/2015\\\/03\\\/PRT2015-03-05_06_PalaisDeChaillot-Trocadero-.jpg\",\"datePublished\":\"2015-03-05T07:32:00+00:00\",\"dateModified\":\"2026-01-15T07:56:16+00:00\",\"breadcrumb\":{\"@id\":\"https:\\\/\\\/parisrunningtour.com\\\/fr\\\/sous-la-tour-eiffel-avec-rachel\\\/#breadcrumb\"},\"inLanguage\":\"fr-FR\",\"potentialAction\":[{\"@type\":\"ReadAction\",\"target\":[\"https:\\\/\\\/parisrunningtour.com\\\/fr\\\/sous-la-tour-eiffel-avec-rachel\\\/\"]}]},{\"@type\":\"ImageObject\",\"inLanguage\":\"fr-FR\",\"@id\":\"https:\\\/\\\/parisrunningtour.com\\\/fr\\\/sous-la-tour-eiffel-avec-rachel\\\/#primaryimage\",\"url\":\"https:\\\/\\\/parisrunningtour.com\\\/fr\\\/wp-content\\\/uploads\\\/sites\\\/1\\\/2015\\\/03\\\/PRT2015-03-05_06_PalaisDeChaillot-Trocadero-.jpg\",\"contentUrl\":\"https:\\\/\\\/parisrunningtour.com\\\/fr\\\/wp-content\\\/uploads\\\/sites\\\/1\\\/2015\\\/03\\\/PRT2015-03-05_06_PalaisDeChaillot-Trocadero-.jpg\",\"width\":1024,\"height\":624},{\"@type\":\"BreadcrumbList\",\"@id\":\"https:\\\/\\\/parisrunningtour.com\\\/fr\\\/sous-la-tour-eiffel-avec-rachel\\\/#breadcrumb\",\"itemListElement\":[{\"@type\":\"ListItem\",\"position\":1,\"name\":\"Accueil\",\"item\":\"https:\\\/\\\/parisrunningtour.com\\\/fr\\\/\"},{\"@type\":\"ListItem\",\"position\":2,\"name\":\"Sous la Tour Eiffel avec Rachel\"}]},{\"@type\":\"WebSite\",\"@id\":\"https:\\\/\\\/parisrunningtour.com\\\/fr\\\/#website\",\"url\":\"https:\\\/\\\/parisrunningtour.com\\\/fr\\\/\",\"name\":\"Paris Running Tours\",\"description\":\"D\u00e9couvrir Paris en courant\",\"publisher\":{\"@id\":\"https:\\\/\\\/parisrunningtour.com\\\/fr\\\/#organization\"},\"potentialAction\":[{\"@type\":\"SearchAction\",\"target\":{\"@type\":\"EntryPoint\",\"urlTemplate\":\"https:\\\/\\\/parisrunningtour.com\\\/fr\\\/?s={search_term_string}\"},\"query-input\":{\"@type\":\"PropertyValueSpecification\",\"valueRequired\":true,\"valueName\":\"search_term_string\"}}],\"inLanguage\":\"fr-FR\"},{\"@type\":\"Organization\",\"@id\":\"https:\\\/\\\/parisrunningtour.com\\\/fr\\\/#organization\",\"name\":\"Paris Running Tours\",\"url\":\"https:\\\/\\\/parisrunningtour.com\\\/fr\\\/\",\"logo\":{\"@type\":\"ImageObject\",\"inLanguage\":\"fr-FR\",\"@id\":\"https:\\\/\\\/parisrunningtour.com\\\/fr\\\/#\\\/schema\\\/logo\\\/image\\\/\",\"url\":\"https:\\\/\\\/parisrunningtour.com\\\/fr\\\/wp-content\\\/uploads\\\/sites\\\/1\\\/2016\\\/12\\\/cropped-faviconPRT.png\",\"contentUrl\":\"https:\\\/\\\/parisrunningtour.com\\\/fr\\\/wp-content\\\/uploads\\\/sites\\\/1\\\/2016\\\/12\\\/cropped-faviconPRT.png\",\"width\":512,\"height\":512,\"caption\":\"Paris Running Tours\"},\"image\":{\"@id\":\"https:\\\/\\\/parisrunningtour.com\\\/fr\\\/#\\\/schema\\\/logo\\\/image\\\/\"}},{\"@type\":\"Person\",\"@id\":\"https:\\\/\\\/parisrunningtour.com\\\/fr\\\/#\\\/schema\\\/person\\\/75f0dc3c395ae2b4e14e29aff8f6a5af\",\"name\":\"admin\",\"image\":{\"@type\":\"ImageObject\",\"inLanguage\":\"fr-FR\",\"@id\":\"https:\\\/\\\/secure.gravatar.com\\\/avatar\\\/2980d1c79775d028873614111fac5ea2906175b9eba90c2fe773d875d19902e0?s=96&d=mm&r=g\",\"url\":\"https:\\\/\\\/secure.gravatar.com\\\/avatar\\\/2980d1c79775d028873614111fac5ea2906175b9eba90c2fe773d875d19902e0?s=96&d=mm&r=g\",\"contentUrl\":\"https:\\\/\\\/secure.gravatar.com\\\/avatar\\\/2980d1c79775d028873614111fac5ea2906175b9eba90c2fe773d875d19902e0?s=96&d=mm&r=g\",\"caption\":\"admin\"},\"sameAs\":[\"https:\\\/\\\/www.parisrunningtour.com\"],\"url\":\"https:\\\/\\\/parisrunningtour.com\\\/fr\\\/author\\\/admin\\\/\"}]}<\/script>\n<!-- \/ Yoast SEO plugin. -->","yoast_head_json":{"title":"Sous la Tour Eiffel avec Rachel - Paris Running Tours","robots":{"index":"index","follow":"follow","max-snippet":"max-snippet:-1","max-image-preview":"max-image-preview:large","max-video-preview":"max-video-preview:-1"},"canonical":"https:\/\/parisrunningtour.com\/fr\/sous-la-tour-eiffel-avec-rachel\/","og_locale":"fr_FR","og_type":"article","og_title":"Sous la Tour Eiffel avec Rachel - Paris Running Tours","og_description":"Sous la Tour Eiffel &#8211; Au loin le Palais de Chaillot et le jardin du Trocad\u00e9ro 7h32 &#8211;\u00a0Rachel, du Pays de Galles, est une coureuse r\u00e9guli\u00e8re avec de beaux r\u00e9sultats&#8230; Apr\u00e8s le running tour dans Paris, elle est arriv\u00e9e r\u00e9cemment deuxi\u00e8me f\u00e9minine d&rsquo;un semi-marathon. Elle pr\u00e9pare actuellement le prochain Marathon de Londres. En ce d\u00e9but de mois de Mars, le soleil est avec nous pour ce joli tour de Paris en courant. Regardez la photo ci-dessus, nous sommes juste en dessous de la Tour Eiffel. T\u00f4t le matin en mars, l&rsquo;endroit est bien tranquille. Comparez avec la foule que l&rsquo;on peut y trouver le lundi de P\u00e2ques par exemple ou un weekend d&rsquo;\u00e9t\u00e9&#8230; Courir le matin t\u00f4t dans Paris est un r\u00e9gal ! Au loin, de l&rsquo;autre c\u00f4t\u00e9 de la Seine, on peut reconna\u00eetre le grandiose Palais de Chaillot qui fut construit pour l&rsquo;exposition universelle de 1937, derni\u00e8re exposition universelle \u00e0 Paris. Le Palais de Chaillot rempla\u00e7a le Palais du Trocad\u00e9ro construit au m\u00eame endroit, cette fois-l\u00e0 pour l&rsquo;exposition universelle de 1878 : Vue a\u00e9rienne du Palais du Trocad\u00e9ro &#8211; 1934 Au fait, savez-vous ce que signifie Trocad\u00e9ro ? Il s&rsquo;agit d&rsquo;un fort qui est situ\u00e9 \u00e0 Cadix en Espagne et le lieu d&rsquo;une victoire des Fran\u00e7ais venus aider l&rsquo;Espagne \u00e0 r\u00e9tablir la monarchie absolue en 1823 (le Roi Louis XVIII r\u00e8gne alors en France). Le Palais du Trocad\u00e9ro construit en 1878 doit son nom \u00e0 une victoire royaliste ! Nous sommes partir courir t\u00f4t, accompagn\u00e9s par le soleil levant qui a \u00e9clair\u00e9 pour nous les magnifiques monuments de Paris : L&rsquo;Arc de Triomphe. Nous sommes dans son ombre, le soleil commen\u00e7ant \u00e0 \u00e9clairer les Champs-Elys\u00e9es &nbsp; Le Palais Galliera &#8211; Le Mus\u00e9e de la mode avec jusqu&rsquo;au 23 ao\u00fbt 2015 l&rsquo;exposition consacr\u00e9e \u00e0 Jeanne Lanvin &nbsp; La Tour Eiffel &#8211; Nous sommes au Palais de Chaillot ! &nbsp; Le Pont Alexandre III\u00a0avec dans le fond la statue symbolisant la France Renaissante ainsi qu&rsquo;en haut du pyl\u00f4ne, l&rsquo;une des quatre Renomm\u00e9es : La Renomm\u00e9e de la Guerre. Ces quatre statues ont \u00e9t\u00e9 recouvertes de feuilles d&rsquo;or en 1989. &nbsp; Le Pont des Arts et dans le fond, la Galerie du bord de l&rsquo;eau du Louvre &#8211; Le Pont des Arts, connu ces derni\u00e8res ann\u00e9es pour tous les cadenas qu&rsquo;y posent les touristes amoureux, est en ce moment prot\u00e9g\u00e9 par des panneaux de bois. Ces panneaux recouverts de graffitis g\u00e2chent un peu la beaut\u00e9 du lieu. Cela devrait \u00eatre temporaire. &nbsp; Le Palais Royal et ses fameuses Colonnes de Buren (\u00ab\u00a0Les deux plateaux\u00a0\u00bb). Le\u00a0Th\u00e9\u00e2tre\u00a0\u00c9ph\u00e9m\u00e8re\u00a0a maintenant\u00a0disparu. Ce\u00a0th\u00e9\u00e2tre\u00a0en bois avait accueilli temporairement la troupe de la Com\u00e9die Fran\u00e7aise pendant les\u00a0travaux du Palais Royal. On peut \u00e0 nouveau voir le jardin du Palais Royal au travers des colonnes. &nbsp; Le Jardin des Tuileries &#8211; Nos ombres sont encore bien longues ! Merci Rachel !\u00a0 Nous vous souhaitons un tr\u00e8s beau marathon de Londres ! Le circuit du tour : &nbsp;","og_url":"https:\/\/parisrunningtour.com\/fr\/sous-la-tour-eiffel-avec-rachel\/","og_site_name":"Paris Running Tours","article_published_time":"2015-03-05T07:32:00+00:00","article_modified_time":"2026-01-15T07:56:16+00:00","og_image":[{"width":1024,"height":624,"url":"https:\/\/parisrunningtour.com\/fr\/wp-content\/uploads\/sites\/1\/2015\/03\/PRT2015-03-05_06_PalaisDeChaillot-Trocadero-.jpg","type":"image\/jpeg"}],"author":"admin","twitter_card":"summary_large_image","twitter_misc":{"\u00c9crit par":"admin","Dur\u00e9e de lecture estim\u00e9e":"3 minutes"},"schema":{"@context":"https:\/\/schema.org","@graph":[{"@type":"Article","@id":"https:\/\/parisrunningtour.com\/fr\/sous-la-tour-eiffel-avec-rachel\/#article","isPartOf":{"@id":"https:\/\/parisrunningtour.com\/fr\/sous-la-tour-eiffel-avec-rachel\/"},"author":{"name":"admin","@id":"https:\/\/parisrunningtour.com\/fr\/#\/schema\/person\/75f0dc3c395ae2b4e14e29aff8f6a5af"},"headline":"Sous la Tour Eiffel avec Rachel","datePublished":"2015-03-05T07:32:00+00:00","dateModified":"2026-01-15T07:56:16+00:00","mainEntityOfPage":{"@id":"https:\/\/parisrunningtour.com\/fr\/sous-la-tour-eiffel-avec-rachel\/"},"wordCount":543,"commentCount":0,"publisher":{"@id":"https:\/\/parisrunningtour.com\/fr\/#organization"},"image":{"@id":"https:\/\/parisrunningtour.com\/fr\/sous-la-tour-eiffel-avec-rachel\/#primaryimage"},"thumbnailUrl":"https:\/\/parisrunningtour.com\/fr\/wp-content\/uploads\/sites\/1\/2015\/03\/PRT2015-03-05_06_PalaisDeChaillot-Trocadero-.jpg","articleSection":["Arc de Triomphe","Louvre","Mus\u00e9e Galliera","Palais de Chaillot","Palais Royal","Pont Alexandre III","Pont des Arts","Tour Eiffel","Tuileries"],"inLanguage":"fr-FR","potentialAction":[{"@type":"CommentAction","name":"Comment","target":["https:\/\/parisrunningtour.com\/fr\/sous-la-tour-eiffel-avec-rachel\/#respond"]}]},{"@type":"WebPage","@id":"https:\/\/parisrunningtour.com\/fr\/sous-la-tour-eiffel-avec-rachel\/","url":"https:\/\/parisrunningtour.com\/fr\/sous-la-tour-eiffel-avec-rachel\/","name":"Sous la Tour Eiffel avec Rachel - Paris Running Tours","isPartOf":{"@id":"https:\/\/parisrunningtour.com\/fr\/#website"},"primaryImageOfPage":{"@id":"https:\/\/parisrunningtour.com\/fr\/sous-la-tour-eiffel-avec-rachel\/#primaryimage"},"image":{"@id":"https:\/\/parisrunningtour.com\/fr\/sous-la-tour-eiffel-avec-rachel\/#primaryimage"},"thumbnailUrl":"https:\/\/parisrunningtour.com\/fr\/wp-content\/uploads\/sites\/1\/2015\/03\/PRT2015-03-05_06_PalaisDeChaillot-Trocadero-.jpg","datePublished":"2015-03-05T07:32:00+00:00","dateModified":"2026-01-15T07:56:16+00:00","breadcrumb":{"@id":"https:\/\/parisrunningtour.com\/fr\/sous-la-tour-eiffel-avec-rachel\/#breadcrumb"},"inLanguage":"fr-FR","potentialAction":[{"@type":"ReadAction","target":["https:\/\/parisrunningtour.com\/fr\/sous-la-tour-eiffel-avec-rachel\/"]}]},{"@type":"ImageObject","inLanguage":"fr-FR","@id":"https:\/\/parisrunningtour.com\/fr\/sous-la-tour-eiffel-avec-rachel\/#primaryimage","url":"https:\/\/parisrunningtour.com\/fr\/wp-content\/uploads\/sites\/1\/2015\/03\/PRT2015-03-05_06_PalaisDeChaillot-Trocadero-.jpg","contentUrl":"https:\/\/parisrunningtour.com\/fr\/wp-content\/uploads\/sites\/1\/2015\/03\/PRT2015-03-05_06_PalaisDeChaillot-Trocadero-.jpg","width":1024,"height":624},{"@type":"BreadcrumbList","@id":"https:\/\/parisrunningtour.com\/fr\/sous-la-tour-eiffel-avec-rachel\/#breadcrumb","itemListElement":[{"@type":"ListItem","position":1,"name":"Accueil","item":"https:\/\/parisrunningtour.com\/fr\/"},{"@type":"ListItem","position":2,"name":"Sous la Tour Eiffel avec Rachel"}]},{"@type":"WebSite","@id":"https:\/\/parisrunningtour.com\/fr\/#website","url":"https:\/\/parisrunningtour.com\/fr\/","name":"Paris Running Tours","description":"D\u00e9couvrir Paris en courant","publisher":{"@id":"https:\/\/parisrunningtour.com\/fr\/#organization"},"potentialAction":[{"@type":"SearchAction","target":{"@type":"EntryPoint","urlTemplate":"https:\/\/parisrunningtour.com\/fr\/?s={search_term_string}"},"query-input":{"@type":"PropertyValueSpecification","valueRequired":true,"valueName":"search_term_string"}}],"inLanguage":"fr-FR"},{"@type":"Organization","@id":"https:\/\/parisrunningtour.com\/fr\/#organization","name":"Paris Running Tours","url":"https:\/\/parisrunningtour.com\/fr\/","logo":{"@type":"ImageObject","inLanguage":"fr-FR","@id":"https:\/\/parisrunningtour.com\/fr\/#\/schema\/logo\/image\/","url":"https:\/\/parisrunningtour.com\/fr\/wp-content\/uploads\/sites\/1\/2016\/12\/cropped-faviconPRT.png","contentUrl":"https:\/\/parisrunningtour.com\/fr\/wp-content\/uploads\/sites\/1\/2016\/12\/cropped-faviconPRT.png","width":512,"height":512,"caption":"Paris Running Tours"},"image":{"@id":"https:\/\/parisrunningtour.com\/fr\/#\/schema\/logo\/image\/"}},{"@type":"Person","@id":"https:\/\/parisrunningtour.com\/fr\/#\/schema\/person\/75f0dc3c395ae2b4e14e29aff8f6a5af","name":"admin","image":{"@type":"ImageObject","inLanguage":"fr-FR","@id":"https:\/\/secure.gravatar.com\/avatar\/2980d1c79775d028873614111fac5ea2906175b9eba90c2fe773d875d19902e0?s=96&d=mm&r=g","url":"https:\/\/secure.gravatar.com\/avatar\/2980d1c79775d028873614111fac5ea2906175b9eba90c2fe773d875d19902e0?s=96&d=mm&r=g","contentUrl":"https:\/\/secure.gravatar.com\/avatar\/2980d1c79775d028873614111fac5ea2906175b9eba90c2fe773d875d19902e0?s=96&d=mm&r=g","caption":"admin"},"sameAs":["https:\/\/www.parisrunningtour.com"],"url":"https:\/\/parisrunningtour.com\/fr\/author\/admin\/"}]}},"_links":{"self":[{"href":"https:\/\/parisrunningtour.com\/fr\/wp-json\/wp\/v2\/posts\/51","targetHints":{"allow":["GET"]}}],"collection":[{"href":"https:\/\/parisrunningtour.com\/fr\/wp-json\/wp\/v2\/posts"}],"about":[{"href":"https:\/\/parisrunningtour.com\/fr\/wp-json\/wp\/v2\/types\/post"}],"author":[{"embeddable":true,"href":"https:\/\/parisrunningtour.com\/fr\/wp-json\/wp\/v2\/users\/1"}],"replies":[{"embeddable":true,"href":"https:\/\/parisrunningtour.com\/fr\/wp-json\/wp\/v2\/comments?post=51"}],"version-history":[{"count":2,"href":"https:\/\/parisrunningtour.com\/fr\/wp-json\/wp\/v2\/posts\/51\/revisions"}],"predecessor-version":[{"id":5047,"href":"https:\/\/parisrunningtour.com\/fr\/wp-json\/wp\/v2\/posts\/51\/revisions\/5047"}],"wp:featuredmedia":[{"embeddable":true,"href":"https:\/\/parisrunningtour.com\/fr\/wp-json\/wp\/v2\/media\/4979"}],"wp:attachment":[{"href":"https:\/\/parisrunningtour.com\/fr\/wp-json\/wp\/v2\/media?parent=51"}],"wp:term":[{"taxonomy":"category","embeddable":true,"href":"https:\/\/parisrunningtour.com\/fr\/wp-json\/wp\/v2\/categories?post=51"},{"taxonomy":"post_tag","embeddable":true,"href":"https:\/\/parisrunningtour.com\/fr\/wp-json\/wp\/v2\/tags?post=51"}],"curies":[{"name":"wp","href":"https:\/\/api.w.org\/{rel}","templated":true}]}}