{"id":41,"date":"2016-07-03T08:05:00","date_gmt":"2016-07-03T06:05:00","guid":{"rendered":""},"modified":"2026-01-15T08:56:15","modified_gmt":"2026-01-15T07:56:15","slug":"12e-14e-16e-17e-et-19e-siecles-une-balade-dans-lhistoire-de-paris-avec-aveen-et-david","status":"publish","type":"post","link":"https:\/\/parisrunningtour.com\/fr\/12e-14e-16e-17e-et-19e-siecles-une-balade-dans-lhistoire-de-paris-avec-aveen-et-david\/","title":{"rendered":"12e, 14e, 16e, 17e et 19e si\u00e8cles, une balade dans l&rsquo;histoire de Paris avec Aveen et David"},"content":{"rendered":"<div style=\"clear: both;text-align: center\">\n<figure id=\"attachment_1016\" aria-describedby=\"caption-attachment-1016\" style=\"width: 1024px\" class=\"wp-caption aligncenter\"><a class=\"et_pb_lightbox_image\" href=\"https:\/\/parisrunningtour.com\/fr\/wp-content\/uploads\/sites\/1\/2016\/07\/PRT2016-07-03_22_RunningInJardinDesPlantes-1-1024x513-1.jpg\" target=\"_blank\"><img fetchpriority=\"high\" decoding=\"async\" class=\"wp-image-1016 size-large\" title=\"Cliquer sur l'image pour l'agrandir\" src=\"https:\/\/parisrunningtour.com\/fr\/wp-content\/uploads\/sites\/1\/2016\/07\/PRT2016-07-03_22_RunningInJardinDesPlantes-1-1024x513-1-300x150.jpg\" alt=\"PRT2016-07-03_22_RunningInJardinDesPlantes\" width=\"1024\" height=\"513\" \/><\/a><figcaption id=\"caption-attachment-1016\" class=\"wp-caption-text\">Aveen et David &#8211; Jardin des Plantes<\/figcaption><\/figure>\n<\/div>\n<p><b>8h05 &#8211;\u00a0<\/b>Avec Aveen et David, coureurs exp\u00e9riment\u00e9s de Dublin (Irlande), nous avons explor\u00e9 Paris en courant et en nous arr\u00eatant devant diff\u00e9rents b\u00e2timents ou lieux qui restituent la ville telle qu&rsquo;elle \u00e9tait aux si\u00e8cles pr\u00e9c\u00e9dents.<\/p>\n<p>D\u00e9couvrir Le Marais, la Rive Gauche (Quartiers Latin et Saint-Germain), le Louvre et l&rsquo;Ile de la Cit\u00e9, c&rsquo;est traverser le temps et sentir l&rsquo;Histoire de Paris.<br \/>\nParis a \u00e9t\u00e9\u00a0ab\u00eem\u00e9,\u00a0bombard\u00e9\u00a0mais jamais totalement d\u00e9truite comme l&rsquo;ont pu l&rsquo;\u00eatre Londres (Grand incendie de 1666) ou Lisbonne (Tremblement de terre de 1755). Toutes les couches de l&rsquo;histoire sont repr\u00e9sent\u00e9es (depuis la Lut\u00e8ce Romaine).<\/p>\n<p>Notre parcours nous a donc conduits :<\/p>\n<ul>\n<li><b>au 12e si\u00e8cle avec Notre Dame,<\/b><\/li>\n<\/ul>\n<table style=\"margin-left: auto;margin-right: auto;text-align: center;height: 492px\" width=\"792\" cellspacing=\"0\" cellpadding=\"0\" align=\"center\">\n<tbody>\n<tr>\n<td style=\"text-align: center\"><a class=\"et_pb_lightbox_image\" href=\"https:\/\/www.parisrunningtour.com\/fr\/wp-content\/uploads\/2016\/07\/PRT2016-07-03_29_NotreDameFromPontDeLaTournelle.jpg\" target=\"_blank\"><img decoding=\"async\" class=\"alignnone wp-image-1020\" title=\"Cliquez sur l'image pour l'agrandir\" src=\"https:\/\/parisrunningtour.com\/fr\/wp-content\/uploads\/sites\/1\/2016\/07\/PRT2016-07-03_29_NotreDameFromPontDeLaTournelle-1-1-300x168.jpg\" alt=\"PRT2016-07-03_29_NotreDameFromPontDeLaTournelle\" width=\"742\" height=\"415\" \/><\/a><\/td>\n<\/tr>\n<tr>\n<td style=\"text-align: center\"><em>Aveen et David &#8211; Notre Dame vue depuis le Pont de la Tournelle (la premi\u00e8re pierre fut pos\u00e9e en 1163)<\/em><\/td>\n<\/tr>\n<\/tbody>\n<\/table>\n<ul>\n<li><b>au 14e si\u00e8cle avec le magnifique H\u00f4tel de Sens,<\/b><\/li>\n<\/ul>\n<table style=\"margin-left: auto;margin-right: auto;text-align: center;height: 728px\" width=\"797\" cellspacing=\"0\" cellpadding=\"0\" align=\"center\">\n<tbody>\n<tr>\n<td style=\"text-align: center\"><a class=\"et_pb_lightbox_image\" href=\"https:\/\/parisrunningtour.com\/fr\/wp-content\/uploads\/sites\/1\/2016\/07\/PRT2016-07-03_32_HotelDeSens-1-1.jpg\" target=\"_blank\"><img decoding=\"async\" class=\"alignnone wp-image-1023\" title=\"Cliquez sur l'image pour l'agrandir\" src=\"https:\/\/parisrunningtour.com\/fr\/wp-content\/uploads\/sites\/1\/2016\/07\/PRT2016-07-03_32_HotelDeSens-1-1-300x225.jpg\" alt=\"PRT2016-07-03_32_HotelDeSens\" width=\"761\" height=\"571\" \/><\/a><\/td>\n<\/tr>\n<tr>\n<td style=\"text-align: center\"><em>Aveen et David &#8211; H\u00f4tel de Sens, construit en 1345, anciennement H\u00f4tel des Archev\u00eaques de Sens<\/em><br \/>\n<em> (Paris d\u00e9pendant de l&rsquo;archev\u00each\u00e9 de Sens jusqu&rsquo;en 1622).<\/em><br \/>\n<em> Sur la partie gauche du b\u00e2timent, regardez en bas et \u00e0 droite du toit de l&rsquo;\u00e9chauguette le boulet de canon tir\u00e9 en juillet 1830, toujours fich\u00e9 dans le mur. La date 28 juillet 1830 est inscrite sous le boulet.<\/em><\/td>\n<\/tr>\n<\/tbody>\n<\/table>\n<div style=\"clear: both;text-align: center\"><\/div>\n<div style=\"clear: both;text-align: center\">\n<p><a class=\"et_pb_lightbox_image\" href=\"https:\/\/parisrunningtour.com\/fr\/wp-content\/uploads\/sites\/1\/2016\/07\/PRT2016-07-03_32_HotelDeSensBoulet-1-1.jpg\" target=\"_blank\"><img loading=\"lazy\" decoding=\"async\" class=\"aligncenter wp-image-1025\" title=\"Cliquez sur l'image pour l'agrandir\" src=\"https:\/\/parisrunningtour.com\/fr\/wp-content\/uploads\/sites\/1\/2016\/07\/PRT2016-07-03_32_HotelDeSensBoulet-1-1-300x280.jpg\" alt=\"PRT2016-07-03_32_HotelDeSensBoulet\" width=\"354\" height=\"330\" \/><\/a><\/p>\n<\/div>\n<ul>\n<li><b>au 16e si\u00e8cle avec le Mus\u00e9e Carnavalet (anciennement H\u00f4tel de Carnavalet et H\u00f4tel Le Peletier de Saint-Fargeau)<\/b><\/li>\n<\/ul>\n<table style=\"margin-left: auto;margin-right: auto;text-align: center\" cellspacing=\"0\" cellpadding=\"0\" align=\"center\">\n<tbody>\n<tr>\n<td style=\"text-align: center\"><a class=\"et_pb_lightbox_image\" style=\"margin-left: auto;margin-right: auto\" href=\"https:\/\/parisrunningtour.com\/fr\/wp-content\/uploads\/sites\/1\/2016\/07\/PRT2016-07-03_03_MuseeCarnavalet-1.jpg\" target=\"_blank\"><img loading=\"lazy\" decoding=\"async\" title=\"Cliquez sur l'image pour l'agrandir\" src=\"https:\/\/parisrunningtour.com\/fr\/wp-content\/uploads\/sites\/1\/2016\/07\/PRT2016-07-03_03_MuseeCarnavalet-1.jpg\" alt=\"\" width=\"574\" height=\"640\" border=\"0\" \/><\/a><\/td>\n<\/tr>\n<tr>\n<td style=\"text-align: center\">David et Aveen &#8211; Mus\u00e9e Carnavalet. Regardez le magnifique blason de Paris au dessus de la porte (1889).<br \/>\nLe Mus\u00e9e Carnavalet est le mus\u00e9e de la ville de Paris<br \/>\n(allez-y et d\u00e9couvrez l&rsquo;histoire de Paris au travers de nombreuses expositions).<\/td>\n<\/tr>\n<\/tbody>\n<\/table>\n<p>&nbsp;<\/p>\n<ul>\n<li><b><b>et la place Dauphine, aussi cr\u00e9\u00e9e \u00e0 la fin du 16e si\u00e8cle,<\/b><\/b><\/li>\n<\/ul>\n<div>\n<div style=\"clear: both;text-align: center\"><\/div>\n<table style=\"margin-left: auto;margin-right: auto;text-align: center\" cellspacing=\"0\" cellpadding=\"0\" align=\"center\">\n<tbody>\n<tr>\n<td style=\"text-align: center\"><a class=\"et_pb_lightbox_image\" style=\"margin-left: auto;margin-right: auto\" href=\"https:\/\/parisrunningtour.com\/fr\/wp-content\/uploads\/sites\/1\/2016\/07\/PRT2016-07-03_07_PlaceDauphine-1.jpg\" target=\"_blank\"><img loading=\"lazy\" decoding=\"async\" title=\"Cliquez sur l'image pour l'agrandir\" src=\"https:\/\/parisrunningtour.com\/fr\/wp-content\/uploads\/sites\/1\/2016\/07\/PRT2016-07-03_07_PlaceDauphine-1.jpg\" alt=\"\" width=\"640\" height=\"448\" border=\"0\" \/><\/a><\/td>\n<\/tr>\n<tr>\n<td style=\"text-align: center\">David et Aveen &#8211; Place Dauphine.<br \/>\nRemarquez les immeubles dont les refends encadrent des briques rouges. Ne vous rappellent-ils pas ceux que l&rsquo;on voit Place des Vosges ? Regardez la photo Place des Vosges un peu plus bas.<br \/>\nCes deux places furent cr\u00e9\u00e9es \u00e0 la m\u00eame \u00e9poque, des Places Royales !<\/td>\n<\/tr>\n<\/tbody>\n<\/table>\n<p><b>Admirons maintenant quatre magnifiques lieux apparus au 17e si\u00e8cle :<\/b><\/p>\n<ul>\n<li><b>Le Jardin du Luxembourg,<\/b><\/li>\n<\/ul>\n<div style=\"clear: both;text-align: center\"><\/div>\n<table style=\"margin-left: auto;margin-right: auto;text-align: center\" cellspacing=\"0\" cellpadding=\"0\" align=\"center\">\n<tbody>\n<tr>\n<td style=\"text-align: center\"><a class=\"et_pb_lightbox_image\" style=\"margin-left: auto;margin-right: auto\" href=\"https:\/\/parisrunningtour.com\/fr\/wp-content\/uploads\/sites\/1\/2016\/07\/PRT2016-07-03_13_JardinDuLuxembourg-1.jpg\" target=\"_blank\"><img loading=\"lazy\" decoding=\"async\" title=\"Cliquez sur l'image pour l'agrandir\" src=\"https:\/\/parisrunningtour.com\/fr\/wp-content\/uploads\/sites\/1\/2016\/07\/PRT2016-07-03_13_JardinDuLuxembourg-1.jpg\" alt=\"\" width=\"640\" height=\"400\" border=\"0\" \/><\/a><\/td>\n<\/tr>\n<tr>\n<td style=\"text-align: center\">David et Aveen &#8211;<br \/>\nLe Jardin du Luxembourg, cr\u00e9\u00e9 en 1612 par Marie de M\u00e9dicis avec le palais du Luxembourg (actuel S\u00e9nat).<\/td>\n<\/tr>\n<\/tbody>\n<\/table>\n<ul>\n<li><b>Le Jardin des Plantes, initialement le jardin royal des plantes m\u00e9dicinales cr\u00e9\u00e9 en 1626 (voyez la photo au d\u00e9but de cet article),<\/b><\/li>\n<\/ul>\n<ul>\n<li><b>La place des Vosges,<\/b><\/li>\n<\/ul>\n<div style=\"clear: both;text-align: center\"><\/div>\n<table style=\"margin-left: auto;margin-right: auto;text-align: center\" cellspacing=\"0\" cellpadding=\"0\" align=\"center\">\n<tbody>\n<tr>\n<td style=\"text-align: center\"><a class=\"et_pb_lightbox_image\" style=\"margin-left: auto;margin-right: auto\" href=\"https:\/\/parisrunningtour.com\/fr\/wp-content\/uploads\/sites\/1\/2016\/07\/PRT2016-07-03_35_PlaceDesVosges-1.jpg\" target=\"_blank\"><img loading=\"lazy\" decoding=\"async\" title=\"Cliquez sur l'image pour l'agrandir\" src=\"https:\/\/parisrunningtour.com\/fr\/wp-content\/uploads\/sites\/1\/2016\/07\/PRT2016-07-03_35_PlaceDesVosges-1.jpg\" alt=\"\" width=\"640\" height=\"320\" border=\"0\" \/><\/a><\/td>\n<\/tr>\n<tr>\n<td style=\"text-align: center\">David et Aveen &#8211; Place des Vosges.<br \/>\nComparez les immeubles avec ceux de la place Dauphine (photo un peu plus haut).<\/td>\n<\/tr>\n<\/tbody>\n<\/table>\n<ul>\n<li><b>L&rsquo;H\u00f4tel de Sully.<\/b><\/li>\n<\/ul>\n<table style=\"margin-right: 1em;text-align: left\" cellspacing=\"0\" cellpadding=\"0\">\n<tbody>\n<tr>\n<td style=\"text-align: center\"><a class=\"et_pb_lightbox_image\" style=\"clear: left;margin-bottom: 1em;margin-left: auto;margin-right: auto\" href=\"https:\/\/parisrunningtour.com\/fr\/wp-content\/uploads\/sites\/1\/2016\/07\/PRT2016-07-03_34_HotelDeSully-1.jpg\" target=\"_blank\"><img loading=\"lazy\" decoding=\"async\" title=\"Cliquez sur l'image pour l'agrandir\" src=\"https:\/\/parisrunningtour.com\/fr\/wp-content\/uploads\/sites\/1\/2016\/07\/PRT2016-07-03_34_HotelDeSully-1.jpg\" alt=\"\" width=\"640\" height=\"390\" border=\"0\" \/><\/a><\/td>\n<\/tr>\n<tr>\n<td style=\"text-align: center\">David et Aveen &#8211; L&rsquo;H\u00f4tel de Sully, magnifique H\u00f4tel Particulier dans le Marais, r\u00e9sidence du Duc de Sully, ministre des Finances d&rsquo;Henri IV (entre autres !).<\/td>\n<\/tr>\n<\/tbody>\n<\/table>\n<p><b>Notre route passe aussi au 19\u00e8 si\u00e8cle avec la Place de la Contrescarpe, cr\u00e9\u00e9e en 1852 \u00e0 l&#8217;emplacement d&rsquo;une contrescarpe de l&rsquo;enceinte de Philippe Auguste.<\/b><\/p>\n<table style=\"margin-left: auto;margin-right: auto;text-align: center\" cellspacing=\"0\" cellpadding=\"0\" align=\"center\">\n<tbody>\n<tr>\n<td style=\"text-align: center\"><a class=\"et_pb_lightbox_image\" style=\"margin-left: auto;margin-right: auto\" href=\"https:\/\/parisrunningtour.com\/fr\/wp-content\/uploads\/sites\/1\/2016\/07\/PRT2016-07-03_15_PlaceDeLaContrescarpe-1.jpg\" target=\"_blank\"><img decoding=\"async\" title=\"Cliquez sur l'image pour l'agrandir\" src=\"https:\/\/parisrunningtour.com\/fr\/wp-content\/uploads\/sites\/1\/2016\/07\/PRT2016-07-03_15_PlaceDeLaContrescarpe-1.jpg\" alt=\"\" border=\"0\" \/><\/a><\/td>\n<\/tr>\n<tr>\n<td style=\"text-align: center\">David et Aveen &#8211; Place de la Contrescarpe. Au fond, la rue Mouffetard qui, elle, date de l&rsquo;\u00e9poque Romaine.<\/td>\n<\/tr>\n<\/tbody>\n<\/table>\n<p>Merci Aveen ! Merci David !<\/p>\n<p><b style=\"font-family: 'Trebuchet MS', sans-serif\">Le circuit du tour :<\/b><\/p>\n<div style=\"clear: both;text-align: center\"><\/div>\n<div style=\"clear: both;text-align: center\"><\/div>\n<div style=\"clear: both;text-align: center\"><a class=\"et_pb_lightbox_image\" style=\"clear: left;float: left;margin-bottom: 1em;margin-right: 1em\" href=\"https:\/\/parisrunningtour.com\/fr\/wp-content\/uploads\/sites\/1\/2016\/07\/DavidAveen13km8.1Mi_ZOOM-1.jpg\" target=\"_blank\"><img loading=\"lazy\" decoding=\"async\" title=\"Cliquez sur l'image pour l'agrandir\" src=\"https:\/\/parisrunningtour.com\/fr\/wp-content\/uploads\/sites\/1\/2016\/07\/DavidAveen13km8.1Mi_ZOOM-1.jpg\" alt=\"\" width=\"640\" height=\"468\" border=\"0\" \/><\/a><\/div>\n<\/div>\n","protected":false},"excerpt":{"rendered":"<p>8h05 &#8211;\u00a0Avec Aveen et David, coureurs exp\u00e9riment\u00e9s de Dublin (Irlande), nous avons explor\u00e9 Paris en courant et en nous arr\u00eatant devant diff\u00e9rents b\u00e2timents ou lieux qui restituent la ville telle qu&rsquo;elle \u00e9tait aux si\u00e8cles pr\u00e9c\u00e9dents. D\u00e9couvrir Le Marais, la Rive Gauche (Quartiers Latin et Saint-Germain), le Louvre et l&rsquo;Ile de la Cit\u00e9, c&rsquo;est traverser le temps et sentir l&rsquo;Histoire de Paris. Paris a \u00e9t\u00e9\u00a0ab\u00eem\u00e9,\u00a0bombard\u00e9\u00a0mais jamais totalement d\u00e9truite comme l&rsquo;ont pu l&rsquo;\u00eatre Londres (Grand incendie de 1666) ou Lisbonne (Tremblement de terre de 1755). Toutes les couches de l&rsquo;histoire sont repr\u00e9sent\u00e9es (depuis la Lut\u00e8ce Romaine). Notre parcours nous a donc conduits : au 12e si\u00e8cle avec Notre Dame, Aveen et David &#8211; Notre Dame vue depuis le Pont de la Tournelle (la premi\u00e8re pierre fut pos\u00e9e en 1163) au 14e si\u00e8cle avec le magnifique H\u00f4tel de Sens, Aveen et David &#8211; H\u00f4tel de Sens, construit en 1345, anciennement H\u00f4tel des Archev\u00eaques de Sens (Paris d\u00e9pendant de l&rsquo;archev\u00each\u00e9 de Sens jusqu&rsquo;en 1622). Sur la partie gauche du b\u00e2timent, regardez en bas et \u00e0 droite du toit de l&rsquo;\u00e9chauguette le boulet de canon tir\u00e9 en juillet 1830, toujours fich\u00e9 dans le mur. La date 28 juillet 1830 est inscrite sous le boulet. au 16e si\u00e8cle avec le Mus\u00e9e Carnavalet (anciennement H\u00f4tel de Carnavalet et H\u00f4tel Le Peletier de Saint-Fargeau) David et Aveen &#8211; Mus\u00e9e Carnavalet. Regardez le magnifique blason de Paris au dessus de la porte (1889). Le Mus\u00e9e Carnavalet est le mus\u00e9e de la ville de Paris (allez-y et d\u00e9couvrez l&rsquo;histoire de Paris au travers de nombreuses expositions). &nbsp; et la place Dauphine, aussi cr\u00e9\u00e9e \u00e0 la fin du 16e si\u00e8cle, David et Aveen &#8211; Place Dauphine. Remarquez les immeubles dont les refends encadrent des briques rouges. Ne vous rappellent-ils pas ceux que l&rsquo;on voit Place des Vosges ? Regardez la photo Place des Vosges un peu plus bas. Ces deux places furent cr\u00e9\u00e9es \u00e0 la m\u00eame \u00e9poque, des Places Royales ! Admirons maintenant quatre magnifiques lieux apparus au 17e si\u00e8cle : Le Jardin du Luxembourg, David et Aveen &#8211; Le Jardin du Luxembourg, cr\u00e9\u00e9 en 1612 par Marie de M\u00e9dicis avec le palais du Luxembourg (actuel S\u00e9nat). Le Jardin des Plantes, initialement le jardin royal des plantes m\u00e9dicinales cr\u00e9\u00e9 en 1626 (voyez la photo au d\u00e9but de cet article), La place des Vosges, David et Aveen &#8211; Place des Vosges. Comparez les immeubles avec ceux de la place Dauphine (photo un peu plus haut). L&rsquo;H\u00f4tel de Sully. David et Aveen &#8211; L&rsquo;H\u00f4tel de Sully, magnifique H\u00f4tel Particulier dans le Marais, r\u00e9sidence du Duc de Sully, ministre des Finances d&rsquo;Henri IV (entre autres !). Notre route passe aussi au 19\u00e8 si\u00e8cle avec la Place de la Contrescarpe, cr\u00e9\u00e9e en 1852 \u00e0 l&#8217;emplacement d&rsquo;une contrescarpe de l&rsquo;enceinte de Philippe Auguste. David et Aveen &#8211; Place de la Contrescarpe. Au fond, la rue Mouffetard qui, elle, date de l&rsquo;\u00e9poque Romaine. Merci Aveen ! Merci David ! Le circuit du tour :<\/p>\n","protected":false},"author":1,"featured_media":4916,"comment_status":"open","ping_status":"open","sticky":false,"template":"","format":"standard","meta":{"footnotes":""},"categories":[8,2,4,7,5,3,6,9],"tags":[],"class_list":["post-41","post","type-post","status-publish","format-standard","has-post-thumbnail","hentry","category-hotel-de-sens","category-hotel-de-sully","category-jardin-des-plantes","category-luxembourg-jardin-du","category-notre-dame","category-place-dauphine","category-place-de-la-contrescarpe","category-place-des-vosges"],"yoast_head":"<!-- This site is optimized with the Yoast SEO plugin v27.5 - https:\/\/yoast.com\/product\/yoast-seo-wordpress\/ -->\n<title>12e, 14e, 16e, 17e et 19e si\u00e8cles, une balade dans l&#039;histoire de Paris avec Aveen et David - Paris Running Tours<\/title>\n<meta name=\"robots\" content=\"index, follow, max-snippet:-1, max-image-preview:large, max-video-preview:-1\" \/>\n<link rel=\"canonical\" href=\"https:\/\/parisrunningtour.com\/fr\/12e-14e-16e-17e-et-19e-siecles-une-balade-dans-lhistoire-de-paris-avec-aveen-et-david\/\" \/>\n<meta property=\"og:locale\" content=\"fr_FR\" \/>\n<meta property=\"og:type\" content=\"article\" \/>\n<meta property=\"og:title\" content=\"12e, 14e, 16e, 17e et 19e si\u00e8cles, une balade dans l&#039;histoire de Paris avec Aveen et David - Paris Running Tours\" \/>\n<meta property=\"og:description\" content=\"8h05 &#8211;\u00a0Avec Aveen et David, coureurs exp\u00e9riment\u00e9s de Dublin (Irlande), nous avons explor\u00e9 Paris en courant et en nous arr\u00eatant devant diff\u00e9rents b\u00e2timents ou lieux qui restituent la ville telle qu&rsquo;elle \u00e9tait aux si\u00e8cles pr\u00e9c\u00e9dents. D\u00e9couvrir Le Marais, la Rive Gauche (Quartiers Latin et Saint-Germain), le Louvre et l&rsquo;Ile de la Cit\u00e9, c&rsquo;est traverser le temps et sentir l&rsquo;Histoire de Paris. Paris a \u00e9t\u00e9\u00a0ab\u00eem\u00e9,\u00a0bombard\u00e9\u00a0mais jamais totalement d\u00e9truite comme l&rsquo;ont pu l&rsquo;\u00eatre Londres (Grand incendie de 1666) ou Lisbonne (Tremblement de terre de 1755). Toutes les couches de l&rsquo;histoire sont repr\u00e9sent\u00e9es (depuis la Lut\u00e8ce Romaine). Notre parcours nous a donc conduits : au 12e si\u00e8cle avec Notre Dame, Aveen et David &#8211; Notre Dame vue depuis le Pont de la Tournelle (la premi\u00e8re pierre fut pos\u00e9e en 1163) au 14e si\u00e8cle avec le magnifique H\u00f4tel de Sens, Aveen et David &#8211; H\u00f4tel de Sens, construit en 1345, anciennement H\u00f4tel des Archev\u00eaques de Sens (Paris d\u00e9pendant de l&rsquo;archev\u00each\u00e9 de Sens jusqu&rsquo;en 1622). Sur la partie gauche du b\u00e2timent, regardez en bas et \u00e0 droite du toit de l&rsquo;\u00e9chauguette le boulet de canon tir\u00e9 en juillet 1830, toujours fich\u00e9 dans le mur. La date 28 juillet 1830 est inscrite sous le boulet. au 16e si\u00e8cle avec le Mus\u00e9e Carnavalet (anciennement H\u00f4tel de Carnavalet et H\u00f4tel Le Peletier de Saint-Fargeau) David et Aveen &#8211; Mus\u00e9e Carnavalet. Regardez le magnifique blason de Paris au dessus de la porte (1889). Le Mus\u00e9e Carnavalet est le mus\u00e9e de la ville de Paris (allez-y et d\u00e9couvrez l&rsquo;histoire de Paris au travers de nombreuses expositions). &nbsp; et la place Dauphine, aussi cr\u00e9\u00e9e \u00e0 la fin du 16e si\u00e8cle, David et Aveen &#8211; Place Dauphine. Remarquez les immeubles dont les refends encadrent des briques rouges. Ne vous rappellent-ils pas ceux que l&rsquo;on voit Place des Vosges ? Regardez la photo Place des Vosges un peu plus bas. Ces deux places furent cr\u00e9\u00e9es \u00e0 la m\u00eame \u00e9poque, des Places Royales ! Admirons maintenant quatre magnifiques lieux apparus au 17e si\u00e8cle : Le Jardin du Luxembourg, David et Aveen &#8211; Le Jardin du Luxembourg, cr\u00e9\u00e9 en 1612 par Marie de M\u00e9dicis avec le palais du Luxembourg (actuel S\u00e9nat). Le Jardin des Plantes, initialement le jardin royal des plantes m\u00e9dicinales cr\u00e9\u00e9 en 1626 (voyez la photo au d\u00e9but de cet article), La place des Vosges, David et Aveen &#8211; Place des Vosges. Comparez les immeubles avec ceux de la place Dauphine (photo un peu plus haut). L&rsquo;H\u00f4tel de Sully. David et Aveen &#8211; L&rsquo;H\u00f4tel de Sully, magnifique H\u00f4tel Particulier dans le Marais, r\u00e9sidence du Duc de Sully, ministre des Finances d&rsquo;Henri IV (entre autres !). Notre route passe aussi au 19\u00e8 si\u00e8cle avec la Place de la Contrescarpe, cr\u00e9\u00e9e en 1852 \u00e0 l&#8217;emplacement d&rsquo;une contrescarpe de l&rsquo;enceinte de Philippe Auguste. David et Aveen &#8211; Place de la Contrescarpe. Au fond, la rue Mouffetard qui, elle, date de l&rsquo;\u00e9poque Romaine. Merci Aveen ! Merci David ! Le circuit du tour :\" \/>\n<meta property=\"og:url\" content=\"https:\/\/parisrunningtour.com\/fr\/12e-14e-16e-17e-et-19e-siecles-une-balade-dans-lhistoire-de-paris-avec-aveen-et-david\/\" \/>\n<meta property=\"og:site_name\" content=\"Paris Running Tours\" \/>\n<meta property=\"article:published_time\" content=\"2016-07-03T06:05:00+00:00\" \/>\n<meta property=\"article:modified_time\" content=\"2026-01-15T07:56:15+00:00\" \/>\n<meta property=\"og:image\" content=\"https:\/\/parisrunningtour.com\/fr\/wp-content\/uploads\/sites\/1\/2016\/07\/PRT2016-07-03_22_RunningInJardinDesPlantes-1-1024x513-1.jpg\" \/>\n\t<meta property=\"og:image:width\" content=\"1024\" \/>\n\t<meta property=\"og:image:height\" content=\"513\" \/>\n\t<meta property=\"og:image:type\" content=\"image\/jpeg\" \/>\n<meta name=\"author\" content=\"admin\" \/>\n<meta name=\"twitter:card\" content=\"summary_large_image\" \/>\n<meta name=\"twitter:label1\" content=\"\u00c9crit par\" \/>\n\t<meta name=\"twitter:data1\" content=\"admin\" \/>\n\t<meta name=\"twitter:label2\" content=\"Dur\u00e9e de lecture estim\u00e9e\" \/>\n\t<meta name=\"twitter:data2\" content=\"3 minutes\" \/>\n<script type=\"application\/ld+json\" class=\"yoast-schema-graph\">{\"@context\":\"https:\\\/\\\/schema.org\",\"@graph\":[{\"@type\":\"Article\",\"@id\":\"https:\\\/\\\/parisrunningtour.com\\\/fr\\\/12e-14e-16e-17e-et-19e-siecles-une-balade-dans-lhistoire-de-paris-avec-aveen-et-david\\\/#article\",\"isPartOf\":{\"@id\":\"https:\\\/\\\/parisrunningtour.com\\\/fr\\\/12e-14e-16e-17e-et-19e-siecles-une-balade-dans-lhistoire-de-paris-avec-aveen-et-david\\\/\"},\"author\":{\"name\":\"admin\",\"@id\":\"https:\\\/\\\/parisrunningtour.com\\\/fr\\\/#\\\/schema\\\/person\\\/75f0dc3c395ae2b4e14e29aff8f6a5af\"},\"headline\":\"12e, 14e, 16e, 17e et 19e si\u00e8cles, une balade dans l&rsquo;histoire de Paris avec Aveen et David\",\"datePublished\":\"2016-07-03T06:05:00+00:00\",\"dateModified\":\"2026-01-15T07:56:15+00:00\",\"mainEntityOfPage\":{\"@id\":\"https:\\\/\\\/parisrunningtour.com\\\/fr\\\/12e-14e-16e-17e-et-19e-siecles-une-balade-dans-lhistoire-de-paris-avec-aveen-et-david\\\/\"},\"wordCount\":566,\"commentCount\":0,\"publisher\":{\"@id\":\"https:\\\/\\\/parisrunningtour.com\\\/fr\\\/#organization\"},\"image\":{\"@id\":\"https:\\\/\\\/parisrunningtour.com\\\/fr\\\/12e-14e-16e-17e-et-19e-siecles-une-balade-dans-lhistoire-de-paris-avec-aveen-et-david\\\/#primaryimage\"},\"thumbnailUrl\":\"https:\\\/\\\/parisrunningtour.com\\\/fr\\\/wp-content\\\/uploads\\\/sites\\\/1\\\/2016\\\/07\\\/PRT2016-07-03_22_RunningInJardinDesPlantes-1-1024x513-1.jpg\",\"articleSection\":[\"H\u00f4tel de Sens\",\"H\u00f4tel de Sully\",\"Jardin des Plantes\",\"Luxembourg (Jardin du)\",\"Notre Dame\",\"Place Dauphine\",\"Place de la Contrescarpe\",\"Place des Vosges\"],\"inLanguage\":\"fr-FR\",\"potentialAction\":[{\"@type\":\"CommentAction\",\"name\":\"Comment\",\"target\":[\"https:\\\/\\\/parisrunningtour.com\\\/fr\\\/12e-14e-16e-17e-et-19e-siecles-une-balade-dans-lhistoire-de-paris-avec-aveen-et-david\\\/#respond\"]}]},{\"@type\":\"WebPage\",\"@id\":\"https:\\\/\\\/parisrunningtour.com\\\/fr\\\/12e-14e-16e-17e-et-19e-siecles-une-balade-dans-lhistoire-de-paris-avec-aveen-et-david\\\/\",\"url\":\"https:\\\/\\\/parisrunningtour.com\\\/fr\\\/12e-14e-16e-17e-et-19e-siecles-une-balade-dans-lhistoire-de-paris-avec-aveen-et-david\\\/\",\"name\":\"12e, 14e, 16e, 17e et 19e si\u00e8cles, une balade dans l'histoire de Paris avec Aveen et David - Paris Running Tours\",\"isPartOf\":{\"@id\":\"https:\\\/\\\/parisrunningtour.com\\\/fr\\\/#website\"},\"primaryImageOfPage\":{\"@id\":\"https:\\\/\\\/parisrunningtour.com\\\/fr\\\/12e-14e-16e-17e-et-19e-siecles-une-balade-dans-lhistoire-de-paris-avec-aveen-et-david\\\/#primaryimage\"},\"image\":{\"@id\":\"https:\\\/\\\/parisrunningtour.com\\\/fr\\\/12e-14e-16e-17e-et-19e-siecles-une-balade-dans-lhistoire-de-paris-avec-aveen-et-david\\\/#primaryimage\"},\"thumbnailUrl\":\"https:\\\/\\\/parisrunningtour.com\\\/fr\\\/wp-content\\\/uploads\\\/sites\\\/1\\\/2016\\\/07\\\/PRT2016-07-03_22_RunningInJardinDesPlantes-1-1024x513-1.jpg\",\"datePublished\":\"2016-07-03T06:05:00+00:00\",\"dateModified\":\"2026-01-15T07:56:15+00:00\",\"breadcrumb\":{\"@id\":\"https:\\\/\\\/parisrunningtour.com\\\/fr\\\/12e-14e-16e-17e-et-19e-siecles-une-balade-dans-lhistoire-de-paris-avec-aveen-et-david\\\/#breadcrumb\"},\"inLanguage\":\"fr-FR\",\"potentialAction\":[{\"@type\":\"ReadAction\",\"target\":[\"https:\\\/\\\/parisrunningtour.com\\\/fr\\\/12e-14e-16e-17e-et-19e-siecles-une-balade-dans-lhistoire-de-paris-avec-aveen-et-david\\\/\"]}]},{\"@type\":\"ImageObject\",\"inLanguage\":\"fr-FR\",\"@id\":\"https:\\\/\\\/parisrunningtour.com\\\/fr\\\/12e-14e-16e-17e-et-19e-siecles-une-balade-dans-lhistoire-de-paris-avec-aveen-et-david\\\/#primaryimage\",\"url\":\"https:\\\/\\\/parisrunningtour.com\\\/fr\\\/wp-content\\\/uploads\\\/sites\\\/1\\\/2016\\\/07\\\/PRT2016-07-03_22_RunningInJardinDesPlantes-1-1024x513-1.jpg\",\"contentUrl\":\"https:\\\/\\\/parisrunningtour.com\\\/fr\\\/wp-content\\\/uploads\\\/sites\\\/1\\\/2016\\\/07\\\/PRT2016-07-03_22_RunningInJardinDesPlantes-1-1024x513-1.jpg\",\"width\":1024,\"height\":513},{\"@type\":\"BreadcrumbList\",\"@id\":\"https:\\\/\\\/parisrunningtour.com\\\/fr\\\/12e-14e-16e-17e-et-19e-siecles-une-balade-dans-lhistoire-de-paris-avec-aveen-et-david\\\/#breadcrumb\",\"itemListElement\":[{\"@type\":\"ListItem\",\"position\":1,\"name\":\"Accueil\",\"item\":\"https:\\\/\\\/parisrunningtour.com\\\/fr\\\/\"},{\"@type\":\"ListItem\",\"position\":2,\"name\":\"12e, 14e, 16e, 17e et 19e si\u00e8cles, une balade dans l&rsquo;histoire de Paris avec Aveen et David\"}]},{\"@type\":\"WebSite\",\"@id\":\"https:\\\/\\\/parisrunningtour.com\\\/fr\\\/#website\",\"url\":\"https:\\\/\\\/parisrunningtour.com\\\/fr\\\/\",\"name\":\"Paris Running Tours\",\"description\":\"D\u00e9couvrir Paris en courant\",\"publisher\":{\"@id\":\"https:\\\/\\\/parisrunningtour.com\\\/fr\\\/#organization\"},\"potentialAction\":[{\"@type\":\"SearchAction\",\"target\":{\"@type\":\"EntryPoint\",\"urlTemplate\":\"https:\\\/\\\/parisrunningtour.com\\\/fr\\\/?s={search_term_string}\"},\"query-input\":{\"@type\":\"PropertyValueSpecification\",\"valueRequired\":true,\"valueName\":\"search_term_string\"}}],\"inLanguage\":\"fr-FR\"},{\"@type\":\"Organization\",\"@id\":\"https:\\\/\\\/parisrunningtour.com\\\/fr\\\/#organization\",\"name\":\"Paris Running Tours\",\"url\":\"https:\\\/\\\/parisrunningtour.com\\\/fr\\\/\",\"logo\":{\"@type\":\"ImageObject\",\"inLanguage\":\"fr-FR\",\"@id\":\"https:\\\/\\\/parisrunningtour.com\\\/fr\\\/#\\\/schema\\\/logo\\\/image\\\/\",\"url\":\"https:\\\/\\\/parisrunningtour.com\\\/fr\\\/wp-content\\\/uploads\\\/sites\\\/1\\\/2016\\\/12\\\/cropped-faviconPRT.png\",\"contentUrl\":\"https:\\\/\\\/parisrunningtour.com\\\/fr\\\/wp-content\\\/uploads\\\/sites\\\/1\\\/2016\\\/12\\\/cropped-faviconPRT.png\",\"width\":512,\"height\":512,\"caption\":\"Paris Running Tours\"},\"image\":{\"@id\":\"https:\\\/\\\/parisrunningtour.com\\\/fr\\\/#\\\/schema\\\/logo\\\/image\\\/\"}},{\"@type\":\"Person\",\"@id\":\"https:\\\/\\\/parisrunningtour.com\\\/fr\\\/#\\\/schema\\\/person\\\/75f0dc3c395ae2b4e14e29aff8f6a5af\",\"name\":\"admin\",\"image\":{\"@type\":\"ImageObject\",\"inLanguage\":\"fr-FR\",\"@id\":\"https:\\\/\\\/secure.gravatar.com\\\/avatar\\\/2980d1c79775d028873614111fac5ea2906175b9eba90c2fe773d875d19902e0?s=96&d=mm&r=g\",\"url\":\"https:\\\/\\\/secure.gravatar.com\\\/avatar\\\/2980d1c79775d028873614111fac5ea2906175b9eba90c2fe773d875d19902e0?s=96&d=mm&r=g\",\"contentUrl\":\"https:\\\/\\\/secure.gravatar.com\\\/avatar\\\/2980d1c79775d028873614111fac5ea2906175b9eba90c2fe773d875d19902e0?s=96&d=mm&r=g\",\"caption\":\"admin\"},\"sameAs\":[\"https:\\\/\\\/www.parisrunningtour.com\"],\"url\":\"https:\\\/\\\/parisrunningtour.com\\\/fr\\\/author\\\/admin\\\/\"}]}<\/script>\n<!-- \/ Yoast SEO plugin. -->","yoast_head_json":{"title":"12e, 14e, 16e, 17e et 19e si\u00e8cles, une balade dans l'histoire de Paris avec Aveen et David - Paris Running Tours","robots":{"index":"index","follow":"follow","max-snippet":"max-snippet:-1","max-image-preview":"max-image-preview:large","max-video-preview":"max-video-preview:-1"},"canonical":"https:\/\/parisrunningtour.com\/fr\/12e-14e-16e-17e-et-19e-siecles-une-balade-dans-lhistoire-de-paris-avec-aveen-et-david\/","og_locale":"fr_FR","og_type":"article","og_title":"12e, 14e, 16e, 17e et 19e si\u00e8cles, une balade dans l'histoire de Paris avec Aveen et David - Paris Running Tours","og_description":"8h05 &#8211;\u00a0Avec Aveen et David, coureurs exp\u00e9riment\u00e9s de Dublin (Irlande), nous avons explor\u00e9 Paris en courant et en nous arr\u00eatant devant diff\u00e9rents b\u00e2timents ou lieux qui restituent la ville telle qu&rsquo;elle \u00e9tait aux si\u00e8cles pr\u00e9c\u00e9dents. D\u00e9couvrir Le Marais, la Rive Gauche (Quartiers Latin et Saint-Germain), le Louvre et l&rsquo;Ile de la Cit\u00e9, c&rsquo;est traverser le temps et sentir l&rsquo;Histoire de Paris. Paris a \u00e9t\u00e9\u00a0ab\u00eem\u00e9,\u00a0bombard\u00e9\u00a0mais jamais totalement d\u00e9truite comme l&rsquo;ont pu l&rsquo;\u00eatre Londres (Grand incendie de 1666) ou Lisbonne (Tremblement de terre de 1755). Toutes les couches de l&rsquo;histoire sont repr\u00e9sent\u00e9es (depuis la Lut\u00e8ce Romaine). Notre parcours nous a donc conduits : au 12e si\u00e8cle avec Notre Dame, Aveen et David &#8211; Notre Dame vue depuis le Pont de la Tournelle (la premi\u00e8re pierre fut pos\u00e9e en 1163) au 14e si\u00e8cle avec le magnifique H\u00f4tel de Sens, Aveen et David &#8211; H\u00f4tel de Sens, construit en 1345, anciennement H\u00f4tel des Archev\u00eaques de Sens (Paris d\u00e9pendant de l&rsquo;archev\u00each\u00e9 de Sens jusqu&rsquo;en 1622). Sur la partie gauche du b\u00e2timent, regardez en bas et \u00e0 droite du toit de l&rsquo;\u00e9chauguette le boulet de canon tir\u00e9 en juillet 1830, toujours fich\u00e9 dans le mur. La date 28 juillet 1830 est inscrite sous le boulet. au 16e si\u00e8cle avec le Mus\u00e9e Carnavalet (anciennement H\u00f4tel de Carnavalet et H\u00f4tel Le Peletier de Saint-Fargeau) David et Aveen &#8211; Mus\u00e9e Carnavalet. Regardez le magnifique blason de Paris au dessus de la porte (1889). Le Mus\u00e9e Carnavalet est le mus\u00e9e de la ville de Paris (allez-y et d\u00e9couvrez l&rsquo;histoire de Paris au travers de nombreuses expositions). &nbsp; et la place Dauphine, aussi cr\u00e9\u00e9e \u00e0 la fin du 16e si\u00e8cle, David et Aveen &#8211; Place Dauphine. Remarquez les immeubles dont les refends encadrent des briques rouges. Ne vous rappellent-ils pas ceux que l&rsquo;on voit Place des Vosges ? Regardez la photo Place des Vosges un peu plus bas. Ces deux places furent cr\u00e9\u00e9es \u00e0 la m\u00eame \u00e9poque, des Places Royales ! Admirons maintenant quatre magnifiques lieux apparus au 17e si\u00e8cle : Le Jardin du Luxembourg, David et Aveen &#8211; Le Jardin du Luxembourg, cr\u00e9\u00e9 en 1612 par Marie de M\u00e9dicis avec le palais du Luxembourg (actuel S\u00e9nat). Le Jardin des Plantes, initialement le jardin royal des plantes m\u00e9dicinales cr\u00e9\u00e9 en 1626 (voyez la photo au d\u00e9but de cet article), La place des Vosges, David et Aveen &#8211; Place des Vosges. Comparez les immeubles avec ceux de la place Dauphine (photo un peu plus haut). L&rsquo;H\u00f4tel de Sully. David et Aveen &#8211; L&rsquo;H\u00f4tel de Sully, magnifique H\u00f4tel Particulier dans le Marais, r\u00e9sidence du Duc de Sully, ministre des Finances d&rsquo;Henri IV (entre autres !). Notre route passe aussi au 19\u00e8 si\u00e8cle avec la Place de la Contrescarpe, cr\u00e9\u00e9e en 1852 \u00e0 l&#8217;emplacement d&rsquo;une contrescarpe de l&rsquo;enceinte de Philippe Auguste. David et Aveen &#8211; Place de la Contrescarpe. Au fond, la rue Mouffetard qui, elle, date de l&rsquo;\u00e9poque Romaine. Merci Aveen ! Merci David ! Le circuit du tour :","og_url":"https:\/\/parisrunningtour.com\/fr\/12e-14e-16e-17e-et-19e-siecles-une-balade-dans-lhistoire-de-paris-avec-aveen-et-david\/","og_site_name":"Paris Running Tours","article_published_time":"2016-07-03T06:05:00+00:00","article_modified_time":"2026-01-15T07:56:15+00:00","og_image":[{"width":1024,"height":513,"url":"https:\/\/parisrunningtour.com\/fr\/wp-content\/uploads\/sites\/1\/2016\/07\/PRT2016-07-03_22_RunningInJardinDesPlantes-1-1024x513-1.jpg","type":"image\/jpeg"}],"author":"admin","twitter_card":"summary_large_image","twitter_misc":{"\u00c9crit par":"admin","Dur\u00e9e de lecture estim\u00e9e":"3 minutes"},"schema":{"@context":"https:\/\/schema.org","@graph":[{"@type":"Article","@id":"https:\/\/parisrunningtour.com\/fr\/12e-14e-16e-17e-et-19e-siecles-une-balade-dans-lhistoire-de-paris-avec-aveen-et-david\/#article","isPartOf":{"@id":"https:\/\/parisrunningtour.com\/fr\/12e-14e-16e-17e-et-19e-siecles-une-balade-dans-lhistoire-de-paris-avec-aveen-et-david\/"},"author":{"name":"admin","@id":"https:\/\/parisrunningtour.com\/fr\/#\/schema\/person\/75f0dc3c395ae2b4e14e29aff8f6a5af"},"headline":"12e, 14e, 16e, 17e et 19e si\u00e8cles, une balade dans l&rsquo;histoire de Paris avec Aveen et David","datePublished":"2016-07-03T06:05:00+00:00","dateModified":"2026-01-15T07:56:15+00:00","mainEntityOfPage":{"@id":"https:\/\/parisrunningtour.com\/fr\/12e-14e-16e-17e-et-19e-siecles-une-balade-dans-lhistoire-de-paris-avec-aveen-et-david\/"},"wordCount":566,"commentCount":0,"publisher":{"@id":"https:\/\/parisrunningtour.com\/fr\/#organization"},"image":{"@id":"https:\/\/parisrunningtour.com\/fr\/12e-14e-16e-17e-et-19e-siecles-une-balade-dans-lhistoire-de-paris-avec-aveen-et-david\/#primaryimage"},"thumbnailUrl":"https:\/\/parisrunningtour.com\/fr\/wp-content\/uploads\/sites\/1\/2016\/07\/PRT2016-07-03_22_RunningInJardinDesPlantes-1-1024x513-1.jpg","articleSection":["H\u00f4tel de Sens","H\u00f4tel de Sully","Jardin des Plantes","Luxembourg (Jardin du)","Notre Dame","Place Dauphine","Place de la Contrescarpe","Place des Vosges"],"inLanguage":"fr-FR","potentialAction":[{"@type":"CommentAction","name":"Comment","target":["https:\/\/parisrunningtour.com\/fr\/12e-14e-16e-17e-et-19e-siecles-une-balade-dans-lhistoire-de-paris-avec-aveen-et-david\/#respond"]}]},{"@type":"WebPage","@id":"https:\/\/parisrunningtour.com\/fr\/12e-14e-16e-17e-et-19e-siecles-une-balade-dans-lhistoire-de-paris-avec-aveen-et-david\/","url":"https:\/\/parisrunningtour.com\/fr\/12e-14e-16e-17e-et-19e-siecles-une-balade-dans-lhistoire-de-paris-avec-aveen-et-david\/","name":"12e, 14e, 16e, 17e et 19e si\u00e8cles, une balade dans l'histoire de Paris avec Aveen et David - Paris Running Tours","isPartOf":{"@id":"https:\/\/parisrunningtour.com\/fr\/#website"},"primaryImageOfPage":{"@id":"https:\/\/parisrunningtour.com\/fr\/12e-14e-16e-17e-et-19e-siecles-une-balade-dans-lhistoire-de-paris-avec-aveen-et-david\/#primaryimage"},"image":{"@id":"https:\/\/parisrunningtour.com\/fr\/12e-14e-16e-17e-et-19e-siecles-une-balade-dans-lhistoire-de-paris-avec-aveen-et-david\/#primaryimage"},"thumbnailUrl":"https:\/\/parisrunningtour.com\/fr\/wp-content\/uploads\/sites\/1\/2016\/07\/PRT2016-07-03_22_RunningInJardinDesPlantes-1-1024x513-1.jpg","datePublished":"2016-07-03T06:05:00+00:00","dateModified":"2026-01-15T07:56:15+00:00","breadcrumb":{"@id":"https:\/\/parisrunningtour.com\/fr\/12e-14e-16e-17e-et-19e-siecles-une-balade-dans-lhistoire-de-paris-avec-aveen-et-david\/#breadcrumb"},"inLanguage":"fr-FR","potentialAction":[{"@type":"ReadAction","target":["https:\/\/parisrunningtour.com\/fr\/12e-14e-16e-17e-et-19e-siecles-une-balade-dans-lhistoire-de-paris-avec-aveen-et-david\/"]}]},{"@type":"ImageObject","inLanguage":"fr-FR","@id":"https:\/\/parisrunningtour.com\/fr\/12e-14e-16e-17e-et-19e-siecles-une-balade-dans-lhistoire-de-paris-avec-aveen-et-david\/#primaryimage","url":"https:\/\/parisrunningtour.com\/fr\/wp-content\/uploads\/sites\/1\/2016\/07\/PRT2016-07-03_22_RunningInJardinDesPlantes-1-1024x513-1.jpg","contentUrl":"https:\/\/parisrunningtour.com\/fr\/wp-content\/uploads\/sites\/1\/2016\/07\/PRT2016-07-03_22_RunningInJardinDesPlantes-1-1024x513-1.jpg","width":1024,"height":513},{"@type":"BreadcrumbList","@id":"https:\/\/parisrunningtour.com\/fr\/12e-14e-16e-17e-et-19e-siecles-une-balade-dans-lhistoire-de-paris-avec-aveen-et-david\/#breadcrumb","itemListElement":[{"@type":"ListItem","position":1,"name":"Accueil","item":"https:\/\/parisrunningtour.com\/fr\/"},{"@type":"ListItem","position":2,"name":"12e, 14e, 16e, 17e et 19e si\u00e8cles, une balade dans l&rsquo;histoire de Paris avec Aveen et David"}]},{"@type":"WebSite","@id":"https:\/\/parisrunningtour.com\/fr\/#website","url":"https:\/\/parisrunningtour.com\/fr\/","name":"Paris Running Tours","description":"D\u00e9couvrir Paris en courant","publisher":{"@id":"https:\/\/parisrunningtour.com\/fr\/#organization"},"potentialAction":[{"@type":"SearchAction","target":{"@type":"EntryPoint","urlTemplate":"https:\/\/parisrunningtour.com\/fr\/?s={search_term_string}"},"query-input":{"@type":"PropertyValueSpecification","valueRequired":true,"valueName":"search_term_string"}}],"inLanguage":"fr-FR"},{"@type":"Organization","@id":"https:\/\/parisrunningtour.com\/fr\/#organization","name":"Paris Running Tours","url":"https:\/\/parisrunningtour.com\/fr\/","logo":{"@type":"ImageObject","inLanguage":"fr-FR","@id":"https:\/\/parisrunningtour.com\/fr\/#\/schema\/logo\/image\/","url":"https:\/\/parisrunningtour.com\/fr\/wp-content\/uploads\/sites\/1\/2016\/12\/cropped-faviconPRT.png","contentUrl":"https:\/\/parisrunningtour.com\/fr\/wp-content\/uploads\/sites\/1\/2016\/12\/cropped-faviconPRT.png","width":512,"height":512,"caption":"Paris Running Tours"},"image":{"@id":"https:\/\/parisrunningtour.com\/fr\/#\/schema\/logo\/image\/"}},{"@type":"Person","@id":"https:\/\/parisrunningtour.com\/fr\/#\/schema\/person\/75f0dc3c395ae2b4e14e29aff8f6a5af","name":"admin","image":{"@type":"ImageObject","inLanguage":"fr-FR","@id":"https:\/\/secure.gravatar.com\/avatar\/2980d1c79775d028873614111fac5ea2906175b9eba90c2fe773d875d19902e0?s=96&d=mm&r=g","url":"https:\/\/secure.gravatar.com\/avatar\/2980d1c79775d028873614111fac5ea2906175b9eba90c2fe773d875d19902e0?s=96&d=mm&r=g","contentUrl":"https:\/\/secure.gravatar.com\/avatar\/2980d1c79775d028873614111fac5ea2906175b9eba90c2fe773d875d19902e0?s=96&d=mm&r=g","caption":"admin"},"sameAs":["https:\/\/www.parisrunningtour.com"],"url":"https:\/\/parisrunningtour.com\/fr\/author\/admin\/"}]}},"_links":{"self":[{"href":"https:\/\/parisrunningtour.com\/fr\/wp-json\/wp\/v2\/posts\/41","targetHints":{"allow":["GET"]}}],"collection":[{"href":"https:\/\/parisrunningtour.com\/fr\/wp-json\/wp\/v2\/posts"}],"about":[{"href":"https:\/\/parisrunningtour.com\/fr\/wp-json\/wp\/v2\/types\/post"}],"author":[{"embeddable":true,"href":"https:\/\/parisrunningtour.com\/fr\/wp-json\/wp\/v2\/users\/1"}],"replies":[{"embeddable":true,"href":"https:\/\/parisrunningtour.com\/fr\/wp-json\/wp\/v2\/comments?post=41"}],"version-history":[{"count":23,"href":"https:\/\/parisrunningtour.com\/fr\/wp-json\/wp\/v2\/posts\/41\/revisions"}],"predecessor-version":[{"id":5036,"href":"https:\/\/parisrunningtour.com\/fr\/wp-json\/wp\/v2\/posts\/41\/revisions\/5036"}],"wp:featuredmedia":[{"embeddable":true,"href":"https:\/\/parisrunningtour.com\/fr\/wp-json\/wp\/v2\/media\/4916"}],"wp:attachment":[{"href":"https:\/\/parisrunningtour.com\/fr\/wp-json\/wp\/v2\/media?parent=41"}],"wp:term":[{"taxonomy":"category","embeddable":true,"href":"https:\/\/parisrunningtour.com\/fr\/wp-json\/wp\/v2\/categories?post=41"},{"taxonomy":"post_tag","embeddable":true,"href":"https:\/\/parisrunningtour.com\/fr\/wp-json\/wp\/v2\/tags?post=41"}],"curies":[{"name":"wp","href":"https:\/\/api.w.org\/{rel}","templated":true}]}}