{"id":172,"date":"2010-08-14T20:22:00","date_gmt":"2010-08-14T18:22:00","guid":{"rendered":"http:\/\/runningtour.paris\/blog\/2010\/08\/14\/opera-tour-eiffel-le-louvre-gardons-le-rythme-avec-melanie\/"},"modified":"2017-01-16T17:50:38","modified_gmt":"2017-01-16T16:50:38","slug":"opera-tour-eiffel-le-louvre-gardons-le-rythme-avec-melanie","status":"publish","type":"post","link":"https:\/\/parisrunningtour.com\/fr\/opera-tour-eiffel-le-louvre-gardons-le-rythme-avec-melanie\/","title":{"rendered":"Op\u00e9ra, tour Eiffel, Le Louvre\u2026 Gardons le rythme avec Melanie"},"content":{"rendered":"<div><\/div>\n<table cellspacing=\"0\" cellpadding=\"0\" align=\"center\">\n<tbody>\n<tr>\n<td style=\"text-align: center;\"><img fetchpriority=\"high\" decoding=\"async\" style=\"margin-left: auto; margin-right: auto;\" src=\"http:\/\/1.bp.blogspot.com\/_hKFF_RLY0oQ\/TJ-Wk96_7PI\/AAAAAAAAADw\/yyjDIBFghlo\/s640\/03_ParisRunningTour_20100814_EiffelTowerFromTrocadero_Blog.jpg\" width=\"325\" height=\"640\" border=\"0\" \/><\/td>\n<\/tr>\n<tr>\n<td style=\"text-align: center;\">Melanie &#8211; Tour Eiffel<\/td>\n<\/tr>\n<\/tbody>\n<\/table>\n<div><\/div>\n<div><b>7h00<\/b> &#8211; Ce samedi en plein mois d&rsquo;ao\u00fbt fut un jour tranquille \u00e0 Paris. Melanie venait d&rsquo;Australie pour visiter la capitale et fut ravie de sa premi\u00e8re course \u00e0 Paris. Nous essay\u00e2mes de garder le rythme, en courant finalement environ 12 km en 1h05. Aussi, m\u00eame si nous f\u00eemes quelques pauses pour profiter de la vue et faire quelques photos, nous sommes confiants, Melanie atteindra son objectif pour sa prochaine comp\u00e9tition, faire 12 km en moins d&rsquo;une heure.<\/div>\n<div><\/div>\n<div>Merci Melanie !<\/p>\n<p><b>Le parcours de la course <\/b>:<\/div>\n<div><\/div>\n<p>&nbsp;<\/p>\n<div><b><small>Vous pouvez afficher le <a style=\"color: blue; text-align: left;\" href=\"http:\/\/maps.google.fr\/maps\/ms?ie=UTF8&amp;hl=fr&amp;t=h&amp;msa=0&amp;msid=118070176640260600302.0004912e32af9150a5e73&amp;ll=48.862569,2.312622&amp;spn=0.039526,0.072956&amp;z=13&amp;source=embed\" target=\"_blank\">tour de Melanie<\/a> sur une carte plus grande<\/small><\/b><\/div>\n","protected":false},"excerpt":{"rendered":"<p>Melanie &#8211; Tour Eiffel 7h00 &#8211; Ce samedi en plein mois d&rsquo;ao\u00fbt fut un jour tranquille \u00e0 Paris. Melanie venait d&rsquo;Australie pour visiter la capitale et fut ravie de sa premi\u00e8re course \u00e0 Paris. Nous essay\u00e2mes de garder le rythme, en courant finalement environ 12 km en 1h05. Aussi, m\u00eame si nous f\u00eemes quelques pauses pour profiter de la vue et faire quelques photos, nous sommes confiants, Melanie atteindra son objectif pour sa prochaine comp\u00e9tition, faire 12 km en moins d&rsquo;une heure. Merci Melanie ! Le parcours de la course : &nbsp; Vous pouvez afficher le tour de Melanie sur une carte plus grande<\/p>\n","protected":false},"author":1,"featured_media":1477,"comment_status":"open","ping_status":"open","sticky":false,"template":"","format":"standard","meta":{"footnotes":""},"categories":[10],"tags":[],"class_list":["post-172","post","type-post","status-publish","format-standard","has-post-thumbnail","hentry","category-tour-eiffel"],"yoast_head":"<!-- This site is optimized with the Yoast SEO plugin v27.5 - https:\/\/yoast.com\/product\/yoast-seo-wordpress\/ -->\n<title>Op\u00e9ra, tour Eiffel, Le Louvre\u2026 Gardons le rythme avec Melanie - Paris Running Tours<\/title>\n<meta name=\"robots\" content=\"index, follow, max-snippet:-1, max-image-preview:large, max-video-preview:-1\" \/>\n<link rel=\"canonical\" href=\"https:\/\/parisrunningtour.com\/fr\/opera-tour-eiffel-le-louvre-gardons-le-rythme-avec-melanie\/\" \/>\n<meta property=\"og:locale\" content=\"fr_FR\" \/>\n<meta property=\"og:type\" content=\"article\" \/>\n<meta property=\"og:title\" content=\"Op\u00e9ra, tour Eiffel, Le Louvre\u2026 Gardons le rythme avec Melanie - Paris Running Tours\" \/>\n<meta property=\"og:description\" content=\"Melanie &#8211; Tour Eiffel 7h00 &#8211; Ce samedi en plein mois d&rsquo;ao\u00fbt fut un jour tranquille \u00e0 Paris. Melanie venait d&rsquo;Australie pour visiter la capitale et fut ravie de sa premi\u00e8re course \u00e0 Paris. Nous essay\u00e2mes de garder le rythme, en courant finalement environ 12 km en 1h05. Aussi, m\u00eame si nous f\u00eemes quelques pauses pour profiter de la vue et faire quelques photos, nous sommes confiants, Melanie atteindra son objectif pour sa prochaine comp\u00e9tition, faire 12 km en moins d&rsquo;une heure. Merci Melanie ! Le parcours de la course : &nbsp; Vous pouvez afficher le tour de Melanie sur une carte plus grande\" \/>\n<meta property=\"og:url\" content=\"https:\/\/parisrunningtour.com\/fr\/opera-tour-eiffel-le-louvre-gardons-le-rythme-avec-melanie\/\" \/>\n<meta property=\"og:site_name\" content=\"Paris Running Tours\" \/>\n<meta property=\"article:published_time\" content=\"2010-08-14T18:22:00+00:00\" \/>\n<meta property=\"article:modified_time\" content=\"2017-01-16T16:50:38+00:00\" \/>\n<meta property=\"og:image\" content=\"https:\/\/parisrunningtour.com\/fr\/wp-content\/uploads\/sites\/1\/2010\/08\/PRT2010-08-14_Melanie.jpg\" \/>\n\t<meta property=\"og:image:width\" content=\"322\" \/>\n\t<meta property=\"og:image:height\" content=\"322\" \/>\n\t<meta property=\"og:image:type\" content=\"image\/jpeg\" \/>\n<meta name=\"author\" content=\"admin\" \/>\n<meta name=\"twitter:card\" content=\"summary_large_image\" \/>\n<meta name=\"twitter:label1\" content=\"\u00c9crit par\" \/>\n\t<meta name=\"twitter:data1\" content=\"admin\" \/>\n\t<meta name=\"twitter:label2\" content=\"Dur\u00e9e de lecture estim\u00e9e\" \/>\n\t<meta name=\"twitter:data2\" content=\"1 minute\" \/>\n<script type=\"application\/ld+json\" class=\"yoast-schema-graph\">{\"@context\":\"https:\\\/\\\/schema.org\",\"@graph\":[{\"@type\":\"Article\",\"@id\":\"https:\\\/\\\/parisrunningtour.com\\\/fr\\\/opera-tour-eiffel-le-louvre-gardons-le-rythme-avec-melanie\\\/#article\",\"isPartOf\":{\"@id\":\"https:\\\/\\\/parisrunningtour.com\\\/fr\\\/opera-tour-eiffel-le-louvre-gardons-le-rythme-avec-melanie\\\/\"},\"author\":{\"name\":\"admin\",\"@id\":\"https:\\\/\\\/parisrunningtour.com\\\/fr\\\/#\\\/schema\\\/person\\\/75f0dc3c395ae2b4e14e29aff8f6a5af\"},\"headline\":\"Op\u00e9ra, tour Eiffel, Le Louvre\u2026 Gardons le rythme avec Melanie\",\"datePublished\":\"2010-08-14T18:22:00+00:00\",\"dateModified\":\"2017-01-16T16:50:38+00:00\",\"mainEntityOfPage\":{\"@id\":\"https:\\\/\\\/parisrunningtour.com\\\/fr\\\/opera-tour-eiffel-le-louvre-gardons-le-rythme-avec-melanie\\\/\"},\"wordCount\":118,\"commentCount\":0,\"publisher\":{\"@id\":\"https:\\\/\\\/parisrunningtour.com\\\/fr\\\/#organization\"},\"image\":{\"@id\":\"https:\\\/\\\/parisrunningtour.com\\\/fr\\\/opera-tour-eiffel-le-louvre-gardons-le-rythme-avec-melanie\\\/#primaryimage\"},\"thumbnailUrl\":\"https:\\\/\\\/parisrunningtour.com\\\/fr\\\/wp-content\\\/uploads\\\/sites\\\/1\\\/2010\\\/08\\\/PRT2010-08-14_Melanie.jpg\",\"articleSection\":[\"Tour Eiffel\"],\"inLanguage\":\"fr-FR\",\"potentialAction\":[{\"@type\":\"CommentAction\",\"name\":\"Comment\",\"target\":[\"https:\\\/\\\/parisrunningtour.com\\\/fr\\\/opera-tour-eiffel-le-louvre-gardons-le-rythme-avec-melanie\\\/#respond\"]}]},{\"@type\":\"WebPage\",\"@id\":\"https:\\\/\\\/parisrunningtour.com\\\/fr\\\/opera-tour-eiffel-le-louvre-gardons-le-rythme-avec-melanie\\\/\",\"url\":\"https:\\\/\\\/parisrunningtour.com\\\/fr\\\/opera-tour-eiffel-le-louvre-gardons-le-rythme-avec-melanie\\\/\",\"name\":\"Op\u00e9ra, tour Eiffel, Le Louvre\u2026 Gardons le rythme avec Melanie - Paris Running Tours\",\"isPartOf\":{\"@id\":\"https:\\\/\\\/parisrunningtour.com\\\/fr\\\/#website\"},\"primaryImageOfPage\":{\"@id\":\"https:\\\/\\\/parisrunningtour.com\\\/fr\\\/opera-tour-eiffel-le-louvre-gardons-le-rythme-avec-melanie\\\/#primaryimage\"},\"image\":{\"@id\":\"https:\\\/\\\/parisrunningtour.com\\\/fr\\\/opera-tour-eiffel-le-louvre-gardons-le-rythme-avec-melanie\\\/#primaryimage\"},\"thumbnailUrl\":\"https:\\\/\\\/parisrunningtour.com\\\/fr\\\/wp-content\\\/uploads\\\/sites\\\/1\\\/2010\\\/08\\\/PRT2010-08-14_Melanie.jpg\",\"datePublished\":\"2010-08-14T18:22:00+00:00\",\"dateModified\":\"2017-01-16T16:50:38+00:00\",\"breadcrumb\":{\"@id\":\"https:\\\/\\\/parisrunningtour.com\\\/fr\\\/opera-tour-eiffel-le-louvre-gardons-le-rythme-avec-melanie\\\/#breadcrumb\"},\"inLanguage\":\"fr-FR\",\"potentialAction\":[{\"@type\":\"ReadAction\",\"target\":[\"https:\\\/\\\/parisrunningtour.com\\\/fr\\\/opera-tour-eiffel-le-louvre-gardons-le-rythme-avec-melanie\\\/\"]}]},{\"@type\":\"ImageObject\",\"inLanguage\":\"fr-FR\",\"@id\":\"https:\\\/\\\/parisrunningtour.com\\\/fr\\\/opera-tour-eiffel-le-louvre-gardons-le-rythme-avec-melanie\\\/#primaryimage\",\"url\":\"https:\\\/\\\/parisrunningtour.com\\\/fr\\\/wp-content\\\/uploads\\\/sites\\\/1\\\/2010\\\/08\\\/PRT2010-08-14_Melanie.jpg\",\"contentUrl\":\"https:\\\/\\\/parisrunningtour.com\\\/fr\\\/wp-content\\\/uploads\\\/sites\\\/1\\\/2010\\\/08\\\/PRT2010-08-14_Melanie.jpg\",\"width\":322,\"height\":322},{\"@type\":\"BreadcrumbList\",\"@id\":\"https:\\\/\\\/parisrunningtour.com\\\/fr\\\/opera-tour-eiffel-le-louvre-gardons-le-rythme-avec-melanie\\\/#breadcrumb\",\"itemListElement\":[{\"@type\":\"ListItem\",\"position\":1,\"name\":\"Accueil\",\"item\":\"https:\\\/\\\/parisrunningtour.com\\\/fr\\\/\"},{\"@type\":\"ListItem\",\"position\":2,\"name\":\"Op\u00e9ra, tour Eiffel, Le Louvre\u2026 Gardons le rythme avec Melanie\"}]},{\"@type\":\"WebSite\",\"@id\":\"https:\\\/\\\/parisrunningtour.com\\\/fr\\\/#website\",\"url\":\"https:\\\/\\\/parisrunningtour.com\\\/fr\\\/\",\"name\":\"Paris Running Tours\",\"description\":\"D\u00e9couvrir Paris en courant\",\"publisher\":{\"@id\":\"https:\\\/\\\/parisrunningtour.com\\\/fr\\\/#organization\"},\"potentialAction\":[{\"@type\":\"SearchAction\",\"target\":{\"@type\":\"EntryPoint\",\"urlTemplate\":\"https:\\\/\\\/parisrunningtour.com\\\/fr\\\/?s={search_term_string}\"},\"query-input\":{\"@type\":\"PropertyValueSpecification\",\"valueRequired\":true,\"valueName\":\"search_term_string\"}}],\"inLanguage\":\"fr-FR\"},{\"@type\":\"Organization\",\"@id\":\"https:\\\/\\\/parisrunningtour.com\\\/fr\\\/#organization\",\"name\":\"Paris Running Tours\",\"url\":\"https:\\\/\\\/parisrunningtour.com\\\/fr\\\/\",\"logo\":{\"@type\":\"ImageObject\",\"inLanguage\":\"fr-FR\",\"@id\":\"https:\\\/\\\/parisrunningtour.com\\\/fr\\\/#\\\/schema\\\/logo\\\/image\\\/\",\"url\":\"https:\\\/\\\/parisrunningtour.com\\\/fr\\\/wp-content\\\/uploads\\\/sites\\\/1\\\/2016\\\/12\\\/cropped-faviconPRT.png\",\"contentUrl\":\"https:\\\/\\\/parisrunningtour.com\\\/fr\\\/wp-content\\\/uploads\\\/sites\\\/1\\\/2016\\\/12\\\/cropped-faviconPRT.png\",\"width\":512,\"height\":512,\"caption\":\"Paris Running Tours\"},\"image\":{\"@id\":\"https:\\\/\\\/parisrunningtour.com\\\/fr\\\/#\\\/schema\\\/logo\\\/image\\\/\"}},{\"@type\":\"Person\",\"@id\":\"https:\\\/\\\/parisrunningtour.com\\\/fr\\\/#\\\/schema\\\/person\\\/75f0dc3c395ae2b4e14e29aff8f6a5af\",\"name\":\"admin\",\"image\":{\"@type\":\"ImageObject\",\"inLanguage\":\"fr-FR\",\"@id\":\"https:\\\/\\\/secure.gravatar.com\\\/avatar\\\/2980d1c79775d028873614111fac5ea2906175b9eba90c2fe773d875d19902e0?s=96&d=mm&r=g\",\"url\":\"https:\\\/\\\/secure.gravatar.com\\\/avatar\\\/2980d1c79775d028873614111fac5ea2906175b9eba90c2fe773d875d19902e0?s=96&d=mm&r=g\",\"contentUrl\":\"https:\\\/\\\/secure.gravatar.com\\\/avatar\\\/2980d1c79775d028873614111fac5ea2906175b9eba90c2fe773d875d19902e0?s=96&d=mm&r=g\",\"caption\":\"admin\"},\"sameAs\":[\"https:\\\/\\\/www.parisrunningtour.com\"],\"url\":\"https:\\\/\\\/parisrunningtour.com\\\/fr\\\/author\\\/admin\\\/\"}]}<\/script>\n<!-- \/ Yoast SEO plugin. -->","yoast_head_json":{"title":"Op\u00e9ra, tour Eiffel, Le Louvre\u2026 Gardons le rythme avec Melanie - Paris Running Tours","robots":{"index":"index","follow":"follow","max-snippet":"max-snippet:-1","max-image-preview":"max-image-preview:large","max-video-preview":"max-video-preview:-1"},"canonical":"https:\/\/parisrunningtour.com\/fr\/opera-tour-eiffel-le-louvre-gardons-le-rythme-avec-melanie\/","og_locale":"fr_FR","og_type":"article","og_title":"Op\u00e9ra, tour Eiffel, Le Louvre\u2026 Gardons le rythme avec Melanie - Paris Running Tours","og_description":"Melanie &#8211; Tour Eiffel 7h00 &#8211; Ce samedi en plein mois d&rsquo;ao\u00fbt fut un jour tranquille \u00e0 Paris. Melanie venait d&rsquo;Australie pour visiter la capitale et fut ravie de sa premi\u00e8re course \u00e0 Paris. Nous essay\u00e2mes de garder le rythme, en courant finalement environ 12 km en 1h05. Aussi, m\u00eame si nous f\u00eemes quelques pauses pour profiter de la vue et faire quelques photos, nous sommes confiants, Melanie atteindra son objectif pour sa prochaine comp\u00e9tition, faire 12 km en moins d&rsquo;une heure. Merci Melanie ! Le parcours de la course : &nbsp; Vous pouvez afficher le tour de Melanie sur une carte plus grande","og_url":"https:\/\/parisrunningtour.com\/fr\/opera-tour-eiffel-le-louvre-gardons-le-rythme-avec-melanie\/","og_site_name":"Paris Running Tours","article_published_time":"2010-08-14T18:22:00+00:00","article_modified_time":"2017-01-16T16:50:38+00:00","og_image":[{"width":322,"height":322,"url":"https:\/\/parisrunningtour.com\/fr\/wp-content\/uploads\/sites\/1\/2010\/08\/PRT2010-08-14_Melanie.jpg","type":"image\/jpeg"}],"author":"admin","twitter_card":"summary_large_image","twitter_misc":{"\u00c9crit par":"admin","Dur\u00e9e de lecture estim\u00e9e":"1 minute"},"schema":{"@context":"https:\/\/schema.org","@graph":[{"@type":"Article","@id":"https:\/\/parisrunningtour.com\/fr\/opera-tour-eiffel-le-louvre-gardons-le-rythme-avec-melanie\/#article","isPartOf":{"@id":"https:\/\/parisrunningtour.com\/fr\/opera-tour-eiffel-le-louvre-gardons-le-rythme-avec-melanie\/"},"author":{"name":"admin","@id":"https:\/\/parisrunningtour.com\/fr\/#\/schema\/person\/75f0dc3c395ae2b4e14e29aff8f6a5af"},"headline":"Op\u00e9ra, tour Eiffel, Le Louvre\u2026 Gardons le rythme avec Melanie","datePublished":"2010-08-14T18:22:00+00:00","dateModified":"2017-01-16T16:50:38+00:00","mainEntityOfPage":{"@id":"https:\/\/parisrunningtour.com\/fr\/opera-tour-eiffel-le-louvre-gardons-le-rythme-avec-melanie\/"},"wordCount":118,"commentCount":0,"publisher":{"@id":"https:\/\/parisrunningtour.com\/fr\/#organization"},"image":{"@id":"https:\/\/parisrunningtour.com\/fr\/opera-tour-eiffel-le-louvre-gardons-le-rythme-avec-melanie\/#primaryimage"},"thumbnailUrl":"https:\/\/parisrunningtour.com\/fr\/wp-content\/uploads\/sites\/1\/2010\/08\/PRT2010-08-14_Melanie.jpg","articleSection":["Tour Eiffel"],"inLanguage":"fr-FR","potentialAction":[{"@type":"CommentAction","name":"Comment","target":["https:\/\/parisrunningtour.com\/fr\/opera-tour-eiffel-le-louvre-gardons-le-rythme-avec-melanie\/#respond"]}]},{"@type":"WebPage","@id":"https:\/\/parisrunningtour.com\/fr\/opera-tour-eiffel-le-louvre-gardons-le-rythme-avec-melanie\/","url":"https:\/\/parisrunningtour.com\/fr\/opera-tour-eiffel-le-louvre-gardons-le-rythme-avec-melanie\/","name":"Op\u00e9ra, tour Eiffel, Le Louvre\u2026 Gardons le rythme avec Melanie - Paris Running Tours","isPartOf":{"@id":"https:\/\/parisrunningtour.com\/fr\/#website"},"primaryImageOfPage":{"@id":"https:\/\/parisrunningtour.com\/fr\/opera-tour-eiffel-le-louvre-gardons-le-rythme-avec-melanie\/#primaryimage"},"image":{"@id":"https:\/\/parisrunningtour.com\/fr\/opera-tour-eiffel-le-louvre-gardons-le-rythme-avec-melanie\/#primaryimage"},"thumbnailUrl":"https:\/\/parisrunningtour.com\/fr\/wp-content\/uploads\/sites\/1\/2010\/08\/PRT2010-08-14_Melanie.jpg","datePublished":"2010-08-14T18:22:00+00:00","dateModified":"2017-01-16T16:50:38+00:00","breadcrumb":{"@id":"https:\/\/parisrunningtour.com\/fr\/opera-tour-eiffel-le-louvre-gardons-le-rythme-avec-melanie\/#breadcrumb"},"inLanguage":"fr-FR","potentialAction":[{"@type":"ReadAction","target":["https:\/\/parisrunningtour.com\/fr\/opera-tour-eiffel-le-louvre-gardons-le-rythme-avec-melanie\/"]}]},{"@type":"ImageObject","inLanguage":"fr-FR","@id":"https:\/\/parisrunningtour.com\/fr\/opera-tour-eiffel-le-louvre-gardons-le-rythme-avec-melanie\/#primaryimage","url":"https:\/\/parisrunningtour.com\/fr\/wp-content\/uploads\/sites\/1\/2010\/08\/PRT2010-08-14_Melanie.jpg","contentUrl":"https:\/\/parisrunningtour.com\/fr\/wp-content\/uploads\/sites\/1\/2010\/08\/PRT2010-08-14_Melanie.jpg","width":322,"height":322},{"@type":"BreadcrumbList","@id":"https:\/\/parisrunningtour.com\/fr\/opera-tour-eiffel-le-louvre-gardons-le-rythme-avec-melanie\/#breadcrumb","itemListElement":[{"@type":"ListItem","position":1,"name":"Accueil","item":"https:\/\/parisrunningtour.com\/fr\/"},{"@type":"ListItem","position":2,"name":"Op\u00e9ra, tour Eiffel, Le Louvre\u2026 Gardons le rythme avec Melanie"}]},{"@type":"WebSite","@id":"https:\/\/parisrunningtour.com\/fr\/#website","url":"https:\/\/parisrunningtour.com\/fr\/","name":"Paris Running Tours","description":"D\u00e9couvrir Paris en courant","publisher":{"@id":"https:\/\/parisrunningtour.com\/fr\/#organization"},"potentialAction":[{"@type":"SearchAction","target":{"@type":"EntryPoint","urlTemplate":"https:\/\/parisrunningtour.com\/fr\/?s={search_term_string}"},"query-input":{"@type":"PropertyValueSpecification","valueRequired":true,"valueName":"search_term_string"}}],"inLanguage":"fr-FR"},{"@type":"Organization","@id":"https:\/\/parisrunningtour.com\/fr\/#organization","name":"Paris Running Tours","url":"https:\/\/parisrunningtour.com\/fr\/","logo":{"@type":"ImageObject","inLanguage":"fr-FR","@id":"https:\/\/parisrunningtour.com\/fr\/#\/schema\/logo\/image\/","url":"https:\/\/parisrunningtour.com\/fr\/wp-content\/uploads\/sites\/1\/2016\/12\/cropped-faviconPRT.png","contentUrl":"https:\/\/parisrunningtour.com\/fr\/wp-content\/uploads\/sites\/1\/2016\/12\/cropped-faviconPRT.png","width":512,"height":512,"caption":"Paris Running Tours"},"image":{"@id":"https:\/\/parisrunningtour.com\/fr\/#\/schema\/logo\/image\/"}},{"@type":"Person","@id":"https:\/\/parisrunningtour.com\/fr\/#\/schema\/person\/75f0dc3c395ae2b4e14e29aff8f6a5af","name":"admin","image":{"@type":"ImageObject","inLanguage":"fr-FR","@id":"https:\/\/secure.gravatar.com\/avatar\/2980d1c79775d028873614111fac5ea2906175b9eba90c2fe773d875d19902e0?s=96&d=mm&r=g","url":"https:\/\/secure.gravatar.com\/avatar\/2980d1c79775d028873614111fac5ea2906175b9eba90c2fe773d875d19902e0?s=96&d=mm&r=g","contentUrl":"https:\/\/secure.gravatar.com\/avatar\/2980d1c79775d028873614111fac5ea2906175b9eba90c2fe773d875d19902e0?s=96&d=mm&r=g","caption":"admin"},"sameAs":["https:\/\/www.parisrunningtour.com"],"url":"https:\/\/parisrunningtour.com\/fr\/author\/admin\/"}]}},"_links":{"self":[{"href":"https:\/\/parisrunningtour.com\/fr\/wp-json\/wp\/v2\/posts\/172","targetHints":{"allow":["GET"]}}],"collection":[{"href":"https:\/\/parisrunningtour.com\/fr\/wp-json\/wp\/v2\/posts"}],"about":[{"href":"https:\/\/parisrunningtour.com\/fr\/wp-json\/wp\/v2\/types\/post"}],"author":[{"embeddable":true,"href":"https:\/\/parisrunningtour.com\/fr\/wp-json\/wp\/v2\/users\/1"}],"replies":[{"embeddable":true,"href":"https:\/\/parisrunningtour.com\/fr\/wp-json\/wp\/v2\/comments?post=172"}],"version-history":[{"count":1,"href":"https:\/\/parisrunningtour.com\/fr\/wp-json\/wp\/v2\/posts\/172\/revisions"}],"predecessor-version":[{"id":1478,"href":"https:\/\/parisrunningtour.com\/fr\/wp-json\/wp\/v2\/posts\/172\/revisions\/1478"}],"wp:featuredmedia":[{"embeddable":true,"href":"https:\/\/parisrunningtour.com\/fr\/wp-json\/wp\/v2\/media\/1477"}],"wp:attachment":[{"href":"https:\/\/parisrunningtour.com\/fr\/wp-json\/wp\/v2\/media?parent=172"}],"wp:term":[{"taxonomy":"category","embeddable":true,"href":"https:\/\/parisrunningtour.com\/fr\/wp-json\/wp\/v2\/categories?post=172"},{"taxonomy":"post_tag","embeddable":true,"href":"https:\/\/parisrunningtour.com\/fr\/wp-json\/wp\/v2\/tags?post=172"}],"curies":[{"name":"wp","href":"https:\/\/api.w.org\/{rel}","templated":true}]}}