{"id":169,"date":"2010-09-18T21:01:00","date_gmt":"2010-09-18T19:01:00","guid":{"rendered":"http:\/\/runningtour.paris\/blog\/2010\/09\/18\/une-matinee-ensoleillee-avec-sarah\/"},"modified":"2017-01-16T17:48:48","modified_gmt":"2017-01-16T16:48:48","slug":"une-matinee-ensoleillee-avec-sarah","status":"publish","type":"post","link":"https:\/\/parisrunningtour.com\/fr\/une-matinee-ensoleillee-avec-sarah\/","title":{"rendered":"Une matin\u00e9e ensoleill\u00e9e avec Sarah"},"content":{"rendered":"<table cellspacing=\"0\" cellpadding=\"0\" align=\"center\">\n<tbody>\n<tr>\n<td style=\"text-align: center;\"><b><img fetchpriority=\"high\" decoding=\"async\" style=\"margin-left: auto; margin-right: auto;\" src=\"http:\/\/1.bp.blogspot.com\/_hKFF_RLY0oQ\/TKTiBwhXCII\/AAAAAAAAAEY\/rYm_Ns9HsFk\/s640\/zParisRunningTour_20100918_Invalides_PourBlog.jpg\" width=\"640\" height=\"476\" border=\"0\" \/><\/b><\/td>\n<\/tr>\n<tr>\n<td style=\"text-align: center;\"><b>Sarah, \u00e0 peine arriv\u00e9e de l&rsquo;Ohio, courant sur l&rsquo;esplanade des Invalides<\/b><\/td>\n<\/tr>\n<\/tbody>\n<\/table>\n<div><b><span style=\"font-size: small;\">7h30 <\/span><\/b><span style=\"font-size: small;\">&#8211; Ce matin, l&rsquo;\u00e9t\u00e9 finissait et l&rsquo;air \u00e9tait un petit peu frais, mais heureusement le soleil \u00e9tait avec nous sur le parcours. Sur notre chemin, parmi les beaux endroits de Paris que nous avons vus, nous avons crois\u00e9 le mus\u00e9e Rodin. Le mus\u00e9e est \u00e0 l&rsquo;int\u00e9rieur d&rsquo;un parc o\u00f9 certaines des cr\u00e9ations du sculpteur peuvent \u00eatre admir\u00e9es. Sur notre chemin, en dehors du parc, depuis la route, on peut voir \u00ab\u00a0Le penseur\u00a0\u00bb, statue bien connue.<br \/>\nMerci Sarah !<b> <\/b><\/span><\/div>\n<div><b>\u00a0<\/b><\/div>\n<div><b>Le parcours de la course :<\/b><\/div>\n<div><b>\u00a0<\/b><\/div>\n<div><\/div>\n<div><b><small>Vous pouvez afficher la <a style=\"color: blue; text-align: left;\" href=\"http:\/\/maps.google.fr\/maps\/ms?ie=UTF8&amp;hl=fr&amp;msa=0&amp;t=h&amp;msid=114005057638055895120.00049180091712f18aab6&amp;ll=48.861496,2.320347&amp;spn=0.027104,0.054932&amp;z=14&amp;source=embed\" target=\"_blank\">course de Sarah<\/a> sur une carte plus grande<\/small><\/b><\/div>\n<div style=\"font-family: 'Trebuchet MS',sans-serif; text-align: left;\"><span style=\"font-size: small;\">\u00a0<\/span><\/div>\n<div style=\"font-family: 'Trebuchet MS', sans-serif;\"><span style=\"font-size: small;\">Commentaire de Sarah (<i>traduit de l&rsquo;anglais<\/i>) :<\/span><\/div>\n<p><span style=\"font-family: 'Trebuchet MS', sans-serif; font-size: small;\">Merci Jean-Charles ! Je n&rsquo;avais pas imagin\u00e9 pouvoir visiter Paris en faisant une course si \u00e9tonnante. L&rsquo;hospitalit\u00e9, le tour personnalis\u00e9 imprim\u00e9, le T-shirt, ce tour fut quelque chose d&rsquo;unique et un excellent souvenir qu&rsquo;un coureur peut vraiment appr\u00e9cier. Coureurs du monde entier, unissez-vous ! Merci, Paris Running Tours ! Sarah<\/span><\/p>\n","protected":false},"excerpt":{"rendered":"<p>Sarah, \u00e0 peine arriv\u00e9e de l&rsquo;Ohio, courant sur l&rsquo;esplanade des Invalides 7h30 &#8211; Ce matin, l&rsquo;\u00e9t\u00e9 finissait et l&rsquo;air \u00e9tait un petit peu frais, mais heureusement le soleil \u00e9tait avec nous sur le parcours. Sur notre chemin, parmi les beaux endroits de Paris que nous avons vus, nous avons crois\u00e9 le mus\u00e9e Rodin. Le mus\u00e9e est \u00e0 l&rsquo;int\u00e9rieur d&rsquo;un parc o\u00f9 certaines des cr\u00e9ations du sculpteur peuvent \u00eatre admir\u00e9es. Sur notre chemin, en dehors du parc, depuis la route, on peut voir \u00ab\u00a0Le penseur\u00a0\u00bb, statue bien connue. Merci Sarah ! \u00a0 Le parcours de la course : \u00a0 Vous pouvez afficher la course de Sarah sur une carte plus grande \u00a0 Commentaire de Sarah (traduit de l&rsquo;anglais) : Merci Jean-Charles ! Je n&rsquo;avais pas imagin\u00e9 pouvoir visiter Paris en faisant une course si \u00e9tonnante. L&rsquo;hospitalit\u00e9, le tour personnalis\u00e9 imprim\u00e9, le T-shirt, ce tour fut quelque chose d&rsquo;unique et un excellent souvenir qu&rsquo;un coureur peut vraiment appr\u00e9cier. Coureurs du monde entier, unissez-vous ! Merci, Paris Running Tours ! Sarah<\/p>\n","protected":false},"author":1,"featured_media":1471,"comment_status":"open","ping_status":"open","sticky":false,"template":"","format":"standard","meta":{"footnotes":""},"categories":[28],"tags":[],"class_list":["post-169","post","type-post","status-publish","format-standard","has-post-thumbnail","hentry","category-invalides"],"yoast_head":"<!-- This site is optimized with the Yoast SEO plugin v27.5 - https:\/\/yoast.com\/product\/yoast-seo-wordpress\/ -->\n<title>Une matin\u00e9e ensoleill\u00e9e avec Sarah - Paris Running Tours<\/title>\n<meta name=\"robots\" content=\"index, follow, max-snippet:-1, max-image-preview:large, max-video-preview:-1\" \/>\n<link rel=\"canonical\" href=\"https:\/\/parisrunningtour.com\/fr\/une-matinee-ensoleillee-avec-sarah\/\" \/>\n<meta property=\"og:locale\" content=\"fr_FR\" \/>\n<meta property=\"og:type\" content=\"article\" \/>\n<meta property=\"og:title\" content=\"Une matin\u00e9e ensoleill\u00e9e avec Sarah - Paris Running Tours\" \/>\n<meta property=\"og:description\" content=\"Sarah, \u00e0 peine arriv\u00e9e de l&rsquo;Ohio, courant sur l&rsquo;esplanade des Invalides 7h30 &#8211; Ce matin, l&rsquo;\u00e9t\u00e9 finissait et l&rsquo;air \u00e9tait un petit peu frais, mais heureusement le soleil \u00e9tait avec nous sur le parcours. Sur notre chemin, parmi les beaux endroits de Paris que nous avons vus, nous avons crois\u00e9 le mus\u00e9e Rodin. Le mus\u00e9e est \u00e0 l&rsquo;int\u00e9rieur d&rsquo;un parc o\u00f9 certaines des cr\u00e9ations du sculpteur peuvent \u00eatre admir\u00e9es. Sur notre chemin, en dehors du parc, depuis la route, on peut voir \u00ab\u00a0Le penseur\u00a0\u00bb, statue bien connue. Merci Sarah ! \u00a0 Le parcours de la course : \u00a0 Vous pouvez afficher la course de Sarah sur une carte plus grande \u00a0 Commentaire de Sarah (traduit de l&rsquo;anglais) : Merci Jean-Charles ! Je n&rsquo;avais pas imagin\u00e9 pouvoir visiter Paris en faisant une course si \u00e9tonnante. L&rsquo;hospitalit\u00e9, le tour personnalis\u00e9 imprim\u00e9, le T-shirt, ce tour fut quelque chose d&rsquo;unique et un excellent souvenir qu&rsquo;un coureur peut vraiment appr\u00e9cier. Coureurs du monde entier, unissez-vous ! Merci, Paris Running Tours ! Sarah\" \/>\n<meta property=\"og:url\" content=\"https:\/\/parisrunningtour.com\/fr\/une-matinee-ensoleillee-avec-sarah\/\" \/>\n<meta property=\"og:site_name\" content=\"Paris Running Tours\" \/>\n<meta property=\"article:published_time\" content=\"2010-09-18T19:01:00+00:00\" \/>\n<meta property=\"article:modified_time\" content=\"2017-01-16T16:48:48+00:00\" \/>\n<meta property=\"og:image\" content=\"https:\/\/parisrunningtour.com\/fr\/wp-content\/uploads\/sites\/1\/2010\/09\/PRT2010-09-18_Invalides.jpg\" \/>\n\t<meta property=\"og:image:width\" content=\"475\" \/>\n\t<meta property=\"og:image:height\" content=\"475\" \/>\n\t<meta property=\"og:image:type\" content=\"image\/jpeg\" \/>\n<meta name=\"author\" content=\"admin\" \/>\n<meta name=\"twitter:card\" content=\"summary_large_image\" \/>\n<meta name=\"twitter:label1\" content=\"\u00c9crit par\" \/>\n\t<meta name=\"twitter:data1\" content=\"admin\" \/>\n\t<meta name=\"twitter:label2\" content=\"Dur\u00e9e de lecture estim\u00e9e\" \/>\n\t<meta name=\"twitter:data2\" content=\"1 minute\" \/>\n<script type=\"application\/ld+json\" class=\"yoast-schema-graph\">{\"@context\":\"https:\\\/\\\/schema.org\",\"@graph\":[{\"@type\":\"Article\",\"@id\":\"https:\\\/\\\/parisrunningtour.com\\\/fr\\\/une-matinee-ensoleillee-avec-sarah\\\/#article\",\"isPartOf\":{\"@id\":\"https:\\\/\\\/parisrunningtour.com\\\/fr\\\/une-matinee-ensoleillee-avec-sarah\\\/\"},\"author\":{\"name\":\"admin\",\"@id\":\"https:\\\/\\\/parisrunningtour.com\\\/fr\\\/#\\\/schema\\\/person\\\/75f0dc3c395ae2b4e14e29aff8f6a5af\"},\"headline\":\"Une matin\u00e9e ensoleill\u00e9e avec Sarah\",\"datePublished\":\"2010-09-18T19:01:00+00:00\",\"dateModified\":\"2017-01-16T16:48:48+00:00\",\"mainEntityOfPage\":{\"@id\":\"https:\\\/\\\/parisrunningtour.com\\\/fr\\\/une-matinee-ensoleillee-avec-sarah\\\/\"},\"wordCount\":182,\"commentCount\":0,\"publisher\":{\"@id\":\"https:\\\/\\\/parisrunningtour.com\\\/fr\\\/#organization\"},\"image\":{\"@id\":\"https:\\\/\\\/parisrunningtour.com\\\/fr\\\/une-matinee-ensoleillee-avec-sarah\\\/#primaryimage\"},\"thumbnailUrl\":\"https:\\\/\\\/parisrunningtour.com\\\/fr\\\/wp-content\\\/uploads\\\/sites\\\/1\\\/2010\\\/09\\\/PRT2010-09-18_Invalides.jpg\",\"articleSection\":[\"Invalides\"],\"inLanguage\":\"fr-FR\",\"potentialAction\":[{\"@type\":\"CommentAction\",\"name\":\"Comment\",\"target\":[\"https:\\\/\\\/parisrunningtour.com\\\/fr\\\/une-matinee-ensoleillee-avec-sarah\\\/#respond\"]}]},{\"@type\":\"WebPage\",\"@id\":\"https:\\\/\\\/parisrunningtour.com\\\/fr\\\/une-matinee-ensoleillee-avec-sarah\\\/\",\"url\":\"https:\\\/\\\/parisrunningtour.com\\\/fr\\\/une-matinee-ensoleillee-avec-sarah\\\/\",\"name\":\"Une matin\u00e9e ensoleill\u00e9e avec Sarah - Paris Running Tours\",\"isPartOf\":{\"@id\":\"https:\\\/\\\/parisrunningtour.com\\\/fr\\\/#website\"},\"primaryImageOfPage\":{\"@id\":\"https:\\\/\\\/parisrunningtour.com\\\/fr\\\/une-matinee-ensoleillee-avec-sarah\\\/#primaryimage\"},\"image\":{\"@id\":\"https:\\\/\\\/parisrunningtour.com\\\/fr\\\/une-matinee-ensoleillee-avec-sarah\\\/#primaryimage\"},\"thumbnailUrl\":\"https:\\\/\\\/parisrunningtour.com\\\/fr\\\/wp-content\\\/uploads\\\/sites\\\/1\\\/2010\\\/09\\\/PRT2010-09-18_Invalides.jpg\",\"datePublished\":\"2010-09-18T19:01:00+00:00\",\"dateModified\":\"2017-01-16T16:48:48+00:00\",\"breadcrumb\":{\"@id\":\"https:\\\/\\\/parisrunningtour.com\\\/fr\\\/une-matinee-ensoleillee-avec-sarah\\\/#breadcrumb\"},\"inLanguage\":\"fr-FR\",\"potentialAction\":[{\"@type\":\"ReadAction\",\"target\":[\"https:\\\/\\\/parisrunningtour.com\\\/fr\\\/une-matinee-ensoleillee-avec-sarah\\\/\"]}]},{\"@type\":\"ImageObject\",\"inLanguage\":\"fr-FR\",\"@id\":\"https:\\\/\\\/parisrunningtour.com\\\/fr\\\/une-matinee-ensoleillee-avec-sarah\\\/#primaryimage\",\"url\":\"https:\\\/\\\/parisrunningtour.com\\\/fr\\\/wp-content\\\/uploads\\\/sites\\\/1\\\/2010\\\/09\\\/PRT2010-09-18_Invalides.jpg\",\"contentUrl\":\"https:\\\/\\\/parisrunningtour.com\\\/fr\\\/wp-content\\\/uploads\\\/sites\\\/1\\\/2010\\\/09\\\/PRT2010-09-18_Invalides.jpg\",\"width\":475,\"height\":475},{\"@type\":\"BreadcrumbList\",\"@id\":\"https:\\\/\\\/parisrunningtour.com\\\/fr\\\/une-matinee-ensoleillee-avec-sarah\\\/#breadcrumb\",\"itemListElement\":[{\"@type\":\"ListItem\",\"position\":1,\"name\":\"Accueil\",\"item\":\"https:\\\/\\\/parisrunningtour.com\\\/fr\\\/\"},{\"@type\":\"ListItem\",\"position\":2,\"name\":\"Une matin\u00e9e ensoleill\u00e9e avec Sarah\"}]},{\"@type\":\"WebSite\",\"@id\":\"https:\\\/\\\/parisrunningtour.com\\\/fr\\\/#website\",\"url\":\"https:\\\/\\\/parisrunningtour.com\\\/fr\\\/\",\"name\":\"Paris Running Tours\",\"description\":\"D\u00e9couvrir Paris en courant\",\"publisher\":{\"@id\":\"https:\\\/\\\/parisrunningtour.com\\\/fr\\\/#organization\"},\"potentialAction\":[{\"@type\":\"SearchAction\",\"target\":{\"@type\":\"EntryPoint\",\"urlTemplate\":\"https:\\\/\\\/parisrunningtour.com\\\/fr\\\/?s={search_term_string}\"},\"query-input\":{\"@type\":\"PropertyValueSpecification\",\"valueRequired\":true,\"valueName\":\"search_term_string\"}}],\"inLanguage\":\"fr-FR\"},{\"@type\":\"Organization\",\"@id\":\"https:\\\/\\\/parisrunningtour.com\\\/fr\\\/#organization\",\"name\":\"Paris Running Tours\",\"url\":\"https:\\\/\\\/parisrunningtour.com\\\/fr\\\/\",\"logo\":{\"@type\":\"ImageObject\",\"inLanguage\":\"fr-FR\",\"@id\":\"https:\\\/\\\/parisrunningtour.com\\\/fr\\\/#\\\/schema\\\/logo\\\/image\\\/\",\"url\":\"https:\\\/\\\/parisrunningtour.com\\\/fr\\\/wp-content\\\/uploads\\\/sites\\\/1\\\/2016\\\/12\\\/cropped-faviconPRT.png\",\"contentUrl\":\"https:\\\/\\\/parisrunningtour.com\\\/fr\\\/wp-content\\\/uploads\\\/sites\\\/1\\\/2016\\\/12\\\/cropped-faviconPRT.png\",\"width\":512,\"height\":512,\"caption\":\"Paris Running Tours\"},\"image\":{\"@id\":\"https:\\\/\\\/parisrunningtour.com\\\/fr\\\/#\\\/schema\\\/logo\\\/image\\\/\"}},{\"@type\":\"Person\",\"@id\":\"https:\\\/\\\/parisrunningtour.com\\\/fr\\\/#\\\/schema\\\/person\\\/75f0dc3c395ae2b4e14e29aff8f6a5af\",\"name\":\"admin\",\"image\":{\"@type\":\"ImageObject\",\"inLanguage\":\"fr-FR\",\"@id\":\"https:\\\/\\\/secure.gravatar.com\\\/avatar\\\/2980d1c79775d028873614111fac5ea2906175b9eba90c2fe773d875d19902e0?s=96&d=mm&r=g\",\"url\":\"https:\\\/\\\/secure.gravatar.com\\\/avatar\\\/2980d1c79775d028873614111fac5ea2906175b9eba90c2fe773d875d19902e0?s=96&d=mm&r=g\",\"contentUrl\":\"https:\\\/\\\/secure.gravatar.com\\\/avatar\\\/2980d1c79775d028873614111fac5ea2906175b9eba90c2fe773d875d19902e0?s=96&d=mm&r=g\",\"caption\":\"admin\"},\"sameAs\":[\"https:\\\/\\\/www.parisrunningtour.com\"],\"url\":\"https:\\\/\\\/parisrunningtour.com\\\/fr\\\/author\\\/admin\\\/\"}]}<\/script>\n<!-- \/ Yoast SEO plugin. -->","yoast_head_json":{"title":"Une matin\u00e9e ensoleill\u00e9e avec Sarah - Paris Running Tours","robots":{"index":"index","follow":"follow","max-snippet":"max-snippet:-1","max-image-preview":"max-image-preview:large","max-video-preview":"max-video-preview:-1"},"canonical":"https:\/\/parisrunningtour.com\/fr\/une-matinee-ensoleillee-avec-sarah\/","og_locale":"fr_FR","og_type":"article","og_title":"Une matin\u00e9e ensoleill\u00e9e avec Sarah - Paris Running Tours","og_description":"Sarah, \u00e0 peine arriv\u00e9e de l&rsquo;Ohio, courant sur l&rsquo;esplanade des Invalides 7h30 &#8211; Ce matin, l&rsquo;\u00e9t\u00e9 finissait et l&rsquo;air \u00e9tait un petit peu frais, mais heureusement le soleil \u00e9tait avec nous sur le parcours. Sur notre chemin, parmi les beaux endroits de Paris que nous avons vus, nous avons crois\u00e9 le mus\u00e9e Rodin. Le mus\u00e9e est \u00e0 l&rsquo;int\u00e9rieur d&rsquo;un parc o\u00f9 certaines des cr\u00e9ations du sculpteur peuvent \u00eatre admir\u00e9es. Sur notre chemin, en dehors du parc, depuis la route, on peut voir \u00ab\u00a0Le penseur\u00a0\u00bb, statue bien connue. Merci Sarah ! \u00a0 Le parcours de la course : \u00a0 Vous pouvez afficher la course de Sarah sur une carte plus grande \u00a0 Commentaire de Sarah (traduit de l&rsquo;anglais) : Merci Jean-Charles ! Je n&rsquo;avais pas imagin\u00e9 pouvoir visiter Paris en faisant une course si \u00e9tonnante. L&rsquo;hospitalit\u00e9, le tour personnalis\u00e9 imprim\u00e9, le T-shirt, ce tour fut quelque chose d&rsquo;unique et un excellent souvenir qu&rsquo;un coureur peut vraiment appr\u00e9cier. Coureurs du monde entier, unissez-vous ! Merci, Paris Running Tours ! Sarah","og_url":"https:\/\/parisrunningtour.com\/fr\/une-matinee-ensoleillee-avec-sarah\/","og_site_name":"Paris Running Tours","article_published_time":"2010-09-18T19:01:00+00:00","article_modified_time":"2017-01-16T16:48:48+00:00","og_image":[{"width":475,"height":475,"url":"https:\/\/parisrunningtour.com\/fr\/wp-content\/uploads\/sites\/1\/2010\/09\/PRT2010-09-18_Invalides.jpg","type":"image\/jpeg"}],"author":"admin","twitter_card":"summary_large_image","twitter_misc":{"\u00c9crit par":"admin","Dur\u00e9e de lecture estim\u00e9e":"1 minute"},"schema":{"@context":"https:\/\/schema.org","@graph":[{"@type":"Article","@id":"https:\/\/parisrunningtour.com\/fr\/une-matinee-ensoleillee-avec-sarah\/#article","isPartOf":{"@id":"https:\/\/parisrunningtour.com\/fr\/une-matinee-ensoleillee-avec-sarah\/"},"author":{"name":"admin","@id":"https:\/\/parisrunningtour.com\/fr\/#\/schema\/person\/75f0dc3c395ae2b4e14e29aff8f6a5af"},"headline":"Une matin\u00e9e ensoleill\u00e9e avec Sarah","datePublished":"2010-09-18T19:01:00+00:00","dateModified":"2017-01-16T16:48:48+00:00","mainEntityOfPage":{"@id":"https:\/\/parisrunningtour.com\/fr\/une-matinee-ensoleillee-avec-sarah\/"},"wordCount":182,"commentCount":0,"publisher":{"@id":"https:\/\/parisrunningtour.com\/fr\/#organization"},"image":{"@id":"https:\/\/parisrunningtour.com\/fr\/une-matinee-ensoleillee-avec-sarah\/#primaryimage"},"thumbnailUrl":"https:\/\/parisrunningtour.com\/fr\/wp-content\/uploads\/sites\/1\/2010\/09\/PRT2010-09-18_Invalides.jpg","articleSection":["Invalides"],"inLanguage":"fr-FR","potentialAction":[{"@type":"CommentAction","name":"Comment","target":["https:\/\/parisrunningtour.com\/fr\/une-matinee-ensoleillee-avec-sarah\/#respond"]}]},{"@type":"WebPage","@id":"https:\/\/parisrunningtour.com\/fr\/une-matinee-ensoleillee-avec-sarah\/","url":"https:\/\/parisrunningtour.com\/fr\/une-matinee-ensoleillee-avec-sarah\/","name":"Une matin\u00e9e ensoleill\u00e9e avec Sarah - Paris Running Tours","isPartOf":{"@id":"https:\/\/parisrunningtour.com\/fr\/#website"},"primaryImageOfPage":{"@id":"https:\/\/parisrunningtour.com\/fr\/une-matinee-ensoleillee-avec-sarah\/#primaryimage"},"image":{"@id":"https:\/\/parisrunningtour.com\/fr\/une-matinee-ensoleillee-avec-sarah\/#primaryimage"},"thumbnailUrl":"https:\/\/parisrunningtour.com\/fr\/wp-content\/uploads\/sites\/1\/2010\/09\/PRT2010-09-18_Invalides.jpg","datePublished":"2010-09-18T19:01:00+00:00","dateModified":"2017-01-16T16:48:48+00:00","breadcrumb":{"@id":"https:\/\/parisrunningtour.com\/fr\/une-matinee-ensoleillee-avec-sarah\/#breadcrumb"},"inLanguage":"fr-FR","potentialAction":[{"@type":"ReadAction","target":["https:\/\/parisrunningtour.com\/fr\/une-matinee-ensoleillee-avec-sarah\/"]}]},{"@type":"ImageObject","inLanguage":"fr-FR","@id":"https:\/\/parisrunningtour.com\/fr\/une-matinee-ensoleillee-avec-sarah\/#primaryimage","url":"https:\/\/parisrunningtour.com\/fr\/wp-content\/uploads\/sites\/1\/2010\/09\/PRT2010-09-18_Invalides.jpg","contentUrl":"https:\/\/parisrunningtour.com\/fr\/wp-content\/uploads\/sites\/1\/2010\/09\/PRT2010-09-18_Invalides.jpg","width":475,"height":475},{"@type":"BreadcrumbList","@id":"https:\/\/parisrunningtour.com\/fr\/une-matinee-ensoleillee-avec-sarah\/#breadcrumb","itemListElement":[{"@type":"ListItem","position":1,"name":"Accueil","item":"https:\/\/parisrunningtour.com\/fr\/"},{"@type":"ListItem","position":2,"name":"Une matin\u00e9e ensoleill\u00e9e avec Sarah"}]},{"@type":"WebSite","@id":"https:\/\/parisrunningtour.com\/fr\/#website","url":"https:\/\/parisrunningtour.com\/fr\/","name":"Paris Running Tours","description":"D\u00e9couvrir Paris en courant","publisher":{"@id":"https:\/\/parisrunningtour.com\/fr\/#organization"},"potentialAction":[{"@type":"SearchAction","target":{"@type":"EntryPoint","urlTemplate":"https:\/\/parisrunningtour.com\/fr\/?s={search_term_string}"},"query-input":{"@type":"PropertyValueSpecification","valueRequired":true,"valueName":"search_term_string"}}],"inLanguage":"fr-FR"},{"@type":"Organization","@id":"https:\/\/parisrunningtour.com\/fr\/#organization","name":"Paris Running Tours","url":"https:\/\/parisrunningtour.com\/fr\/","logo":{"@type":"ImageObject","inLanguage":"fr-FR","@id":"https:\/\/parisrunningtour.com\/fr\/#\/schema\/logo\/image\/","url":"https:\/\/parisrunningtour.com\/fr\/wp-content\/uploads\/sites\/1\/2016\/12\/cropped-faviconPRT.png","contentUrl":"https:\/\/parisrunningtour.com\/fr\/wp-content\/uploads\/sites\/1\/2016\/12\/cropped-faviconPRT.png","width":512,"height":512,"caption":"Paris Running Tours"},"image":{"@id":"https:\/\/parisrunningtour.com\/fr\/#\/schema\/logo\/image\/"}},{"@type":"Person","@id":"https:\/\/parisrunningtour.com\/fr\/#\/schema\/person\/75f0dc3c395ae2b4e14e29aff8f6a5af","name":"admin","image":{"@type":"ImageObject","inLanguage":"fr-FR","@id":"https:\/\/secure.gravatar.com\/avatar\/2980d1c79775d028873614111fac5ea2906175b9eba90c2fe773d875d19902e0?s=96&d=mm&r=g","url":"https:\/\/secure.gravatar.com\/avatar\/2980d1c79775d028873614111fac5ea2906175b9eba90c2fe773d875d19902e0?s=96&d=mm&r=g","contentUrl":"https:\/\/secure.gravatar.com\/avatar\/2980d1c79775d028873614111fac5ea2906175b9eba90c2fe773d875d19902e0?s=96&d=mm&r=g","caption":"admin"},"sameAs":["https:\/\/www.parisrunningtour.com"],"url":"https:\/\/parisrunningtour.com\/fr\/author\/admin\/"}]}},"_links":{"self":[{"href":"https:\/\/parisrunningtour.com\/fr\/wp-json\/wp\/v2\/posts\/169","targetHints":{"allow":["GET"]}}],"collection":[{"href":"https:\/\/parisrunningtour.com\/fr\/wp-json\/wp\/v2\/posts"}],"about":[{"href":"https:\/\/parisrunningtour.com\/fr\/wp-json\/wp\/v2\/types\/post"}],"author":[{"embeddable":true,"href":"https:\/\/parisrunningtour.com\/fr\/wp-json\/wp\/v2\/users\/1"}],"replies":[{"embeddable":true,"href":"https:\/\/parisrunningtour.com\/fr\/wp-json\/wp\/v2\/comments?post=169"}],"version-history":[{"count":1,"href":"https:\/\/parisrunningtour.com\/fr\/wp-json\/wp\/v2\/posts\/169\/revisions"}],"predecessor-version":[{"id":1472,"href":"https:\/\/parisrunningtour.com\/fr\/wp-json\/wp\/v2\/posts\/169\/revisions\/1472"}],"wp:featuredmedia":[{"embeddable":true,"href":"https:\/\/parisrunningtour.com\/fr\/wp-json\/wp\/v2\/media\/1471"}],"wp:attachment":[{"href":"https:\/\/parisrunningtour.com\/fr\/wp-json\/wp\/v2\/media?parent=169"}],"wp:term":[{"taxonomy":"category","embeddable":true,"href":"https:\/\/parisrunningtour.com\/fr\/wp-json\/wp\/v2\/categories?post=169"},{"taxonomy":"post_tag","embeddable":true,"href":"https:\/\/parisrunningtour.com\/fr\/wp-json\/wp\/v2\/tags?post=169"}],"curies":[{"name":"wp","href":"https:\/\/api.w.org\/{rel}","templated":true}]}}