{"id":154,"date":"2011-03-06T08:30:00","date_gmt":"2011-03-06T07:30:00","guid":{"rendered":"http:\/\/runningtour.paris\/blog\/2011\/03\/06\/un-week-end-ensoleille-a-paris-avec-anne-et-niels\/"},"modified":"2017-01-16T17:30:54","modified_gmt":"2017-01-16T16:30:54","slug":"un-week-end-ensoleille-a-paris-avec-anne-et-niels","status":"publish","type":"post","link":"https:\/\/parisrunningtour.com\/fr\/un-week-end-ensoleille-a-paris-avec-anne-et-niels\/","title":{"rendered":"Un week end ensoleill\u00e9 \u00e0 Paris avec Anne et Niels"},"content":{"rendered":"<div style=\"clear: both; text-align: center;\"><\/div>\n<table style=\"margin-left: auto; margin-right: auto; text-align: center;\" cellspacing=\"0\" cellpadding=\"0\" align=\"center\">\n<tbody>\n<tr>\n<td style=\"text-align: center;\"><a style=\"margin-left: auto; margin-right: auto;\" href=\"https:\/\/lh4.googleusercontent.com\/-anJyJrGGOrM\/TXesh4z9jcI\/AAAAAAAAALA\/U4K3ZPn1cpc\/s1600\/2011-03-06_ParisRunningTour_05_TourEiffel.jpg\" target=\"_blank\"><span style=\"font-family: 'Trebuchet MS', sans-serif;\"><img fetchpriority=\"high\" decoding=\"async\" src=\"https:\/\/lh4.googleusercontent.com\/-anJyJrGGOrM\/TXesh4z9jcI\/AAAAAAAAALA\/U4K3ZPn1cpc\/s640\/2011-03-06_ParisRunningTour_05_TourEiffel.jpg\" width=\"428\" height=\"640\" border=\"0\" \/><\/span><\/a><\/td>\n<\/tr>\n<tr>\n<td style=\"text-align: center;\"><span style=\"font-family: 'Trebuchet MS', sans-serif;\">La tour Eiffel depuis l&rsquo;Esplanade du Trocad\u00e9ro &#8211; Anne et Niels<\/span><\/td>\n<\/tr>\n<\/tbody>\n<\/table>\n<p><span style=\"font-family: 'Trebuchet MS', sans-serif;\"><b>7h30 &#8211; Samedi et dimanche\u00a0<\/b>&#8211; Anne et Niels, de Copenhague (Danemark), en tant que marathoniens r\u00e9guliers, ont choisi de courir deux fois avec Paris Running Tour, samedi matin et dimanche matin. Nous f\u00fbmes chanceux, malgr\u00e9 un temps plut\u00f4t froid, nous avons couru sous la fantastique lumi\u00e8re du soleil de ce week end de mars, ce qui nous a permis d&rsquo;appr\u00e9cier pleinement nos tours.\u00a0<\/span><br \/>\n<span style=\"font-family: 'Trebuchet MS', sans-serif;\">Sur notre chemin, nous avons vu les \u00ab\u00a0<b>Invalides<\/b>\u00a0\u00bb (voir photo ci-dessous), l&rsquo;<b>Ecole Militaire<\/b>\u00a0\u00bb et couru au \u00ab\u00a0<b>Champ de Mars<\/b>\u00ab\u00a0; tous ces endroits sont li\u00e9s \u00e0 la guerre. L&rsquo;H\u00f4tel des <b>Invalides<\/b> a \u00e9t\u00e9 cr\u00e9\u00e9\u00a0\u00e0 la demande de Louis XIV pour loger et prendre soin des soldats estropi\u00e9s, bless\u00e9s ou\u00a0\u00e2g\u00e9s\u00a0(une raison souvent \u00e9voqu\u00e9e : Louis XIV aimait la gloire apport\u00e9e par ses guerres victorieuses mais non les &#8211; pas si glorieuses &#8211; cons\u00e9quences en termes de soldats estropi\u00e9s errant dans les rues parisiennes). Vous pouvez y voir le tombeau de Napol\u00e9on. <\/span><\/p>\n<div style=\"clear: both; text-align: center;\"><\/div>\n<table style=\"margin-left: auto; margin-right: auto; text-align: center;\" cellspacing=\"0\" cellpadding=\"0\" align=\"center\">\n<tbody>\n<tr>\n<td style=\"text-align: center;\"><a style=\"margin-left: auto; margin-right: auto;\" href=\"https:\/\/lh5.googleusercontent.com\/-5qefKrGzlAY\/TXes0-22UdI\/AAAAAAAAALE\/fUOurQRPepU\/s1600\/2011-03-06_ParisRunningTour_01_Invalides.jpg\" target=\"_blank\"><span style=\"font-family: 'Trebuchet MS', sans-serif;\"><img decoding=\"async\" src=\"https:\/\/lh5.googleusercontent.com\/-5qefKrGzlAY\/TXes0-22UdI\/AAAAAAAAALE\/fUOurQRPepU\/s640\/2011-03-06_ParisRunningTour_01_Invalides.jpg\" width=\"386\" height=\"640\" border=\"0\" \/><\/span><\/a><\/td>\n<\/tr>\n<tr>\n<td style=\"text-align: center;\"><span style=\"font-family: 'Trebuchet MS', sans-serif;\">Les Invalides (depuis le Sud) &#8211; Niels et Anne<\/span><\/td>\n<\/tr>\n<\/tbody>\n<\/table>\n<p><span style=\"font-family: 'Trebuchet MS', sans-serif;\">Pas tr\u00e8s loin des Invalides, l&rsquo;<b>Ecole Militaire<\/b> cr\u00e9\u00e9e par Louis XV. Son but fut d&rsquo;\u00e9duquer les jeunes (et pauvres) officiers. Comme les Invalides, elle appartient toujours au Minist\u00e8re de la D\u00e9fense. Entre l&rsquo;Ecole Militaire et la tour Eiffel, se trouve un parc, le \u00ab\u00a0<b>Champ de Mars<\/b>\u00ab\u00a0, Mars \u00e9tant le dieu Romain de la guerre.<\/span><br \/>\n<span style=\"font-family: 'Trebuchet MS', sans-serif;\">Il fut appel\u00e9 ainsi par les Romains qui y battirent les Gaulois et prirent Paris (nomm\u00e9e Lut\u00e8ce \u00e0 l&rsquo;\u00e9poque). Ensuite, le Champ de Mars fut utilis\u00e9 pour \u00e9tudier la strat\u00e9gie et s&rsquo;entra\u00eener \u00e0 la guerre, notamment par l&rsquo;Ecole Militaire. De nos jours, celles et ceux qui s&rsquo;entra\u00eenent au Champ de Mars sont des coureurs (parmi eux, de temps en temps, des soldats de l&rsquo;Ecole Militaire !).<\/span><br \/>\n<span style=\"font-family: 'Trebuchet MS', sans-serif;\">Merci Anne et Niels !<\/span><\/p>\n<p><span style=\"font-family: 'Trebuchet MS', sans-serif;\"><b>Les circuits des tours (<span style=\"color: red;\">Samedi <\/span>et <span style=\"color: yellow;\">Dimanche<\/span>): <\/b><\/span><\/p>\n<div style=\"clear: both; text-align: center;\"><a style=\"clear: left; float: left; margin-bottom: 1em; margin-right: 1em;\" href=\"https:\/\/lh3.googleusercontent.com\/-ZMGkFFHrv-Y\/TXe69CKzI7I\/AAAAAAAAALI\/SEjgIjNJFSo\/s1600\/ParisRunningTours5and6March2011.jpg\" target=\"_blank\"><img decoding=\"async\" src=\"https:\/\/lh3.googleusercontent.com\/-ZMGkFFHrv-Y\/TXe69CKzI7I\/AAAAAAAAALI\/SEjgIjNJFSo\/s640\/ParisRunningTours5and6March2011.jpg\" width=\"640\" height=\"342\" border=\"0\" \/><\/a><\/div>\n","protected":false},"excerpt":{"rendered":"<p>La tour Eiffel depuis l&rsquo;Esplanade du Trocad\u00e9ro &#8211; Anne et Niels 7h30 &#8211; Samedi et dimanche\u00a0&#8211; Anne et Niels, de Copenhague (Danemark), en tant que marathoniens r\u00e9guliers, ont choisi de courir deux fois avec Paris Running Tour, samedi matin et dimanche matin. Nous f\u00fbmes chanceux, malgr\u00e9 un temps plut\u00f4t froid, nous avons couru sous la fantastique lumi\u00e8re du soleil de ce week end de mars, ce qui nous a permis d&rsquo;appr\u00e9cier pleinement nos tours.\u00a0 Sur notre chemin, nous avons vu les \u00ab\u00a0Invalides\u00a0\u00bb (voir photo ci-dessous), l&rsquo;Ecole Militaire\u00a0\u00bb et couru au \u00ab\u00a0Champ de Mars\u00ab\u00a0; tous ces endroits sont li\u00e9s \u00e0 la guerre. L&rsquo;H\u00f4tel des Invalides a \u00e9t\u00e9 cr\u00e9\u00e9\u00a0\u00e0 la demande de Louis XIV pour loger et prendre soin des soldats estropi\u00e9s, bless\u00e9s ou\u00a0\u00e2g\u00e9s\u00a0(une raison souvent \u00e9voqu\u00e9e : Louis XIV aimait la gloire apport\u00e9e par ses guerres victorieuses mais non les &#8211; pas si glorieuses &#8211; cons\u00e9quences en termes de soldats estropi\u00e9s errant dans les rues parisiennes). Vous pouvez y voir le tombeau de Napol\u00e9on. Les Invalides (depuis le Sud) &#8211; Niels et Anne Pas tr\u00e8s loin des Invalides, l&rsquo;Ecole Militaire cr\u00e9\u00e9e par Louis XV. Son but fut d&rsquo;\u00e9duquer les jeunes (et pauvres) officiers. Comme les Invalides, elle appartient toujours au Minist\u00e8re de la D\u00e9fense. Entre l&rsquo;Ecole Militaire et la tour Eiffel, se trouve un parc, le \u00ab\u00a0Champ de Mars\u00ab\u00a0, Mars \u00e9tant le dieu Romain de la guerre. Il fut appel\u00e9 ainsi par les Romains qui y battirent les Gaulois et prirent Paris (nomm\u00e9e Lut\u00e8ce \u00e0 l&rsquo;\u00e9poque). Ensuite, le Champ de Mars fut utilis\u00e9 pour \u00e9tudier la strat\u00e9gie et s&rsquo;entra\u00eener \u00e0 la guerre, notamment par l&rsquo;Ecole Militaire. De nos jours, celles et ceux qui s&rsquo;entra\u00eenent au Champ de Mars sont des coureurs (parmi eux, de temps en temps, des soldats de l&rsquo;Ecole Militaire !). Merci Anne et Niels ! Les circuits des tours (Samedi et Dimanche):<\/p>\n","protected":false},"author":1,"featured_media":1440,"comment_status":"open","ping_status":"open","sticky":false,"template":"","format":"standard","meta":{"footnotes":""},"categories":[56,85,28,10],"tags":[],"class_list":["post-154","post","type-post","status-publish","format-standard","has-post-thumbnail","hentry","category-champ-de-mars","category-ecole-militaire","category-invalides","category-tour-eiffel"],"yoast_head":"<!-- This site is optimized with the Yoast SEO plugin v27.5 - https:\/\/yoast.com\/product\/yoast-seo-wordpress\/ -->\n<title>Un week end ensoleill\u00e9 \u00e0 Paris avec Anne et Niels - Paris Running Tours<\/title>\n<meta name=\"robots\" content=\"index, follow, max-snippet:-1, max-image-preview:large, max-video-preview:-1\" \/>\n<link rel=\"canonical\" href=\"https:\/\/parisrunningtour.com\/fr\/un-week-end-ensoleille-a-paris-avec-anne-et-niels\/\" \/>\n<meta property=\"og:locale\" content=\"fr_FR\" \/>\n<meta property=\"og:type\" content=\"article\" \/>\n<meta property=\"og:title\" content=\"Un week end ensoleill\u00e9 \u00e0 Paris avec Anne et Niels - Paris Running Tours\" \/>\n<meta property=\"og:description\" content=\"La tour Eiffel depuis l&rsquo;Esplanade du Trocad\u00e9ro &#8211; Anne et Niels 7h30 &#8211; Samedi et dimanche\u00a0&#8211; Anne et Niels, de Copenhague (Danemark), en tant que marathoniens r\u00e9guliers, ont choisi de courir deux fois avec Paris Running Tour, samedi matin et dimanche matin. Nous f\u00fbmes chanceux, malgr\u00e9 un temps plut\u00f4t froid, nous avons couru sous la fantastique lumi\u00e8re du soleil de ce week end de mars, ce qui nous a permis d&rsquo;appr\u00e9cier pleinement nos tours.\u00a0 Sur notre chemin, nous avons vu les \u00ab\u00a0Invalides\u00a0\u00bb (voir photo ci-dessous), l&rsquo;Ecole Militaire\u00a0\u00bb et couru au \u00ab\u00a0Champ de Mars\u00ab\u00a0; tous ces endroits sont li\u00e9s \u00e0 la guerre. L&rsquo;H\u00f4tel des Invalides a \u00e9t\u00e9 cr\u00e9\u00e9\u00a0\u00e0 la demande de Louis XIV pour loger et prendre soin des soldats estropi\u00e9s, bless\u00e9s ou\u00a0\u00e2g\u00e9s\u00a0(une raison souvent \u00e9voqu\u00e9e : Louis XIV aimait la gloire apport\u00e9e par ses guerres victorieuses mais non les &#8211; pas si glorieuses &#8211; cons\u00e9quences en termes de soldats estropi\u00e9s errant dans les rues parisiennes). Vous pouvez y voir le tombeau de Napol\u00e9on. Les Invalides (depuis le Sud) &#8211; Niels et Anne Pas tr\u00e8s loin des Invalides, l&rsquo;Ecole Militaire cr\u00e9\u00e9e par Louis XV. Son but fut d&rsquo;\u00e9duquer les jeunes (et pauvres) officiers. Comme les Invalides, elle appartient toujours au Minist\u00e8re de la D\u00e9fense. Entre l&rsquo;Ecole Militaire et la tour Eiffel, se trouve un parc, le \u00ab\u00a0Champ de Mars\u00ab\u00a0, Mars \u00e9tant le dieu Romain de la guerre. Il fut appel\u00e9 ainsi par les Romains qui y battirent les Gaulois et prirent Paris (nomm\u00e9e Lut\u00e8ce \u00e0 l&rsquo;\u00e9poque). Ensuite, le Champ de Mars fut utilis\u00e9 pour \u00e9tudier la strat\u00e9gie et s&rsquo;entra\u00eener \u00e0 la guerre, notamment par l&rsquo;Ecole Militaire. De nos jours, celles et ceux qui s&rsquo;entra\u00eenent au Champ de Mars sont des coureurs (parmi eux, de temps en temps, des soldats de l&rsquo;Ecole Militaire !). Merci Anne et Niels ! Les circuits des tours (Samedi et Dimanche):\" \/>\n<meta property=\"og:url\" content=\"https:\/\/parisrunningtour.com\/fr\/un-week-end-ensoleille-a-paris-avec-anne-et-niels\/\" \/>\n<meta property=\"og:site_name\" content=\"Paris Running Tours\" \/>\n<meta property=\"article:published_time\" content=\"2011-03-06T07:30:00+00:00\" \/>\n<meta property=\"article:modified_time\" content=\"2017-01-16T16:30:54+00:00\" \/>\n<meta property=\"og:image\" content=\"https:\/\/parisrunningtour.com\/fr\/wp-content\/uploads\/sites\/1\/2011\/03\/PRT2011-03-06_ParisRunningTour_05_TourEiffel.jpg\" \/>\n\t<meta property=\"og:image:width\" content=\"900\" \/>\n\t<meta property=\"og:image:height\" content=\"900\" \/>\n\t<meta property=\"og:image:type\" content=\"image\/jpeg\" \/>\n<meta name=\"author\" content=\"admin\" \/>\n<meta name=\"twitter:card\" content=\"summary_large_image\" \/>\n<meta name=\"twitter:label1\" content=\"\u00c9crit par\" \/>\n\t<meta name=\"twitter:data1\" content=\"admin\" \/>\n\t<meta name=\"twitter:label2\" content=\"Dur\u00e9e de lecture estim\u00e9e\" \/>\n\t<meta name=\"twitter:data2\" content=\"2 minutes\" \/>\n<script type=\"application\/ld+json\" class=\"yoast-schema-graph\">{\"@context\":\"https:\\\/\\\/schema.org\",\"@graph\":[{\"@type\":\"Article\",\"@id\":\"https:\\\/\\\/parisrunningtour.com\\\/fr\\\/un-week-end-ensoleille-a-paris-avec-anne-et-niels\\\/#article\",\"isPartOf\":{\"@id\":\"https:\\\/\\\/parisrunningtour.com\\\/fr\\\/un-week-end-ensoleille-a-paris-avec-anne-et-niels\\\/\"},\"author\":{\"name\":\"admin\",\"@id\":\"https:\\\/\\\/parisrunningtour.com\\\/fr\\\/#\\\/schema\\\/person\\\/75f0dc3c395ae2b4e14e29aff8f6a5af\"},\"headline\":\"Un week end ensoleill\u00e9 \u00e0 Paris avec Anne et Niels\",\"datePublished\":\"2011-03-06T07:30:00+00:00\",\"dateModified\":\"2017-01-16T16:30:54+00:00\",\"mainEntityOfPage\":{\"@id\":\"https:\\\/\\\/parisrunningtour.com\\\/fr\\\/un-week-end-ensoleille-a-paris-avec-anne-et-niels\\\/\"},\"wordCount\":347,\"commentCount\":0,\"publisher\":{\"@id\":\"https:\\\/\\\/parisrunningtour.com\\\/fr\\\/#organization\"},\"image\":{\"@id\":\"https:\\\/\\\/parisrunningtour.com\\\/fr\\\/un-week-end-ensoleille-a-paris-avec-anne-et-niels\\\/#primaryimage\"},\"thumbnailUrl\":\"https:\\\/\\\/parisrunningtour.com\\\/fr\\\/wp-content\\\/uploads\\\/sites\\\/1\\\/2011\\\/03\\\/PRT2011-03-06_ParisRunningTour_05_TourEiffel.jpg\",\"articleSection\":[\"Champ de Mars\",\"Ecole Militaire\",\"Invalides\",\"Tour Eiffel\"],\"inLanguage\":\"fr-FR\",\"potentialAction\":[{\"@type\":\"CommentAction\",\"name\":\"Comment\",\"target\":[\"https:\\\/\\\/parisrunningtour.com\\\/fr\\\/un-week-end-ensoleille-a-paris-avec-anne-et-niels\\\/#respond\"]}]},{\"@type\":\"WebPage\",\"@id\":\"https:\\\/\\\/parisrunningtour.com\\\/fr\\\/un-week-end-ensoleille-a-paris-avec-anne-et-niels\\\/\",\"url\":\"https:\\\/\\\/parisrunningtour.com\\\/fr\\\/un-week-end-ensoleille-a-paris-avec-anne-et-niels\\\/\",\"name\":\"Un week end ensoleill\u00e9 \u00e0 Paris avec Anne et Niels - Paris Running Tours\",\"isPartOf\":{\"@id\":\"https:\\\/\\\/parisrunningtour.com\\\/fr\\\/#website\"},\"primaryImageOfPage\":{\"@id\":\"https:\\\/\\\/parisrunningtour.com\\\/fr\\\/un-week-end-ensoleille-a-paris-avec-anne-et-niels\\\/#primaryimage\"},\"image\":{\"@id\":\"https:\\\/\\\/parisrunningtour.com\\\/fr\\\/un-week-end-ensoleille-a-paris-avec-anne-et-niels\\\/#primaryimage\"},\"thumbnailUrl\":\"https:\\\/\\\/parisrunningtour.com\\\/fr\\\/wp-content\\\/uploads\\\/sites\\\/1\\\/2011\\\/03\\\/PRT2011-03-06_ParisRunningTour_05_TourEiffel.jpg\",\"datePublished\":\"2011-03-06T07:30:00+00:00\",\"dateModified\":\"2017-01-16T16:30:54+00:00\",\"breadcrumb\":{\"@id\":\"https:\\\/\\\/parisrunningtour.com\\\/fr\\\/un-week-end-ensoleille-a-paris-avec-anne-et-niels\\\/#breadcrumb\"},\"inLanguage\":\"fr-FR\",\"potentialAction\":[{\"@type\":\"ReadAction\",\"target\":[\"https:\\\/\\\/parisrunningtour.com\\\/fr\\\/un-week-end-ensoleille-a-paris-avec-anne-et-niels\\\/\"]}]},{\"@type\":\"ImageObject\",\"inLanguage\":\"fr-FR\",\"@id\":\"https:\\\/\\\/parisrunningtour.com\\\/fr\\\/un-week-end-ensoleille-a-paris-avec-anne-et-niels\\\/#primaryimage\",\"url\":\"https:\\\/\\\/parisrunningtour.com\\\/fr\\\/wp-content\\\/uploads\\\/sites\\\/1\\\/2011\\\/03\\\/PRT2011-03-06_ParisRunningTour_05_TourEiffel.jpg\",\"contentUrl\":\"https:\\\/\\\/parisrunningtour.com\\\/fr\\\/wp-content\\\/uploads\\\/sites\\\/1\\\/2011\\\/03\\\/PRT2011-03-06_ParisRunningTour_05_TourEiffel.jpg\",\"width\":900,\"height\":900},{\"@type\":\"BreadcrumbList\",\"@id\":\"https:\\\/\\\/parisrunningtour.com\\\/fr\\\/un-week-end-ensoleille-a-paris-avec-anne-et-niels\\\/#breadcrumb\",\"itemListElement\":[{\"@type\":\"ListItem\",\"position\":1,\"name\":\"Accueil\",\"item\":\"https:\\\/\\\/parisrunningtour.com\\\/fr\\\/\"},{\"@type\":\"ListItem\",\"position\":2,\"name\":\"Un week end ensoleill\u00e9 \u00e0 Paris avec Anne et Niels\"}]},{\"@type\":\"WebSite\",\"@id\":\"https:\\\/\\\/parisrunningtour.com\\\/fr\\\/#website\",\"url\":\"https:\\\/\\\/parisrunningtour.com\\\/fr\\\/\",\"name\":\"Paris Running Tours\",\"description\":\"D\u00e9couvrir Paris en courant\",\"publisher\":{\"@id\":\"https:\\\/\\\/parisrunningtour.com\\\/fr\\\/#organization\"},\"potentialAction\":[{\"@type\":\"SearchAction\",\"target\":{\"@type\":\"EntryPoint\",\"urlTemplate\":\"https:\\\/\\\/parisrunningtour.com\\\/fr\\\/?s={search_term_string}\"},\"query-input\":{\"@type\":\"PropertyValueSpecification\",\"valueRequired\":true,\"valueName\":\"search_term_string\"}}],\"inLanguage\":\"fr-FR\"},{\"@type\":\"Organization\",\"@id\":\"https:\\\/\\\/parisrunningtour.com\\\/fr\\\/#organization\",\"name\":\"Paris Running Tours\",\"url\":\"https:\\\/\\\/parisrunningtour.com\\\/fr\\\/\",\"logo\":{\"@type\":\"ImageObject\",\"inLanguage\":\"fr-FR\",\"@id\":\"https:\\\/\\\/parisrunningtour.com\\\/fr\\\/#\\\/schema\\\/logo\\\/image\\\/\",\"url\":\"https:\\\/\\\/parisrunningtour.com\\\/fr\\\/wp-content\\\/uploads\\\/sites\\\/1\\\/2016\\\/12\\\/cropped-faviconPRT.png\",\"contentUrl\":\"https:\\\/\\\/parisrunningtour.com\\\/fr\\\/wp-content\\\/uploads\\\/sites\\\/1\\\/2016\\\/12\\\/cropped-faviconPRT.png\",\"width\":512,\"height\":512,\"caption\":\"Paris Running Tours\"},\"image\":{\"@id\":\"https:\\\/\\\/parisrunningtour.com\\\/fr\\\/#\\\/schema\\\/logo\\\/image\\\/\"}},{\"@type\":\"Person\",\"@id\":\"https:\\\/\\\/parisrunningtour.com\\\/fr\\\/#\\\/schema\\\/person\\\/75f0dc3c395ae2b4e14e29aff8f6a5af\",\"name\":\"admin\",\"image\":{\"@type\":\"ImageObject\",\"inLanguage\":\"fr-FR\",\"@id\":\"https:\\\/\\\/secure.gravatar.com\\\/avatar\\\/2980d1c79775d028873614111fac5ea2906175b9eba90c2fe773d875d19902e0?s=96&d=mm&r=g\",\"url\":\"https:\\\/\\\/secure.gravatar.com\\\/avatar\\\/2980d1c79775d028873614111fac5ea2906175b9eba90c2fe773d875d19902e0?s=96&d=mm&r=g\",\"contentUrl\":\"https:\\\/\\\/secure.gravatar.com\\\/avatar\\\/2980d1c79775d028873614111fac5ea2906175b9eba90c2fe773d875d19902e0?s=96&d=mm&r=g\",\"caption\":\"admin\"},\"sameAs\":[\"https:\\\/\\\/www.parisrunningtour.com\"],\"url\":\"https:\\\/\\\/parisrunningtour.com\\\/fr\\\/author\\\/admin\\\/\"}]}<\/script>\n<!-- \/ Yoast SEO plugin. -->","yoast_head_json":{"title":"Un week end ensoleill\u00e9 \u00e0 Paris avec Anne et Niels - Paris Running Tours","robots":{"index":"index","follow":"follow","max-snippet":"max-snippet:-1","max-image-preview":"max-image-preview:large","max-video-preview":"max-video-preview:-1"},"canonical":"https:\/\/parisrunningtour.com\/fr\/un-week-end-ensoleille-a-paris-avec-anne-et-niels\/","og_locale":"fr_FR","og_type":"article","og_title":"Un week end ensoleill\u00e9 \u00e0 Paris avec Anne et Niels - Paris Running Tours","og_description":"La tour Eiffel depuis l&rsquo;Esplanade du Trocad\u00e9ro &#8211; Anne et Niels 7h30 &#8211; Samedi et dimanche\u00a0&#8211; Anne et Niels, de Copenhague (Danemark), en tant que marathoniens r\u00e9guliers, ont choisi de courir deux fois avec Paris Running Tour, samedi matin et dimanche matin. Nous f\u00fbmes chanceux, malgr\u00e9 un temps plut\u00f4t froid, nous avons couru sous la fantastique lumi\u00e8re du soleil de ce week end de mars, ce qui nous a permis d&rsquo;appr\u00e9cier pleinement nos tours.\u00a0 Sur notre chemin, nous avons vu les \u00ab\u00a0Invalides\u00a0\u00bb (voir photo ci-dessous), l&rsquo;Ecole Militaire\u00a0\u00bb et couru au \u00ab\u00a0Champ de Mars\u00ab\u00a0; tous ces endroits sont li\u00e9s \u00e0 la guerre. L&rsquo;H\u00f4tel des Invalides a \u00e9t\u00e9 cr\u00e9\u00e9\u00a0\u00e0 la demande de Louis XIV pour loger et prendre soin des soldats estropi\u00e9s, bless\u00e9s ou\u00a0\u00e2g\u00e9s\u00a0(une raison souvent \u00e9voqu\u00e9e : Louis XIV aimait la gloire apport\u00e9e par ses guerres victorieuses mais non les &#8211; pas si glorieuses &#8211; cons\u00e9quences en termes de soldats estropi\u00e9s errant dans les rues parisiennes). Vous pouvez y voir le tombeau de Napol\u00e9on. Les Invalides (depuis le Sud) &#8211; Niels et Anne Pas tr\u00e8s loin des Invalides, l&rsquo;Ecole Militaire cr\u00e9\u00e9e par Louis XV. Son but fut d&rsquo;\u00e9duquer les jeunes (et pauvres) officiers. Comme les Invalides, elle appartient toujours au Minist\u00e8re de la D\u00e9fense. Entre l&rsquo;Ecole Militaire et la tour Eiffel, se trouve un parc, le \u00ab\u00a0Champ de Mars\u00ab\u00a0, Mars \u00e9tant le dieu Romain de la guerre. Il fut appel\u00e9 ainsi par les Romains qui y battirent les Gaulois et prirent Paris (nomm\u00e9e Lut\u00e8ce \u00e0 l&rsquo;\u00e9poque). Ensuite, le Champ de Mars fut utilis\u00e9 pour \u00e9tudier la strat\u00e9gie et s&rsquo;entra\u00eener \u00e0 la guerre, notamment par l&rsquo;Ecole Militaire. De nos jours, celles et ceux qui s&rsquo;entra\u00eenent au Champ de Mars sont des coureurs (parmi eux, de temps en temps, des soldats de l&rsquo;Ecole Militaire !). Merci Anne et Niels ! Les circuits des tours (Samedi et Dimanche):","og_url":"https:\/\/parisrunningtour.com\/fr\/un-week-end-ensoleille-a-paris-avec-anne-et-niels\/","og_site_name":"Paris Running Tours","article_published_time":"2011-03-06T07:30:00+00:00","article_modified_time":"2017-01-16T16:30:54+00:00","og_image":[{"width":900,"height":900,"url":"https:\/\/parisrunningtour.com\/fr\/wp-content\/uploads\/sites\/1\/2011\/03\/PRT2011-03-06_ParisRunningTour_05_TourEiffel.jpg","type":"image\/jpeg"}],"author":"admin","twitter_card":"summary_large_image","twitter_misc":{"\u00c9crit par":"admin","Dur\u00e9e de lecture estim\u00e9e":"2 minutes"},"schema":{"@context":"https:\/\/schema.org","@graph":[{"@type":"Article","@id":"https:\/\/parisrunningtour.com\/fr\/un-week-end-ensoleille-a-paris-avec-anne-et-niels\/#article","isPartOf":{"@id":"https:\/\/parisrunningtour.com\/fr\/un-week-end-ensoleille-a-paris-avec-anne-et-niels\/"},"author":{"name":"admin","@id":"https:\/\/parisrunningtour.com\/fr\/#\/schema\/person\/75f0dc3c395ae2b4e14e29aff8f6a5af"},"headline":"Un week end ensoleill\u00e9 \u00e0 Paris avec Anne et Niels","datePublished":"2011-03-06T07:30:00+00:00","dateModified":"2017-01-16T16:30:54+00:00","mainEntityOfPage":{"@id":"https:\/\/parisrunningtour.com\/fr\/un-week-end-ensoleille-a-paris-avec-anne-et-niels\/"},"wordCount":347,"commentCount":0,"publisher":{"@id":"https:\/\/parisrunningtour.com\/fr\/#organization"},"image":{"@id":"https:\/\/parisrunningtour.com\/fr\/un-week-end-ensoleille-a-paris-avec-anne-et-niels\/#primaryimage"},"thumbnailUrl":"https:\/\/parisrunningtour.com\/fr\/wp-content\/uploads\/sites\/1\/2011\/03\/PRT2011-03-06_ParisRunningTour_05_TourEiffel.jpg","articleSection":["Champ de Mars","Ecole Militaire","Invalides","Tour Eiffel"],"inLanguage":"fr-FR","potentialAction":[{"@type":"CommentAction","name":"Comment","target":["https:\/\/parisrunningtour.com\/fr\/un-week-end-ensoleille-a-paris-avec-anne-et-niels\/#respond"]}]},{"@type":"WebPage","@id":"https:\/\/parisrunningtour.com\/fr\/un-week-end-ensoleille-a-paris-avec-anne-et-niels\/","url":"https:\/\/parisrunningtour.com\/fr\/un-week-end-ensoleille-a-paris-avec-anne-et-niels\/","name":"Un week end ensoleill\u00e9 \u00e0 Paris avec Anne et Niels - Paris Running Tours","isPartOf":{"@id":"https:\/\/parisrunningtour.com\/fr\/#website"},"primaryImageOfPage":{"@id":"https:\/\/parisrunningtour.com\/fr\/un-week-end-ensoleille-a-paris-avec-anne-et-niels\/#primaryimage"},"image":{"@id":"https:\/\/parisrunningtour.com\/fr\/un-week-end-ensoleille-a-paris-avec-anne-et-niels\/#primaryimage"},"thumbnailUrl":"https:\/\/parisrunningtour.com\/fr\/wp-content\/uploads\/sites\/1\/2011\/03\/PRT2011-03-06_ParisRunningTour_05_TourEiffel.jpg","datePublished":"2011-03-06T07:30:00+00:00","dateModified":"2017-01-16T16:30:54+00:00","breadcrumb":{"@id":"https:\/\/parisrunningtour.com\/fr\/un-week-end-ensoleille-a-paris-avec-anne-et-niels\/#breadcrumb"},"inLanguage":"fr-FR","potentialAction":[{"@type":"ReadAction","target":["https:\/\/parisrunningtour.com\/fr\/un-week-end-ensoleille-a-paris-avec-anne-et-niels\/"]}]},{"@type":"ImageObject","inLanguage":"fr-FR","@id":"https:\/\/parisrunningtour.com\/fr\/un-week-end-ensoleille-a-paris-avec-anne-et-niels\/#primaryimage","url":"https:\/\/parisrunningtour.com\/fr\/wp-content\/uploads\/sites\/1\/2011\/03\/PRT2011-03-06_ParisRunningTour_05_TourEiffel.jpg","contentUrl":"https:\/\/parisrunningtour.com\/fr\/wp-content\/uploads\/sites\/1\/2011\/03\/PRT2011-03-06_ParisRunningTour_05_TourEiffel.jpg","width":900,"height":900},{"@type":"BreadcrumbList","@id":"https:\/\/parisrunningtour.com\/fr\/un-week-end-ensoleille-a-paris-avec-anne-et-niels\/#breadcrumb","itemListElement":[{"@type":"ListItem","position":1,"name":"Accueil","item":"https:\/\/parisrunningtour.com\/fr\/"},{"@type":"ListItem","position":2,"name":"Un week end ensoleill\u00e9 \u00e0 Paris avec Anne et Niels"}]},{"@type":"WebSite","@id":"https:\/\/parisrunningtour.com\/fr\/#website","url":"https:\/\/parisrunningtour.com\/fr\/","name":"Paris Running Tours","description":"D\u00e9couvrir Paris en courant","publisher":{"@id":"https:\/\/parisrunningtour.com\/fr\/#organization"},"potentialAction":[{"@type":"SearchAction","target":{"@type":"EntryPoint","urlTemplate":"https:\/\/parisrunningtour.com\/fr\/?s={search_term_string}"},"query-input":{"@type":"PropertyValueSpecification","valueRequired":true,"valueName":"search_term_string"}}],"inLanguage":"fr-FR"},{"@type":"Organization","@id":"https:\/\/parisrunningtour.com\/fr\/#organization","name":"Paris Running Tours","url":"https:\/\/parisrunningtour.com\/fr\/","logo":{"@type":"ImageObject","inLanguage":"fr-FR","@id":"https:\/\/parisrunningtour.com\/fr\/#\/schema\/logo\/image\/","url":"https:\/\/parisrunningtour.com\/fr\/wp-content\/uploads\/sites\/1\/2016\/12\/cropped-faviconPRT.png","contentUrl":"https:\/\/parisrunningtour.com\/fr\/wp-content\/uploads\/sites\/1\/2016\/12\/cropped-faviconPRT.png","width":512,"height":512,"caption":"Paris Running Tours"},"image":{"@id":"https:\/\/parisrunningtour.com\/fr\/#\/schema\/logo\/image\/"}},{"@type":"Person","@id":"https:\/\/parisrunningtour.com\/fr\/#\/schema\/person\/75f0dc3c395ae2b4e14e29aff8f6a5af","name":"admin","image":{"@type":"ImageObject","inLanguage":"fr-FR","@id":"https:\/\/secure.gravatar.com\/avatar\/2980d1c79775d028873614111fac5ea2906175b9eba90c2fe773d875d19902e0?s=96&d=mm&r=g","url":"https:\/\/secure.gravatar.com\/avatar\/2980d1c79775d028873614111fac5ea2906175b9eba90c2fe773d875d19902e0?s=96&d=mm&r=g","contentUrl":"https:\/\/secure.gravatar.com\/avatar\/2980d1c79775d028873614111fac5ea2906175b9eba90c2fe773d875d19902e0?s=96&d=mm&r=g","caption":"admin"},"sameAs":["https:\/\/www.parisrunningtour.com"],"url":"https:\/\/parisrunningtour.com\/fr\/author\/admin\/"}]}},"_links":{"self":[{"href":"https:\/\/parisrunningtour.com\/fr\/wp-json\/wp\/v2\/posts\/154","targetHints":{"allow":["GET"]}}],"collection":[{"href":"https:\/\/parisrunningtour.com\/fr\/wp-json\/wp\/v2\/posts"}],"about":[{"href":"https:\/\/parisrunningtour.com\/fr\/wp-json\/wp\/v2\/types\/post"}],"author":[{"embeddable":true,"href":"https:\/\/parisrunningtour.com\/fr\/wp-json\/wp\/v2\/users\/1"}],"replies":[{"embeddable":true,"href":"https:\/\/parisrunningtour.com\/fr\/wp-json\/wp\/v2\/comments?post=154"}],"version-history":[{"count":1,"href":"https:\/\/parisrunningtour.com\/fr\/wp-json\/wp\/v2\/posts\/154\/revisions"}],"predecessor-version":[{"id":1441,"href":"https:\/\/parisrunningtour.com\/fr\/wp-json\/wp\/v2\/posts\/154\/revisions\/1441"}],"wp:featuredmedia":[{"embeddable":true,"href":"https:\/\/parisrunningtour.com\/fr\/wp-json\/wp\/v2\/media\/1440"}],"wp:attachment":[{"href":"https:\/\/parisrunningtour.com\/fr\/wp-json\/wp\/v2\/media?parent=154"}],"wp:term":[{"taxonomy":"category","embeddable":true,"href":"https:\/\/parisrunningtour.com\/fr\/wp-json\/wp\/v2\/categories?post=154"},{"taxonomy":"post_tag","embeddable":true,"href":"https:\/\/parisrunningtour.com\/fr\/wp-json\/wp\/v2\/tags?post=154"}],"curies":[{"name":"wp","href":"https:\/\/api.w.org\/{rel}","templated":true}]}}