{"id":132,"date":"2011-08-15T08:59:00","date_gmt":"2011-08-15T06:59:00","guid":{"rendered":"http:\/\/runningtour.paris\/blog\/2011\/08\/15\/courir-aux-champs-elysees-avec-francoise-et-benoit\/"},"modified":"2017-01-16T17:02:52","modified_gmt":"2017-01-16T16:02:52","slug":"courir-aux-champs-elysees-avec-francoise-et-benoit","status":"publish","type":"post","link":"https:\/\/parisrunningtour.com\/fr\/courir-aux-champs-elysees-avec-francoise-et-benoit\/","title":{"rendered":"Courir aux Champs-Elys\u00e9es avec Fran\u00e7oise et Beno\u00eet"},"content":{"rendered":"<div style=\"clear: both; text-align: center;\"><\/div>\n<div style=\"text-align: left;\">\n<div style=\"clear: both; text-align: center;\"><\/div>\n<div style=\"clear: both; text-align: center;\"><\/div>\n<div style=\"clear: both; text-align: center;\"><\/div>\n<table style=\"margin-left: auto; margin-right: auto; text-align: center;\" cellspacing=\"0\" cellpadding=\"0\" align=\"center\">\n<tbody>\n<tr>\n<td style=\"text-align: center;\"><a style=\"margin-left: auto; margin-right: auto;\" href=\"http:\/\/2.bp.blogspot.com\/-xc_rmBLBJgE\/TkubFdsKNwI\/AAAAAAAAAR8\/NOVhUJpoN2s\/s1600\/2011-08-15_1_ChampsElysees.jpg\" target=\"_blank\"><img fetchpriority=\"high\" decoding=\"async\" src=\"http:\/\/2.bp.blogspot.com\/-xc_rmBLBJgE\/TkubFdsKNwI\/AAAAAAAAAR8\/NOVhUJpoN2s\/s640\/2011-08-15_1_ChampsElysees.jpg\" width=\"640\" height=\"360\" border=\"0\" \/><\/a><\/td>\n<\/tr>\n<tr>\n<td style=\"text-align: center;\"><span style=\"font-family: 'Trebuchet MS', sans-serif;\">Fran\u00e7oise et Beno\u00eet &#8211; Champs-Elys\u00e9es<\/span><\/td>\n<\/tr>\n<\/tbody>\n<\/table>\n<p><span style=\"font-family: 'Trebuchet MS', sans-serif;\"><b>8h59 &#8211; <\/b><\/span><span style=\"font-family: 'Trebuchet MS', sans-serif;\">Avec Fran\u00e7oise et Beno\u00eet de Belgique, nous avons commenc\u00e9 notre course sur l&rsquo;axe historique de l&rsquo;ouest parisien. Cette voie \u00ab\u00a0royale\u00a0\u00bb d\u00e9bute au Louvre par la statue \u00e9questre de Louis XIV, traverse le jardin des Tuileries, continue par les Champs-Elys\u00e9es, passe sous l&rsquo;Arc de Triomphe et se poursuit jusqu&rsquo;au quartier d&rsquo;affaires de la D\u00e9fense pour se terminer \u00e0 la grande Arche.<\/span><br \/>\n<span style=\"font-family: 'Trebuchet MS', sans-serif;\"><br \/>\n<\/span><span style=\"font-family: 'Trebuchet MS', sans-serif;\">Nous avons ensuite continu\u00e9 notre balade sportive le long de la Seine sur la rive gauche.<\/span><br \/>\n<span style=\"font-family: 'Trebuchet MS', sans-serif;\">En passant sur le pont des Arts, nous avons aper\u00e7u les \u00ab\u00a0plages de Paris\u00a0\u00bb : Paris-Plages.<\/span><br \/>\n<span style=\"font-family: 'Trebuchet MS', sans-serif;\">Paris-Plages est un\u00a0<\/span><span style=\"font-family: 'Trebuchet MS', sans-serif;\">\u00e9v\u00e8nement qui se d\u00e9roule \u00e0 Paris en \u00e9t\u00e9 sur la voie de circulation automobile des berges de la rive droite : du sable, des chaises-longues, des jeux, des concerts, toutes sortes d&rsquo;activit\u00e9s et cette ann\u00e9e, un beau ch\u00e2teau de sable !<\/span><\/p>\n<table style=\"margin-left: auto; margin-right: auto; text-align: center;\" cellspacing=\"0\" cellpadding=\"0\" align=\"center\">\n<tbody>\n<tr>\n<td style=\"text-align: center;\"><a style=\"margin-left: auto; margin-right: auto;\" href=\"http:\/\/2.bp.blogspot.com\/-46RYkVIJbdo\/Tkugi0cFFHI\/AAAAAAAAASA\/cDNP0LNx6vk\/s1600\/ParisPlage15-8-2011-Blog.jpg\" target=\"_blank\"><img decoding=\"async\" src=\"http:\/\/2.bp.blogspot.com\/-46RYkVIJbdo\/Tkugi0cFFHI\/AAAAAAAAASA\/cDNP0LNx6vk\/s640\/ParisPlage15-8-2011-Blog.jpg\" width=\"640\" height=\"236\" border=\"0\" \/><\/a><\/td>\n<\/tr>\n<tr>\n<td style=\"text-align: center;\"><span style=\"font-family: 'Trebuchet MS', sans-serif;\">Paris-Plages<\/span><\/td>\n<\/tr>\n<\/tbody>\n<\/table>\n<p><span style=\"font-family: 'Trebuchet MS', sans-serif;\">Merci Beno\u00eet et Fran\u00e7oise !<\/span><\/div>\n<div style=\"clear: both; text-align: left;\"><\/div>\n<div style=\"text-align: center;\"><\/div>\n<div style=\"text-align: -webkit-auto;\"><span style=\"font-family: 'Trebuchet MS', sans-serif;\"><b><br \/>\n<\/b><\/span><span style=\"font-family: 'Trebuchet MS', sans-serif;\"><b>Le circuit du tour\u00a0:<\/b><\/span><\/p>\n<div style=\"clear: both; text-align: center;\"><\/div>\n<div style=\"clear: both; text-align: center;\"><\/div>\n<div style=\"clear: both; text-align: center;\"><a style=\"clear: left; float: left; margin-bottom: 1em; margin-right: 1em;\" href=\"http:\/\/1.bp.blogspot.com\/-mTN4BFfLJj0\/TkuhLu3Br4I\/AAAAAAAAASI\/5la4MZWlrEI\/s1600\/Paris+Running+Tour+-+Running+15-08-2011-image.jpg\" target=\"_blank\"><img decoding=\"async\" src=\"http:\/\/1.bp.blogspot.com\/-mTN4BFfLJj0\/TkuhLu3Br4I\/AAAAAAAAASI\/5la4MZWlrEI\/s640\/Paris+Running+Tour+-+Running+15-08-2011-image.jpg\" width=\"640\" height=\"396\" border=\"0\" \/><\/a><\/div>\n<p><span style=\"font-family: 'Trebuchet MS', sans-serif;\"><b><br \/>\n<\/b><\/span><\/div>\n<div style=\"clear: both; text-align: left;\"><\/div>\n<div style=\"text-align: center;\"><\/div>\n","protected":false},"excerpt":{"rendered":"<p>Fran\u00e7oise et Beno\u00eet &#8211; Champs-Elys\u00e9es 8h59 &#8211; Avec Fran\u00e7oise et Beno\u00eet de Belgique, nous avons commenc\u00e9 notre course sur l&rsquo;axe historique de l&rsquo;ouest parisien. Cette voie \u00ab\u00a0royale\u00a0\u00bb d\u00e9bute au Louvre par la statue \u00e9questre de Louis XIV, traverse le jardin des Tuileries, continue par les Champs-Elys\u00e9es, passe sous l&rsquo;Arc de Triomphe et se poursuit jusqu&rsquo;au quartier d&rsquo;affaires de la D\u00e9fense pour se terminer \u00e0 la grande Arche. Nous avons ensuite continu\u00e9 notre balade sportive le long de la Seine sur la rive gauche. En passant sur le pont des Arts, nous avons aper\u00e7u les \u00ab\u00a0plages de Paris\u00a0\u00bb : Paris-Plages. Paris-Plages est un\u00a0\u00e9v\u00e8nement qui se d\u00e9roule \u00e0 Paris en \u00e9t\u00e9 sur la voie de circulation automobile des berges de la rive droite : du sable, des chaises-longues, des jeux, des concerts, toutes sortes d&rsquo;activit\u00e9s et cette ann\u00e9e, un beau ch\u00e2teau de sable ! Paris-Plages Merci Beno\u00eet et Fran\u00e7oise ! Le circuit du tour\u00a0:<\/p>\n","protected":false},"author":1,"featured_media":1397,"comment_status":"open","ping_status":"open","sticky":false,"template":"","format":"standard","meta":{"footnotes":""},"categories":[34,89,29],"tags":[],"class_list":["post-132","post","type-post","status-publish","format-standard","has-post-thumbnail","hentry","category-champs-elysees","category-halles-les","category-seine-la"],"yoast_head":"<!-- This site is optimized with the Yoast SEO plugin v27.5 - https:\/\/yoast.com\/product\/yoast-seo-wordpress\/ -->\n<title>Courir aux Champs-Elys\u00e9es avec Fran\u00e7oise et Beno\u00eet - Paris Running Tours<\/title>\n<meta name=\"robots\" content=\"index, follow, max-snippet:-1, max-image-preview:large, max-video-preview:-1\" \/>\n<link rel=\"canonical\" href=\"https:\/\/parisrunningtour.com\/fr\/courir-aux-champs-elysees-avec-francoise-et-benoit\/\" \/>\n<meta property=\"og:locale\" content=\"fr_FR\" \/>\n<meta property=\"og:type\" content=\"article\" \/>\n<meta property=\"og:title\" content=\"Courir aux Champs-Elys\u00e9es avec Fran\u00e7oise et Beno\u00eet - Paris Running Tours\" \/>\n<meta property=\"og:description\" content=\"Fran\u00e7oise et Beno\u00eet &#8211; Champs-Elys\u00e9es 8h59 &#8211; Avec Fran\u00e7oise et Beno\u00eet de Belgique, nous avons commenc\u00e9 notre course sur l&rsquo;axe historique de l&rsquo;ouest parisien. Cette voie \u00ab\u00a0royale\u00a0\u00bb d\u00e9bute au Louvre par la statue \u00e9questre de Louis XIV, traverse le jardin des Tuileries, continue par les Champs-Elys\u00e9es, passe sous l&rsquo;Arc de Triomphe et se poursuit jusqu&rsquo;au quartier d&rsquo;affaires de la D\u00e9fense pour se terminer \u00e0 la grande Arche. Nous avons ensuite continu\u00e9 notre balade sportive le long de la Seine sur la rive gauche. En passant sur le pont des Arts, nous avons aper\u00e7u les \u00ab\u00a0plages de Paris\u00a0\u00bb : Paris-Plages. Paris-Plages est un\u00a0\u00e9v\u00e8nement qui se d\u00e9roule \u00e0 Paris en \u00e9t\u00e9 sur la voie de circulation automobile des berges de la rive droite : du sable, des chaises-longues, des jeux, des concerts, toutes sortes d&rsquo;activit\u00e9s et cette ann\u00e9e, un beau ch\u00e2teau de sable ! Paris-Plages Merci Beno\u00eet et Fran\u00e7oise ! Le circuit du tour\u00a0:\" \/>\n<meta property=\"og:url\" content=\"https:\/\/parisrunningtour.com\/fr\/courir-aux-champs-elysees-avec-francoise-et-benoit\/\" \/>\n<meta property=\"og:site_name\" content=\"Paris Running Tours\" \/>\n<meta property=\"article:published_time\" content=\"2011-08-15T06:59:00+00:00\" \/>\n<meta property=\"article:modified_time\" content=\"2017-01-16T16:02:52+00:00\" \/>\n<meta property=\"og:image\" content=\"https:\/\/parisrunningtour.com\/fr\/wp-content\/uploads\/sites\/1\/2011\/08\/PRT2011-08-15_1_ChampsElysees.jpg\" \/>\n\t<meta property=\"og:image:width\" content=\"640\" \/>\n\t<meta property=\"og:image:height\" content=\"640\" \/>\n\t<meta property=\"og:image:type\" content=\"image\/jpeg\" \/>\n<meta name=\"author\" content=\"admin\" \/>\n<meta name=\"twitter:card\" content=\"summary_large_image\" \/>\n<meta name=\"twitter:label1\" content=\"\u00c9crit par\" \/>\n\t<meta name=\"twitter:data1\" content=\"admin\" \/>\n\t<meta name=\"twitter:label2\" content=\"Dur\u00e9e de lecture estim\u00e9e\" \/>\n\t<meta name=\"twitter:data2\" content=\"1 minute\" \/>\n<script type=\"application\/ld+json\" class=\"yoast-schema-graph\">{\"@context\":\"https:\\\/\\\/schema.org\",\"@graph\":[{\"@type\":\"Article\",\"@id\":\"https:\\\/\\\/parisrunningtour.com\\\/fr\\\/courir-aux-champs-elysees-avec-francoise-et-benoit\\\/#article\",\"isPartOf\":{\"@id\":\"https:\\\/\\\/parisrunningtour.com\\\/fr\\\/courir-aux-champs-elysees-avec-francoise-et-benoit\\\/\"},\"author\":{\"name\":\"admin\",\"@id\":\"https:\\\/\\\/parisrunningtour.com\\\/fr\\\/#\\\/schema\\\/person\\\/75f0dc3c395ae2b4e14e29aff8f6a5af\"},\"headline\":\"Courir aux Champs-Elys\u00e9es avec Fran\u00e7oise et Beno\u00eet\",\"datePublished\":\"2011-08-15T06:59:00+00:00\",\"dateModified\":\"2017-01-16T16:02:52+00:00\",\"mainEntityOfPage\":{\"@id\":\"https:\\\/\\\/parisrunningtour.com\\\/fr\\\/courir-aux-champs-elysees-avec-francoise-et-benoit\\\/\"},\"wordCount\":179,\"commentCount\":0,\"publisher\":{\"@id\":\"https:\\\/\\\/parisrunningtour.com\\\/fr\\\/#organization\"},\"image\":{\"@id\":\"https:\\\/\\\/parisrunningtour.com\\\/fr\\\/courir-aux-champs-elysees-avec-francoise-et-benoit\\\/#primaryimage\"},\"thumbnailUrl\":\"https:\\\/\\\/parisrunningtour.com\\\/fr\\\/wp-content\\\/uploads\\\/sites\\\/1\\\/2011\\\/08\\\/PRT2011-08-15_1_ChampsElysees.jpg\",\"articleSection\":[\"Champs-Elys\u00e9es\",\"Halles (Les)\",\"Seine (La)\"],\"inLanguage\":\"fr-FR\",\"potentialAction\":[{\"@type\":\"CommentAction\",\"name\":\"Comment\",\"target\":[\"https:\\\/\\\/parisrunningtour.com\\\/fr\\\/courir-aux-champs-elysees-avec-francoise-et-benoit\\\/#respond\"]}]},{\"@type\":\"WebPage\",\"@id\":\"https:\\\/\\\/parisrunningtour.com\\\/fr\\\/courir-aux-champs-elysees-avec-francoise-et-benoit\\\/\",\"url\":\"https:\\\/\\\/parisrunningtour.com\\\/fr\\\/courir-aux-champs-elysees-avec-francoise-et-benoit\\\/\",\"name\":\"Courir aux Champs-Elys\u00e9es avec Fran\u00e7oise et Beno\u00eet - Paris Running Tours\",\"isPartOf\":{\"@id\":\"https:\\\/\\\/parisrunningtour.com\\\/fr\\\/#website\"},\"primaryImageOfPage\":{\"@id\":\"https:\\\/\\\/parisrunningtour.com\\\/fr\\\/courir-aux-champs-elysees-avec-francoise-et-benoit\\\/#primaryimage\"},\"image\":{\"@id\":\"https:\\\/\\\/parisrunningtour.com\\\/fr\\\/courir-aux-champs-elysees-avec-francoise-et-benoit\\\/#primaryimage\"},\"thumbnailUrl\":\"https:\\\/\\\/parisrunningtour.com\\\/fr\\\/wp-content\\\/uploads\\\/sites\\\/1\\\/2011\\\/08\\\/PRT2011-08-15_1_ChampsElysees.jpg\",\"datePublished\":\"2011-08-15T06:59:00+00:00\",\"dateModified\":\"2017-01-16T16:02:52+00:00\",\"breadcrumb\":{\"@id\":\"https:\\\/\\\/parisrunningtour.com\\\/fr\\\/courir-aux-champs-elysees-avec-francoise-et-benoit\\\/#breadcrumb\"},\"inLanguage\":\"fr-FR\",\"potentialAction\":[{\"@type\":\"ReadAction\",\"target\":[\"https:\\\/\\\/parisrunningtour.com\\\/fr\\\/courir-aux-champs-elysees-avec-francoise-et-benoit\\\/\"]}]},{\"@type\":\"ImageObject\",\"inLanguage\":\"fr-FR\",\"@id\":\"https:\\\/\\\/parisrunningtour.com\\\/fr\\\/courir-aux-champs-elysees-avec-francoise-et-benoit\\\/#primaryimage\",\"url\":\"https:\\\/\\\/parisrunningtour.com\\\/fr\\\/wp-content\\\/uploads\\\/sites\\\/1\\\/2011\\\/08\\\/PRT2011-08-15_1_ChampsElysees.jpg\",\"contentUrl\":\"https:\\\/\\\/parisrunningtour.com\\\/fr\\\/wp-content\\\/uploads\\\/sites\\\/1\\\/2011\\\/08\\\/PRT2011-08-15_1_ChampsElysees.jpg\",\"width\":640,\"height\":640},{\"@type\":\"BreadcrumbList\",\"@id\":\"https:\\\/\\\/parisrunningtour.com\\\/fr\\\/courir-aux-champs-elysees-avec-francoise-et-benoit\\\/#breadcrumb\",\"itemListElement\":[{\"@type\":\"ListItem\",\"position\":1,\"name\":\"Accueil\",\"item\":\"https:\\\/\\\/parisrunningtour.com\\\/fr\\\/\"},{\"@type\":\"ListItem\",\"position\":2,\"name\":\"Courir aux Champs-Elys\u00e9es avec Fran\u00e7oise et Beno\u00eet\"}]},{\"@type\":\"WebSite\",\"@id\":\"https:\\\/\\\/parisrunningtour.com\\\/fr\\\/#website\",\"url\":\"https:\\\/\\\/parisrunningtour.com\\\/fr\\\/\",\"name\":\"Paris Running Tours\",\"description\":\"D\u00e9couvrir Paris en courant\",\"publisher\":{\"@id\":\"https:\\\/\\\/parisrunningtour.com\\\/fr\\\/#organization\"},\"potentialAction\":[{\"@type\":\"SearchAction\",\"target\":{\"@type\":\"EntryPoint\",\"urlTemplate\":\"https:\\\/\\\/parisrunningtour.com\\\/fr\\\/?s={search_term_string}\"},\"query-input\":{\"@type\":\"PropertyValueSpecification\",\"valueRequired\":true,\"valueName\":\"search_term_string\"}}],\"inLanguage\":\"fr-FR\"},{\"@type\":\"Organization\",\"@id\":\"https:\\\/\\\/parisrunningtour.com\\\/fr\\\/#organization\",\"name\":\"Paris Running Tours\",\"url\":\"https:\\\/\\\/parisrunningtour.com\\\/fr\\\/\",\"logo\":{\"@type\":\"ImageObject\",\"inLanguage\":\"fr-FR\",\"@id\":\"https:\\\/\\\/parisrunningtour.com\\\/fr\\\/#\\\/schema\\\/logo\\\/image\\\/\",\"url\":\"https:\\\/\\\/parisrunningtour.com\\\/fr\\\/wp-content\\\/uploads\\\/sites\\\/1\\\/2016\\\/12\\\/cropped-faviconPRT.png\",\"contentUrl\":\"https:\\\/\\\/parisrunningtour.com\\\/fr\\\/wp-content\\\/uploads\\\/sites\\\/1\\\/2016\\\/12\\\/cropped-faviconPRT.png\",\"width\":512,\"height\":512,\"caption\":\"Paris Running Tours\"},\"image\":{\"@id\":\"https:\\\/\\\/parisrunningtour.com\\\/fr\\\/#\\\/schema\\\/logo\\\/image\\\/\"}},{\"@type\":\"Person\",\"@id\":\"https:\\\/\\\/parisrunningtour.com\\\/fr\\\/#\\\/schema\\\/person\\\/75f0dc3c395ae2b4e14e29aff8f6a5af\",\"name\":\"admin\",\"image\":{\"@type\":\"ImageObject\",\"inLanguage\":\"fr-FR\",\"@id\":\"https:\\\/\\\/secure.gravatar.com\\\/avatar\\\/2980d1c79775d028873614111fac5ea2906175b9eba90c2fe773d875d19902e0?s=96&d=mm&r=g\",\"url\":\"https:\\\/\\\/secure.gravatar.com\\\/avatar\\\/2980d1c79775d028873614111fac5ea2906175b9eba90c2fe773d875d19902e0?s=96&d=mm&r=g\",\"contentUrl\":\"https:\\\/\\\/secure.gravatar.com\\\/avatar\\\/2980d1c79775d028873614111fac5ea2906175b9eba90c2fe773d875d19902e0?s=96&d=mm&r=g\",\"caption\":\"admin\"},\"sameAs\":[\"https:\\\/\\\/www.parisrunningtour.com\"],\"url\":\"https:\\\/\\\/parisrunningtour.com\\\/fr\\\/author\\\/admin\\\/\"}]}<\/script>\n<!-- \/ Yoast SEO plugin. -->","yoast_head_json":{"title":"Courir aux Champs-Elys\u00e9es avec Fran\u00e7oise et Beno\u00eet - Paris Running Tours","robots":{"index":"index","follow":"follow","max-snippet":"max-snippet:-1","max-image-preview":"max-image-preview:large","max-video-preview":"max-video-preview:-1"},"canonical":"https:\/\/parisrunningtour.com\/fr\/courir-aux-champs-elysees-avec-francoise-et-benoit\/","og_locale":"fr_FR","og_type":"article","og_title":"Courir aux Champs-Elys\u00e9es avec Fran\u00e7oise et Beno\u00eet - Paris Running Tours","og_description":"Fran\u00e7oise et Beno\u00eet &#8211; Champs-Elys\u00e9es 8h59 &#8211; Avec Fran\u00e7oise et Beno\u00eet de Belgique, nous avons commenc\u00e9 notre course sur l&rsquo;axe historique de l&rsquo;ouest parisien. Cette voie \u00ab\u00a0royale\u00a0\u00bb d\u00e9bute au Louvre par la statue \u00e9questre de Louis XIV, traverse le jardin des Tuileries, continue par les Champs-Elys\u00e9es, passe sous l&rsquo;Arc de Triomphe et se poursuit jusqu&rsquo;au quartier d&rsquo;affaires de la D\u00e9fense pour se terminer \u00e0 la grande Arche. Nous avons ensuite continu\u00e9 notre balade sportive le long de la Seine sur la rive gauche. En passant sur le pont des Arts, nous avons aper\u00e7u les \u00ab\u00a0plages de Paris\u00a0\u00bb : Paris-Plages. Paris-Plages est un\u00a0\u00e9v\u00e8nement qui se d\u00e9roule \u00e0 Paris en \u00e9t\u00e9 sur la voie de circulation automobile des berges de la rive droite : du sable, des chaises-longues, des jeux, des concerts, toutes sortes d&rsquo;activit\u00e9s et cette ann\u00e9e, un beau ch\u00e2teau de sable ! Paris-Plages Merci Beno\u00eet et Fran\u00e7oise ! Le circuit du tour\u00a0:","og_url":"https:\/\/parisrunningtour.com\/fr\/courir-aux-champs-elysees-avec-francoise-et-benoit\/","og_site_name":"Paris Running Tours","article_published_time":"2011-08-15T06:59:00+00:00","article_modified_time":"2017-01-16T16:02:52+00:00","og_image":[{"width":640,"height":640,"url":"https:\/\/parisrunningtour.com\/fr\/wp-content\/uploads\/sites\/1\/2011\/08\/PRT2011-08-15_1_ChampsElysees.jpg","type":"image\/jpeg"}],"author":"admin","twitter_card":"summary_large_image","twitter_misc":{"\u00c9crit par":"admin","Dur\u00e9e de lecture estim\u00e9e":"1 minute"},"schema":{"@context":"https:\/\/schema.org","@graph":[{"@type":"Article","@id":"https:\/\/parisrunningtour.com\/fr\/courir-aux-champs-elysees-avec-francoise-et-benoit\/#article","isPartOf":{"@id":"https:\/\/parisrunningtour.com\/fr\/courir-aux-champs-elysees-avec-francoise-et-benoit\/"},"author":{"name":"admin","@id":"https:\/\/parisrunningtour.com\/fr\/#\/schema\/person\/75f0dc3c395ae2b4e14e29aff8f6a5af"},"headline":"Courir aux Champs-Elys\u00e9es avec Fran\u00e7oise et Beno\u00eet","datePublished":"2011-08-15T06:59:00+00:00","dateModified":"2017-01-16T16:02:52+00:00","mainEntityOfPage":{"@id":"https:\/\/parisrunningtour.com\/fr\/courir-aux-champs-elysees-avec-francoise-et-benoit\/"},"wordCount":179,"commentCount":0,"publisher":{"@id":"https:\/\/parisrunningtour.com\/fr\/#organization"},"image":{"@id":"https:\/\/parisrunningtour.com\/fr\/courir-aux-champs-elysees-avec-francoise-et-benoit\/#primaryimage"},"thumbnailUrl":"https:\/\/parisrunningtour.com\/fr\/wp-content\/uploads\/sites\/1\/2011\/08\/PRT2011-08-15_1_ChampsElysees.jpg","articleSection":["Champs-Elys\u00e9es","Halles (Les)","Seine (La)"],"inLanguage":"fr-FR","potentialAction":[{"@type":"CommentAction","name":"Comment","target":["https:\/\/parisrunningtour.com\/fr\/courir-aux-champs-elysees-avec-francoise-et-benoit\/#respond"]}]},{"@type":"WebPage","@id":"https:\/\/parisrunningtour.com\/fr\/courir-aux-champs-elysees-avec-francoise-et-benoit\/","url":"https:\/\/parisrunningtour.com\/fr\/courir-aux-champs-elysees-avec-francoise-et-benoit\/","name":"Courir aux Champs-Elys\u00e9es avec Fran\u00e7oise et Beno\u00eet - Paris Running Tours","isPartOf":{"@id":"https:\/\/parisrunningtour.com\/fr\/#website"},"primaryImageOfPage":{"@id":"https:\/\/parisrunningtour.com\/fr\/courir-aux-champs-elysees-avec-francoise-et-benoit\/#primaryimage"},"image":{"@id":"https:\/\/parisrunningtour.com\/fr\/courir-aux-champs-elysees-avec-francoise-et-benoit\/#primaryimage"},"thumbnailUrl":"https:\/\/parisrunningtour.com\/fr\/wp-content\/uploads\/sites\/1\/2011\/08\/PRT2011-08-15_1_ChampsElysees.jpg","datePublished":"2011-08-15T06:59:00+00:00","dateModified":"2017-01-16T16:02:52+00:00","breadcrumb":{"@id":"https:\/\/parisrunningtour.com\/fr\/courir-aux-champs-elysees-avec-francoise-et-benoit\/#breadcrumb"},"inLanguage":"fr-FR","potentialAction":[{"@type":"ReadAction","target":["https:\/\/parisrunningtour.com\/fr\/courir-aux-champs-elysees-avec-francoise-et-benoit\/"]}]},{"@type":"ImageObject","inLanguage":"fr-FR","@id":"https:\/\/parisrunningtour.com\/fr\/courir-aux-champs-elysees-avec-francoise-et-benoit\/#primaryimage","url":"https:\/\/parisrunningtour.com\/fr\/wp-content\/uploads\/sites\/1\/2011\/08\/PRT2011-08-15_1_ChampsElysees.jpg","contentUrl":"https:\/\/parisrunningtour.com\/fr\/wp-content\/uploads\/sites\/1\/2011\/08\/PRT2011-08-15_1_ChampsElysees.jpg","width":640,"height":640},{"@type":"BreadcrumbList","@id":"https:\/\/parisrunningtour.com\/fr\/courir-aux-champs-elysees-avec-francoise-et-benoit\/#breadcrumb","itemListElement":[{"@type":"ListItem","position":1,"name":"Accueil","item":"https:\/\/parisrunningtour.com\/fr\/"},{"@type":"ListItem","position":2,"name":"Courir aux Champs-Elys\u00e9es avec Fran\u00e7oise et Beno\u00eet"}]},{"@type":"WebSite","@id":"https:\/\/parisrunningtour.com\/fr\/#website","url":"https:\/\/parisrunningtour.com\/fr\/","name":"Paris Running Tours","description":"D\u00e9couvrir Paris en courant","publisher":{"@id":"https:\/\/parisrunningtour.com\/fr\/#organization"},"potentialAction":[{"@type":"SearchAction","target":{"@type":"EntryPoint","urlTemplate":"https:\/\/parisrunningtour.com\/fr\/?s={search_term_string}"},"query-input":{"@type":"PropertyValueSpecification","valueRequired":true,"valueName":"search_term_string"}}],"inLanguage":"fr-FR"},{"@type":"Organization","@id":"https:\/\/parisrunningtour.com\/fr\/#organization","name":"Paris Running Tours","url":"https:\/\/parisrunningtour.com\/fr\/","logo":{"@type":"ImageObject","inLanguage":"fr-FR","@id":"https:\/\/parisrunningtour.com\/fr\/#\/schema\/logo\/image\/","url":"https:\/\/parisrunningtour.com\/fr\/wp-content\/uploads\/sites\/1\/2016\/12\/cropped-faviconPRT.png","contentUrl":"https:\/\/parisrunningtour.com\/fr\/wp-content\/uploads\/sites\/1\/2016\/12\/cropped-faviconPRT.png","width":512,"height":512,"caption":"Paris Running Tours"},"image":{"@id":"https:\/\/parisrunningtour.com\/fr\/#\/schema\/logo\/image\/"}},{"@type":"Person","@id":"https:\/\/parisrunningtour.com\/fr\/#\/schema\/person\/75f0dc3c395ae2b4e14e29aff8f6a5af","name":"admin","image":{"@type":"ImageObject","inLanguage":"fr-FR","@id":"https:\/\/secure.gravatar.com\/avatar\/2980d1c79775d028873614111fac5ea2906175b9eba90c2fe773d875d19902e0?s=96&d=mm&r=g","url":"https:\/\/secure.gravatar.com\/avatar\/2980d1c79775d028873614111fac5ea2906175b9eba90c2fe773d875d19902e0?s=96&d=mm&r=g","contentUrl":"https:\/\/secure.gravatar.com\/avatar\/2980d1c79775d028873614111fac5ea2906175b9eba90c2fe773d875d19902e0?s=96&d=mm&r=g","caption":"admin"},"sameAs":["https:\/\/www.parisrunningtour.com"],"url":"https:\/\/parisrunningtour.com\/fr\/author\/admin\/"}]}},"_links":{"self":[{"href":"https:\/\/parisrunningtour.com\/fr\/wp-json\/wp\/v2\/posts\/132","targetHints":{"allow":["GET"]}}],"collection":[{"href":"https:\/\/parisrunningtour.com\/fr\/wp-json\/wp\/v2\/posts"}],"about":[{"href":"https:\/\/parisrunningtour.com\/fr\/wp-json\/wp\/v2\/types\/post"}],"author":[{"embeddable":true,"href":"https:\/\/parisrunningtour.com\/fr\/wp-json\/wp\/v2\/users\/1"}],"replies":[{"embeddable":true,"href":"https:\/\/parisrunningtour.com\/fr\/wp-json\/wp\/v2\/comments?post=132"}],"version-history":[{"count":1,"href":"https:\/\/parisrunningtour.com\/fr\/wp-json\/wp\/v2\/posts\/132\/revisions"}],"predecessor-version":[{"id":1398,"href":"https:\/\/parisrunningtour.com\/fr\/wp-json\/wp\/v2\/posts\/132\/revisions\/1398"}],"wp:featuredmedia":[{"embeddable":true,"href":"https:\/\/parisrunningtour.com\/fr\/wp-json\/wp\/v2\/media\/1397"}],"wp:attachment":[{"href":"https:\/\/parisrunningtour.com\/fr\/wp-json\/wp\/v2\/media?parent=132"}],"wp:term":[{"taxonomy":"category","embeddable":true,"href":"https:\/\/parisrunningtour.com\/fr\/wp-json\/wp\/v2\/categories?post=132"},{"taxonomy":"post_tag","embeddable":true,"href":"https:\/\/parisrunningtour.com\/fr\/wp-json\/wp\/v2\/tags?post=132"}],"curies":[{"name":"wp","href":"https:\/\/api.w.org\/{rel}","templated":true}]}}