{"id":120,"date":"2012-03-22T11:01:00","date_gmt":"2012-03-22T10:01:00","guid":{"rendered":"http:\/\/runningtour.paris\/blog\/2012\/03\/22\/reminiscences-de-la-revolution-francaise-avec-cara\/"},"modified":"2017-01-16T16:32:37","modified_gmt":"2017-01-16T15:32:37","slug":"reminiscences-de-la-revolution-francaise-avec-cara","status":"publish","type":"post","link":"https:\/\/parisrunningtour.com\/fr\/reminiscences-de-la-revolution-francaise-avec-cara\/","title":{"rendered":"Reminiscences de la R\u00e9volution Fran\u00e7aise avec Cara"},"content":{"rendered":"<div style=\"clear: both; text-align: center;\"><\/div>\n<table style=\"margin-left: auto; margin-right: auto; text-align: center;\" cellspacing=\"0\" cellpadding=\"0\" align=\"center\">\n<tbody>\n<tr>\n<td style=\"text-align: center;\"><a style=\"margin-left: auto; margin-right: auto;\" title=\"Cliquer sur l'image pour l'agrandir\" href=\"http:\/\/3.bp.blogspot.com\/-VdbTtPNhTuc\/T29OtgaLYsI\/AAAAAAAAAdE\/6oWnzueah5M\/s1600\/2012-03-22_02_PontDeLaConcorde.jpg\" target=\"_blank\"><img fetchpriority=\"high\" decoding=\"async\" src=\"http:\/\/3.bp.blogspot.com\/-VdbTtPNhTuc\/T29OtgaLYsI\/AAAAAAAAAdE\/6oWnzueah5M\/s640\/2012-03-22_02_PontDeLaConcorde.jpg\" width=\"640\" height=\"279\" border=\"0\" \/><\/a><\/td>\n<\/tr>\n<tr>\n<td style=\"text-align: center;\"><span style=\"font-family: 'Trebuchet MS', sans-serif;\">Cara &#8211; Pont de la Concorde<\/span><\/td>\n<\/tr>\n<\/tbody>\n<\/table>\n<p><b style=\"font-family: 'Trebuchet MS', sans-serif;\">10h01 &#8211;<\/b><span style=\"font-family: 'Trebuchet MS', sans-serif;\">\u00a0Cara vient de Californie (USA) o\u00f9 elle a d\u00e9j\u00e0 couru des semi-marathons. Apr\u00e8s avoir vu r\u00e9cemment passer le marathon de Rome, ville o\u00f9 elle r\u00e9side, Cara souhaite maintenant faire un marathon. Le marathon de Rome ? Le marathon de Paris ? Les deux ?\u00a0<\/span><\/p>\n<p><span style=\"font-family: 'Trebuchet MS', sans-serif;\">Tout en courant, nous avons \u00e9voqu\u00e9 la R\u00e9volution Fran\u00e7aise.\u00a0<\/span><br \/>\n<span style=\"font-family: 'Trebuchet MS', sans-serif;\">Nous sommes pass\u00e9s par des lieux forts de la R\u00e9volution tels que la Place de la Concorde, qui vit la guillotine fonctionner de tr\u00e8s nombreuses fois, et le pont du m\u00eame nom :<\/span><br \/>\n<span style=\"font-family: 'Trebuchet MS', sans-serif;\"><i>\u00ab Afin que les patriotes foulassent aux pieds chaque jour les d\u00e9bris de l\u2019ex\u00e9crable forteresse ! \u00bb<\/i>,\u00a0<\/span><span style=\"font-family: 'Trebuchet MS', sans-serif;\">le pont de la Concorde fut construit en utilisant des pierres de la Bastille. La prison de la Bastille, d\u00e9truite le 14 juillet 1789, fut effectivement un des symboles de la Monarchie.<\/span><\/p>\n<table style=\"float: left; margin-right: 1em; text-align: left;\" cellspacing=\"0\" cellpadding=\"0\">\n<tbody>\n<tr>\n<td style=\"text-align: center;\"><a style=\"clear: left; margin-bottom: 1em; margin-left: auto; margin-right: auto;\" title=\"Cliquer sur l'image pour l'agrandir\" href=\"http:\/\/1.bp.blogspot.com\/-I023_172pjs\/T29QuZIjhGI\/AAAAAAAAAdU\/mueAi5Ajoqk\/s1600\/2012-03-22_03_QuaiVoltaire.jpg\" target=\"_blank\"><img decoding=\"async\" src=\"http:\/\/1.bp.blogspot.com\/-I023_172pjs\/T29QuZIjhGI\/AAAAAAAAAdU\/mueAi5Ajoqk\/s640\/2012-03-22_03_QuaiVoltaire.jpg\" width=\"640\" height=\"410\" border=\"0\" \/><\/a><\/td>\n<\/tr>\n<tr>\n<td style=\"text-align: center;\"><span style=\"font-family: 'Trebuchet MS', sans-serif;\">Cara &#8211; Quai Voltaire<\/span><\/td>\n<\/tr>\n<\/tbody>\n<\/table>\n<p><span style=\"font-family: 'Trebuchet MS', sans-serif;\">\u00a0<\/span><br \/>\n<span style=\"font-family: 'Trebuchet MS', sans-serif;\">Les id\u00e9es des \u00ab\u00a0Lumi\u00e8res\u00a0\u00bb ont nourri la R\u00e9volution. Le philosophe Voltaire y contribua largement. Nous avons crois\u00e9 l&rsquo;immeuble o\u00f9 il v\u00e9cut et mourut. Il est situ\u00e9 quai Voltaire, nom donn\u00e9 au quai en 1791 en hommage au grand homme.<\/span><\/p>\n<p><span style=\"font-family: 'Trebuchet MS', sans-serif;\">Un peu plus tard, en poursuivant notre course, nous nous sommes arr\u00eat\u00e9s un petit instant devant le caf\u00e9 Procope, le plus\u00a0vieux caf\u00e9 litt\u00e9raire du monde, cr\u00e9\u00e9 en 1686.<\/span><\/p>\n<table style=\"float: left; margin-right: 1em; text-align: left;\" cellspacing=\"0\" cellpadding=\"0\">\n<tbody>\n<tr>\n<td style=\"text-align: center;\"><a style=\"clear: left; margin-bottom: 1em; margin-left: auto; margin-right: auto;\" title=\"Cliquer sur l'image pour l'agrandir\" href=\"http:\/\/2.bp.blogspot.com\/-Wyn4zaOLVgA\/T29Q4341rhI\/AAAAAAAAAdc\/H4cIJ5vhSgs\/s1600\/2012-03-22_04_CafeProcope.jpg\" target=\"_blank\"><img decoding=\"async\" src=\"http:\/\/2.bp.blogspot.com\/-Wyn4zaOLVgA\/T29Q4341rhI\/AAAAAAAAAdc\/H4cIJ5vhSgs\/s640\/2012-03-22_04_CafeProcope.jpg\" width=\"640\" height=\"430\" border=\"0\" \/><\/a><\/td>\n<\/tr>\n<tr>\n<td style=\"text-align: center;\"><span style=\"font-family: 'Trebuchet MS', sans-serif;\">Cara &#8211; Caf\u00e9 Procope<\/span><\/td>\n<\/tr>\n<\/tbody>\n<\/table>\n<p><span style=\"font-family: 'Trebuchet MS', sans-serif;\">\u00a0<\/span><br \/>\n<span style=\"font-family: 'Trebuchet MS', sans-serif;\">Au 18\u00e8me si\u00e8cle, le Caf\u00e9 participa \u00e0 la naissance des id\u00e9es des \u00ab\u00a0Lumi\u00e8res\u00a0\u00bb. Voltaire, Diderot, d\u2019Alembert et Benjamin Franklin, notamment, fr\u00e9quentaient r\u00e9guli\u00e8rement le caf\u00e9 Procope. Benjamin Franklin y aurait pr\u00e9par\u00e9 en partie la constitution des Etats-Unis. Durant la R\u00e9volution, Danton, Marat et Robespierre s&rsquo;y retrouvaient souvent. Le jeune Napol\u00e9on Bonaparte y laissa m\u00eame l&rsquo;un de ses fameux chapeaux.<\/span><\/p>\n<table style=\"float: left; margin-right: 1em; text-align: left;\" cellspacing=\"0\" cellpadding=\"0\">\n<tbody>\n<tr>\n<td style=\"text-align: center;\"><a style=\"clear: left; margin-bottom: 1em; margin-left: auto; margin-right: auto;\" title=\"Cliquer sur l'image pour l'agrandir\" href=\"http:\/\/1.bp.blogspot.com\/-n3RrsS0f1F4\/T29RDrS2GOI\/AAAAAAAAAdk\/s_Y6_UcZAdo\/s1600\/DomainePublique_Voltaire_and_Diderot_at_the_Caf%C3%A9_Procope.jpeg\" target=\"_blank\"><img loading=\"lazy\" decoding=\"async\" src=\"http:\/\/1.bp.blogspot.com\/-n3RrsS0f1F4\/T29RDrS2GOI\/AAAAAAAAAdk\/s_Y6_UcZAdo\/s640\/DomainePublique_Voltaire_and_Diderot_at_the_Caf%C3%A9_Procope.jpeg\" width=\"640\" height=\"426\" border=\"0\" \/><\/a><\/td>\n<\/tr>\n<tr>\n<td style=\"text-align: center;\"><span style=\"font-family: 'Trebuchet MS', sans-serif;\">Le Souper des Philosophes &#8211; Voltaire, d&rsquo;Alembert, Condorcet, Diderot, La Harpe, le p\u00e8re Adam et l&rsquo;abb\u00e9 Maury \u00a0<\/span><br \/>\n<span style=\"font-family: 'Trebuchet MS', sans-serif;\">Caf\u00e9 Procope XVIII\u00e8 si\u00e8cle<\/span><\/td>\n<\/tr>\n<\/tbody>\n<\/table>\n<p><span style=\"font-family: 'Trebuchet MS', sans-serif;\">\u00a0<\/span><br \/>\n<span style=\"font-family: 'Trebuchet MS', sans-serif;\">De nos jours, on peut toujours voir la table de Voltaire ainsi qu&rsquo;un bicorne du lieutenant Bonaparte.<\/span><\/p>\n<p><span style=\"font-family: 'Trebuchet MS', sans-serif;\">Merci Cara !<\/span><\/p>\n<p><b style=\"font-family: 'Trebuchet MS', sans-serif;\">Le circuit du tour :<\/b><\/p>\n<div>\n<div style=\"clear: both; text-align: center;\"><a style=\"clear: left; float: left; margin-bottom: 1em; margin-right: 1em;\" title=\"Cliquer sur l'image pour l'agrandir\" href=\"http:\/\/3.bp.blogspot.com\/-mhgiP-UirBM\/T29QczRK-fI\/AAAAAAAAAdM\/bx4oMmVvXE8\/s1600\/Paris+Running+Tour+-+Running+22-03-2012-image.jpg\" target=\"_blank\"><img loading=\"lazy\" decoding=\"async\" src=\"http:\/\/3.bp.blogspot.com\/-mhgiP-UirBM\/T29QczRK-fI\/AAAAAAAAAdM\/bx4oMmVvXE8\/s640\/Paris+Running+Tour+-+Running+22-03-2012-image.jpg\" width=\"640\" height=\"580\" border=\"0\" \/><\/a><\/div>\n<\/div>\n","protected":false},"excerpt":{"rendered":"<p>Cara &#8211; Pont de la Concorde 10h01 &#8211;\u00a0Cara vient de Californie (USA) o\u00f9 elle a d\u00e9j\u00e0 couru des semi-marathons. Apr\u00e8s avoir vu r\u00e9cemment passer le marathon de Rome, ville o\u00f9 elle r\u00e9side, Cara souhaite maintenant faire un marathon. Le marathon de Rome ? Le marathon de Paris ? Les deux ?\u00a0 Tout en courant, nous avons \u00e9voqu\u00e9 la R\u00e9volution Fran\u00e7aise.\u00a0 Nous sommes pass\u00e9s par des lieux forts de la R\u00e9volution tels que la Place de la Concorde, qui vit la guillotine fonctionner de tr\u00e8s nombreuses fois, et le pont du m\u00eame nom : \u00ab Afin que les patriotes foulassent aux pieds chaque jour les d\u00e9bris de l\u2019ex\u00e9crable forteresse ! \u00bb,\u00a0le pont de la Concorde fut construit en utilisant des pierres de la Bastille. La prison de la Bastille, d\u00e9truite le 14 juillet 1789, fut effectivement un des symboles de la Monarchie. Cara &#8211; Quai Voltaire \u00a0 Les id\u00e9es des \u00ab\u00a0Lumi\u00e8res\u00a0\u00bb ont nourri la R\u00e9volution. Le philosophe Voltaire y contribua largement. Nous avons crois\u00e9 l&rsquo;immeuble o\u00f9 il v\u00e9cut et mourut. Il est situ\u00e9 quai Voltaire, nom donn\u00e9 au quai en 1791 en hommage au grand homme. Un peu plus tard, en poursuivant notre course, nous nous sommes arr\u00eat\u00e9s un petit instant devant le caf\u00e9 Procope, le plus\u00a0vieux caf\u00e9 litt\u00e9raire du monde, cr\u00e9\u00e9 en 1686. Cara &#8211; Caf\u00e9 Procope \u00a0 Au 18\u00e8me si\u00e8cle, le Caf\u00e9 participa \u00e0 la naissance des id\u00e9es des \u00ab\u00a0Lumi\u00e8res\u00a0\u00bb. Voltaire, Diderot, d\u2019Alembert et Benjamin Franklin, notamment, fr\u00e9quentaient r\u00e9guli\u00e8rement le caf\u00e9 Procope. Benjamin Franklin y aurait pr\u00e9par\u00e9 en partie la constitution des Etats-Unis. Durant la R\u00e9volution, Danton, Marat et Robespierre s&rsquo;y retrouvaient souvent. Le jeune Napol\u00e9on Bonaparte y laissa m\u00eame l&rsquo;un de ses fameux chapeaux. Le Souper des Philosophes &#8211; Voltaire, d&rsquo;Alembert, Condorcet, Diderot, La Harpe, le p\u00e8re Adam et l&rsquo;abb\u00e9 Maury \u00a0 Caf\u00e9 Procope XVIII\u00e8 si\u00e8cle \u00a0 De nos jours, on peut toujours voir la table de Voltaire ainsi qu&rsquo;un bicorne du lieutenant Bonaparte. Merci Cara ! Le circuit du tour :<\/p>\n","protected":false},"author":1,"featured_media":1369,"comment_status":"open","ping_status":"open","sticky":false,"template":"","format":"standard","meta":{"footnotes":""},"categories":[99,53],"tags":[],"class_list":["post-120","post","type-post","status-publish","format-standard","has-post-thumbnail","hentry","category-bouquinistes-les","category-concorde-pont-de-la"],"yoast_head":"<!-- This site is optimized with the Yoast SEO plugin v27.5 - https:\/\/yoast.com\/product\/yoast-seo-wordpress\/ -->\n<title>Reminiscences de la R\u00e9volution Fran\u00e7aise avec Cara - Paris Running Tours<\/title>\n<meta name=\"robots\" content=\"index, follow, max-snippet:-1, max-image-preview:large, max-video-preview:-1\" \/>\n<link rel=\"canonical\" href=\"https:\/\/parisrunningtour.com\/fr\/reminiscences-de-la-revolution-francaise-avec-cara\/\" \/>\n<meta property=\"og:locale\" content=\"fr_FR\" \/>\n<meta property=\"og:type\" content=\"article\" \/>\n<meta property=\"og:title\" content=\"Reminiscences de la R\u00e9volution Fran\u00e7aise avec Cara - Paris Running Tours\" \/>\n<meta property=\"og:description\" content=\"Cara &#8211; Pont de la Concorde 10h01 &#8211;\u00a0Cara vient de Californie (USA) o\u00f9 elle a d\u00e9j\u00e0 couru des semi-marathons. Apr\u00e8s avoir vu r\u00e9cemment passer le marathon de Rome, ville o\u00f9 elle r\u00e9side, Cara souhaite maintenant faire un marathon. Le marathon de Rome ? Le marathon de Paris ? Les deux ?\u00a0 Tout en courant, nous avons \u00e9voqu\u00e9 la R\u00e9volution Fran\u00e7aise.\u00a0 Nous sommes pass\u00e9s par des lieux forts de la R\u00e9volution tels que la Place de la Concorde, qui vit la guillotine fonctionner de tr\u00e8s nombreuses fois, et le pont du m\u00eame nom : \u00ab Afin que les patriotes foulassent aux pieds chaque jour les d\u00e9bris de l\u2019ex\u00e9crable forteresse ! \u00bb,\u00a0le pont de la Concorde fut construit en utilisant des pierres de la Bastille. La prison de la Bastille, d\u00e9truite le 14 juillet 1789, fut effectivement un des symboles de la Monarchie. Cara &#8211; Quai Voltaire \u00a0 Les id\u00e9es des \u00ab\u00a0Lumi\u00e8res\u00a0\u00bb ont nourri la R\u00e9volution. Le philosophe Voltaire y contribua largement. Nous avons crois\u00e9 l&rsquo;immeuble o\u00f9 il v\u00e9cut et mourut. Il est situ\u00e9 quai Voltaire, nom donn\u00e9 au quai en 1791 en hommage au grand homme. Un peu plus tard, en poursuivant notre course, nous nous sommes arr\u00eat\u00e9s un petit instant devant le caf\u00e9 Procope, le plus\u00a0vieux caf\u00e9 litt\u00e9raire du monde, cr\u00e9\u00e9 en 1686. Cara &#8211; Caf\u00e9 Procope \u00a0 Au 18\u00e8me si\u00e8cle, le Caf\u00e9 participa \u00e0 la naissance des id\u00e9es des \u00ab\u00a0Lumi\u00e8res\u00a0\u00bb. Voltaire, Diderot, d\u2019Alembert et Benjamin Franklin, notamment, fr\u00e9quentaient r\u00e9guli\u00e8rement le caf\u00e9 Procope. Benjamin Franklin y aurait pr\u00e9par\u00e9 en partie la constitution des Etats-Unis. Durant la R\u00e9volution, Danton, Marat et Robespierre s&rsquo;y retrouvaient souvent. Le jeune Napol\u00e9on Bonaparte y laissa m\u00eame l&rsquo;un de ses fameux chapeaux. Le Souper des Philosophes &#8211; Voltaire, d&rsquo;Alembert, Condorcet, Diderot, La Harpe, le p\u00e8re Adam et l&rsquo;abb\u00e9 Maury \u00a0 Caf\u00e9 Procope XVIII\u00e8 si\u00e8cle \u00a0 De nos jours, on peut toujours voir la table de Voltaire ainsi qu&rsquo;un bicorne du lieutenant Bonaparte. Merci Cara ! Le circuit du tour :\" \/>\n<meta property=\"og:url\" content=\"https:\/\/parisrunningtour.com\/fr\/reminiscences-de-la-revolution-francaise-avec-cara\/\" \/>\n<meta property=\"og:site_name\" content=\"Paris Running Tours\" \/>\n<meta property=\"article:published_time\" content=\"2012-03-22T10:01:00+00:00\" \/>\n<meta property=\"article:modified_time\" content=\"2017-01-16T15:32:37+00:00\" \/>\n<meta property=\"og:image\" content=\"https:\/\/parisrunningtour.com\/fr\/wp-content\/uploads\/sites\/1\/2012\/03\/PRT2012-03-22_02_PontDeLaConcorde.jpg\" \/>\n\t<meta property=\"og:image:width\" content=\"900\" \/>\n\t<meta property=\"og:image:height\" content=\"900\" \/>\n\t<meta property=\"og:image:type\" content=\"image\/jpeg\" \/>\n<meta name=\"author\" content=\"admin\" \/>\n<meta name=\"twitter:card\" content=\"summary_large_image\" \/>\n<meta name=\"twitter:label1\" content=\"\u00c9crit par\" \/>\n\t<meta name=\"twitter:data1\" content=\"admin\" \/>\n\t<meta name=\"twitter:label2\" content=\"Dur\u00e9e de lecture estim\u00e9e\" \/>\n\t<meta name=\"twitter:data2\" content=\"2 minutes\" \/>\n<script type=\"application\/ld+json\" class=\"yoast-schema-graph\">{\"@context\":\"https:\\\/\\\/schema.org\",\"@graph\":[{\"@type\":\"Article\",\"@id\":\"https:\\\/\\\/parisrunningtour.com\\\/fr\\\/reminiscences-de-la-revolution-francaise-avec-cara\\\/#article\",\"isPartOf\":{\"@id\":\"https:\\\/\\\/parisrunningtour.com\\\/fr\\\/reminiscences-de-la-revolution-francaise-avec-cara\\\/\"},\"author\":{\"name\":\"admin\",\"@id\":\"https:\\\/\\\/parisrunningtour.com\\\/fr\\\/#\\\/schema\\\/person\\\/75f0dc3c395ae2b4e14e29aff8f6a5af\"},\"headline\":\"Reminiscences de la R\u00e9volution Fran\u00e7aise avec Cara\",\"datePublished\":\"2012-03-22T10:01:00+00:00\",\"dateModified\":\"2017-01-16T15:32:37+00:00\",\"mainEntityOfPage\":{\"@id\":\"https:\\\/\\\/parisrunningtour.com\\\/fr\\\/reminiscences-de-la-revolution-francaise-avec-cara\\\/\"},\"wordCount\":358,\"commentCount\":0,\"publisher\":{\"@id\":\"https:\\\/\\\/parisrunningtour.com\\\/fr\\\/#organization\"},\"image\":{\"@id\":\"https:\\\/\\\/parisrunningtour.com\\\/fr\\\/reminiscences-de-la-revolution-francaise-avec-cara\\\/#primaryimage\"},\"thumbnailUrl\":\"https:\\\/\\\/parisrunningtour.com\\\/fr\\\/wp-content\\\/uploads\\\/sites\\\/1\\\/2012\\\/03\\\/PRT2012-03-22_02_PontDeLaConcorde.jpg\",\"articleSection\":[\"Bouquinistes (Les)\",\"Concorde (Pont de la)\"],\"inLanguage\":\"fr-FR\",\"potentialAction\":[{\"@type\":\"CommentAction\",\"name\":\"Comment\",\"target\":[\"https:\\\/\\\/parisrunningtour.com\\\/fr\\\/reminiscences-de-la-revolution-francaise-avec-cara\\\/#respond\"]}]},{\"@type\":\"WebPage\",\"@id\":\"https:\\\/\\\/parisrunningtour.com\\\/fr\\\/reminiscences-de-la-revolution-francaise-avec-cara\\\/\",\"url\":\"https:\\\/\\\/parisrunningtour.com\\\/fr\\\/reminiscences-de-la-revolution-francaise-avec-cara\\\/\",\"name\":\"Reminiscences de la R\u00e9volution Fran\u00e7aise avec Cara - Paris Running Tours\",\"isPartOf\":{\"@id\":\"https:\\\/\\\/parisrunningtour.com\\\/fr\\\/#website\"},\"primaryImageOfPage\":{\"@id\":\"https:\\\/\\\/parisrunningtour.com\\\/fr\\\/reminiscences-de-la-revolution-francaise-avec-cara\\\/#primaryimage\"},\"image\":{\"@id\":\"https:\\\/\\\/parisrunningtour.com\\\/fr\\\/reminiscences-de-la-revolution-francaise-avec-cara\\\/#primaryimage\"},\"thumbnailUrl\":\"https:\\\/\\\/parisrunningtour.com\\\/fr\\\/wp-content\\\/uploads\\\/sites\\\/1\\\/2012\\\/03\\\/PRT2012-03-22_02_PontDeLaConcorde.jpg\",\"datePublished\":\"2012-03-22T10:01:00+00:00\",\"dateModified\":\"2017-01-16T15:32:37+00:00\",\"breadcrumb\":{\"@id\":\"https:\\\/\\\/parisrunningtour.com\\\/fr\\\/reminiscences-de-la-revolution-francaise-avec-cara\\\/#breadcrumb\"},\"inLanguage\":\"fr-FR\",\"potentialAction\":[{\"@type\":\"ReadAction\",\"target\":[\"https:\\\/\\\/parisrunningtour.com\\\/fr\\\/reminiscences-de-la-revolution-francaise-avec-cara\\\/\"]}]},{\"@type\":\"ImageObject\",\"inLanguage\":\"fr-FR\",\"@id\":\"https:\\\/\\\/parisrunningtour.com\\\/fr\\\/reminiscences-de-la-revolution-francaise-avec-cara\\\/#primaryimage\",\"url\":\"https:\\\/\\\/parisrunningtour.com\\\/fr\\\/wp-content\\\/uploads\\\/sites\\\/1\\\/2012\\\/03\\\/PRT2012-03-22_02_PontDeLaConcorde.jpg\",\"contentUrl\":\"https:\\\/\\\/parisrunningtour.com\\\/fr\\\/wp-content\\\/uploads\\\/sites\\\/1\\\/2012\\\/03\\\/PRT2012-03-22_02_PontDeLaConcorde.jpg\",\"width\":900,\"height\":900},{\"@type\":\"BreadcrumbList\",\"@id\":\"https:\\\/\\\/parisrunningtour.com\\\/fr\\\/reminiscences-de-la-revolution-francaise-avec-cara\\\/#breadcrumb\",\"itemListElement\":[{\"@type\":\"ListItem\",\"position\":1,\"name\":\"Accueil\",\"item\":\"https:\\\/\\\/parisrunningtour.com\\\/fr\\\/\"},{\"@type\":\"ListItem\",\"position\":2,\"name\":\"Reminiscences de la R\u00e9volution Fran\u00e7aise avec Cara\"}]},{\"@type\":\"WebSite\",\"@id\":\"https:\\\/\\\/parisrunningtour.com\\\/fr\\\/#website\",\"url\":\"https:\\\/\\\/parisrunningtour.com\\\/fr\\\/\",\"name\":\"Paris Running Tours\",\"description\":\"D\u00e9couvrir Paris en courant\",\"publisher\":{\"@id\":\"https:\\\/\\\/parisrunningtour.com\\\/fr\\\/#organization\"},\"potentialAction\":[{\"@type\":\"SearchAction\",\"target\":{\"@type\":\"EntryPoint\",\"urlTemplate\":\"https:\\\/\\\/parisrunningtour.com\\\/fr\\\/?s={search_term_string}\"},\"query-input\":{\"@type\":\"PropertyValueSpecification\",\"valueRequired\":true,\"valueName\":\"search_term_string\"}}],\"inLanguage\":\"fr-FR\"},{\"@type\":\"Organization\",\"@id\":\"https:\\\/\\\/parisrunningtour.com\\\/fr\\\/#organization\",\"name\":\"Paris Running Tours\",\"url\":\"https:\\\/\\\/parisrunningtour.com\\\/fr\\\/\",\"logo\":{\"@type\":\"ImageObject\",\"inLanguage\":\"fr-FR\",\"@id\":\"https:\\\/\\\/parisrunningtour.com\\\/fr\\\/#\\\/schema\\\/logo\\\/image\\\/\",\"url\":\"https:\\\/\\\/parisrunningtour.com\\\/fr\\\/wp-content\\\/uploads\\\/sites\\\/1\\\/2016\\\/12\\\/cropped-faviconPRT.png\",\"contentUrl\":\"https:\\\/\\\/parisrunningtour.com\\\/fr\\\/wp-content\\\/uploads\\\/sites\\\/1\\\/2016\\\/12\\\/cropped-faviconPRT.png\",\"width\":512,\"height\":512,\"caption\":\"Paris Running Tours\"},\"image\":{\"@id\":\"https:\\\/\\\/parisrunningtour.com\\\/fr\\\/#\\\/schema\\\/logo\\\/image\\\/\"}},{\"@type\":\"Person\",\"@id\":\"https:\\\/\\\/parisrunningtour.com\\\/fr\\\/#\\\/schema\\\/person\\\/75f0dc3c395ae2b4e14e29aff8f6a5af\",\"name\":\"admin\",\"image\":{\"@type\":\"ImageObject\",\"inLanguage\":\"fr-FR\",\"@id\":\"https:\\\/\\\/secure.gravatar.com\\\/avatar\\\/2980d1c79775d028873614111fac5ea2906175b9eba90c2fe773d875d19902e0?s=96&d=mm&r=g\",\"url\":\"https:\\\/\\\/secure.gravatar.com\\\/avatar\\\/2980d1c79775d028873614111fac5ea2906175b9eba90c2fe773d875d19902e0?s=96&d=mm&r=g\",\"contentUrl\":\"https:\\\/\\\/secure.gravatar.com\\\/avatar\\\/2980d1c79775d028873614111fac5ea2906175b9eba90c2fe773d875d19902e0?s=96&d=mm&r=g\",\"caption\":\"admin\"},\"sameAs\":[\"https:\\\/\\\/www.parisrunningtour.com\"],\"url\":\"https:\\\/\\\/parisrunningtour.com\\\/fr\\\/author\\\/admin\\\/\"}]}<\/script>\n<!-- \/ Yoast SEO plugin. -->","yoast_head_json":{"title":"Reminiscences de la R\u00e9volution Fran\u00e7aise avec Cara - Paris Running Tours","robots":{"index":"index","follow":"follow","max-snippet":"max-snippet:-1","max-image-preview":"max-image-preview:large","max-video-preview":"max-video-preview:-1"},"canonical":"https:\/\/parisrunningtour.com\/fr\/reminiscences-de-la-revolution-francaise-avec-cara\/","og_locale":"fr_FR","og_type":"article","og_title":"Reminiscences de la R\u00e9volution Fran\u00e7aise avec Cara - Paris Running Tours","og_description":"Cara &#8211; Pont de la Concorde 10h01 &#8211;\u00a0Cara vient de Californie (USA) o\u00f9 elle a d\u00e9j\u00e0 couru des semi-marathons. Apr\u00e8s avoir vu r\u00e9cemment passer le marathon de Rome, ville o\u00f9 elle r\u00e9side, Cara souhaite maintenant faire un marathon. Le marathon de Rome ? Le marathon de Paris ? Les deux ?\u00a0 Tout en courant, nous avons \u00e9voqu\u00e9 la R\u00e9volution Fran\u00e7aise.\u00a0 Nous sommes pass\u00e9s par des lieux forts de la R\u00e9volution tels que la Place de la Concorde, qui vit la guillotine fonctionner de tr\u00e8s nombreuses fois, et le pont du m\u00eame nom : \u00ab Afin que les patriotes foulassent aux pieds chaque jour les d\u00e9bris de l\u2019ex\u00e9crable forteresse ! \u00bb,\u00a0le pont de la Concorde fut construit en utilisant des pierres de la Bastille. La prison de la Bastille, d\u00e9truite le 14 juillet 1789, fut effectivement un des symboles de la Monarchie. Cara &#8211; Quai Voltaire \u00a0 Les id\u00e9es des \u00ab\u00a0Lumi\u00e8res\u00a0\u00bb ont nourri la R\u00e9volution. Le philosophe Voltaire y contribua largement. Nous avons crois\u00e9 l&rsquo;immeuble o\u00f9 il v\u00e9cut et mourut. Il est situ\u00e9 quai Voltaire, nom donn\u00e9 au quai en 1791 en hommage au grand homme. Un peu plus tard, en poursuivant notre course, nous nous sommes arr\u00eat\u00e9s un petit instant devant le caf\u00e9 Procope, le plus\u00a0vieux caf\u00e9 litt\u00e9raire du monde, cr\u00e9\u00e9 en 1686. Cara &#8211; Caf\u00e9 Procope \u00a0 Au 18\u00e8me si\u00e8cle, le Caf\u00e9 participa \u00e0 la naissance des id\u00e9es des \u00ab\u00a0Lumi\u00e8res\u00a0\u00bb. Voltaire, Diderot, d\u2019Alembert et Benjamin Franklin, notamment, fr\u00e9quentaient r\u00e9guli\u00e8rement le caf\u00e9 Procope. Benjamin Franklin y aurait pr\u00e9par\u00e9 en partie la constitution des Etats-Unis. Durant la R\u00e9volution, Danton, Marat et Robespierre s&rsquo;y retrouvaient souvent. Le jeune Napol\u00e9on Bonaparte y laissa m\u00eame l&rsquo;un de ses fameux chapeaux. Le Souper des Philosophes &#8211; Voltaire, d&rsquo;Alembert, Condorcet, Diderot, La Harpe, le p\u00e8re Adam et l&rsquo;abb\u00e9 Maury \u00a0 Caf\u00e9 Procope XVIII\u00e8 si\u00e8cle \u00a0 De nos jours, on peut toujours voir la table de Voltaire ainsi qu&rsquo;un bicorne du lieutenant Bonaparte. Merci Cara ! Le circuit du tour :","og_url":"https:\/\/parisrunningtour.com\/fr\/reminiscences-de-la-revolution-francaise-avec-cara\/","og_site_name":"Paris Running Tours","article_published_time":"2012-03-22T10:01:00+00:00","article_modified_time":"2017-01-16T15:32:37+00:00","og_image":[{"width":900,"height":900,"url":"https:\/\/parisrunningtour.com\/fr\/wp-content\/uploads\/sites\/1\/2012\/03\/PRT2012-03-22_02_PontDeLaConcorde.jpg","type":"image\/jpeg"}],"author":"admin","twitter_card":"summary_large_image","twitter_misc":{"\u00c9crit par":"admin","Dur\u00e9e de lecture estim\u00e9e":"2 minutes"},"schema":{"@context":"https:\/\/schema.org","@graph":[{"@type":"Article","@id":"https:\/\/parisrunningtour.com\/fr\/reminiscences-de-la-revolution-francaise-avec-cara\/#article","isPartOf":{"@id":"https:\/\/parisrunningtour.com\/fr\/reminiscences-de-la-revolution-francaise-avec-cara\/"},"author":{"name":"admin","@id":"https:\/\/parisrunningtour.com\/fr\/#\/schema\/person\/75f0dc3c395ae2b4e14e29aff8f6a5af"},"headline":"Reminiscences de la R\u00e9volution Fran\u00e7aise avec Cara","datePublished":"2012-03-22T10:01:00+00:00","dateModified":"2017-01-16T15:32:37+00:00","mainEntityOfPage":{"@id":"https:\/\/parisrunningtour.com\/fr\/reminiscences-de-la-revolution-francaise-avec-cara\/"},"wordCount":358,"commentCount":0,"publisher":{"@id":"https:\/\/parisrunningtour.com\/fr\/#organization"},"image":{"@id":"https:\/\/parisrunningtour.com\/fr\/reminiscences-de-la-revolution-francaise-avec-cara\/#primaryimage"},"thumbnailUrl":"https:\/\/parisrunningtour.com\/fr\/wp-content\/uploads\/sites\/1\/2012\/03\/PRT2012-03-22_02_PontDeLaConcorde.jpg","articleSection":["Bouquinistes (Les)","Concorde (Pont de la)"],"inLanguage":"fr-FR","potentialAction":[{"@type":"CommentAction","name":"Comment","target":["https:\/\/parisrunningtour.com\/fr\/reminiscences-de-la-revolution-francaise-avec-cara\/#respond"]}]},{"@type":"WebPage","@id":"https:\/\/parisrunningtour.com\/fr\/reminiscences-de-la-revolution-francaise-avec-cara\/","url":"https:\/\/parisrunningtour.com\/fr\/reminiscences-de-la-revolution-francaise-avec-cara\/","name":"Reminiscences de la R\u00e9volution Fran\u00e7aise avec Cara - Paris Running Tours","isPartOf":{"@id":"https:\/\/parisrunningtour.com\/fr\/#website"},"primaryImageOfPage":{"@id":"https:\/\/parisrunningtour.com\/fr\/reminiscences-de-la-revolution-francaise-avec-cara\/#primaryimage"},"image":{"@id":"https:\/\/parisrunningtour.com\/fr\/reminiscences-de-la-revolution-francaise-avec-cara\/#primaryimage"},"thumbnailUrl":"https:\/\/parisrunningtour.com\/fr\/wp-content\/uploads\/sites\/1\/2012\/03\/PRT2012-03-22_02_PontDeLaConcorde.jpg","datePublished":"2012-03-22T10:01:00+00:00","dateModified":"2017-01-16T15:32:37+00:00","breadcrumb":{"@id":"https:\/\/parisrunningtour.com\/fr\/reminiscences-de-la-revolution-francaise-avec-cara\/#breadcrumb"},"inLanguage":"fr-FR","potentialAction":[{"@type":"ReadAction","target":["https:\/\/parisrunningtour.com\/fr\/reminiscences-de-la-revolution-francaise-avec-cara\/"]}]},{"@type":"ImageObject","inLanguage":"fr-FR","@id":"https:\/\/parisrunningtour.com\/fr\/reminiscences-de-la-revolution-francaise-avec-cara\/#primaryimage","url":"https:\/\/parisrunningtour.com\/fr\/wp-content\/uploads\/sites\/1\/2012\/03\/PRT2012-03-22_02_PontDeLaConcorde.jpg","contentUrl":"https:\/\/parisrunningtour.com\/fr\/wp-content\/uploads\/sites\/1\/2012\/03\/PRT2012-03-22_02_PontDeLaConcorde.jpg","width":900,"height":900},{"@type":"BreadcrumbList","@id":"https:\/\/parisrunningtour.com\/fr\/reminiscences-de-la-revolution-francaise-avec-cara\/#breadcrumb","itemListElement":[{"@type":"ListItem","position":1,"name":"Accueil","item":"https:\/\/parisrunningtour.com\/fr\/"},{"@type":"ListItem","position":2,"name":"Reminiscences de la R\u00e9volution Fran\u00e7aise avec Cara"}]},{"@type":"WebSite","@id":"https:\/\/parisrunningtour.com\/fr\/#website","url":"https:\/\/parisrunningtour.com\/fr\/","name":"Paris Running Tours","description":"D\u00e9couvrir Paris en courant","publisher":{"@id":"https:\/\/parisrunningtour.com\/fr\/#organization"},"potentialAction":[{"@type":"SearchAction","target":{"@type":"EntryPoint","urlTemplate":"https:\/\/parisrunningtour.com\/fr\/?s={search_term_string}"},"query-input":{"@type":"PropertyValueSpecification","valueRequired":true,"valueName":"search_term_string"}}],"inLanguage":"fr-FR"},{"@type":"Organization","@id":"https:\/\/parisrunningtour.com\/fr\/#organization","name":"Paris Running Tours","url":"https:\/\/parisrunningtour.com\/fr\/","logo":{"@type":"ImageObject","inLanguage":"fr-FR","@id":"https:\/\/parisrunningtour.com\/fr\/#\/schema\/logo\/image\/","url":"https:\/\/parisrunningtour.com\/fr\/wp-content\/uploads\/sites\/1\/2016\/12\/cropped-faviconPRT.png","contentUrl":"https:\/\/parisrunningtour.com\/fr\/wp-content\/uploads\/sites\/1\/2016\/12\/cropped-faviconPRT.png","width":512,"height":512,"caption":"Paris Running Tours"},"image":{"@id":"https:\/\/parisrunningtour.com\/fr\/#\/schema\/logo\/image\/"}},{"@type":"Person","@id":"https:\/\/parisrunningtour.com\/fr\/#\/schema\/person\/75f0dc3c395ae2b4e14e29aff8f6a5af","name":"admin","image":{"@type":"ImageObject","inLanguage":"fr-FR","@id":"https:\/\/secure.gravatar.com\/avatar\/2980d1c79775d028873614111fac5ea2906175b9eba90c2fe773d875d19902e0?s=96&d=mm&r=g","url":"https:\/\/secure.gravatar.com\/avatar\/2980d1c79775d028873614111fac5ea2906175b9eba90c2fe773d875d19902e0?s=96&d=mm&r=g","contentUrl":"https:\/\/secure.gravatar.com\/avatar\/2980d1c79775d028873614111fac5ea2906175b9eba90c2fe773d875d19902e0?s=96&d=mm&r=g","caption":"admin"},"sameAs":["https:\/\/www.parisrunningtour.com"],"url":"https:\/\/parisrunningtour.com\/fr\/author\/admin\/"}]}},"_links":{"self":[{"href":"https:\/\/parisrunningtour.com\/fr\/wp-json\/wp\/v2\/posts\/120","targetHints":{"allow":["GET"]}}],"collection":[{"href":"https:\/\/parisrunningtour.com\/fr\/wp-json\/wp\/v2\/posts"}],"about":[{"href":"https:\/\/parisrunningtour.com\/fr\/wp-json\/wp\/v2\/types\/post"}],"author":[{"embeddable":true,"href":"https:\/\/parisrunningtour.com\/fr\/wp-json\/wp\/v2\/users\/1"}],"replies":[{"embeddable":true,"href":"https:\/\/parisrunningtour.com\/fr\/wp-json\/wp\/v2\/comments?post=120"}],"version-history":[{"count":1,"href":"https:\/\/parisrunningtour.com\/fr\/wp-json\/wp\/v2\/posts\/120\/revisions"}],"predecessor-version":[{"id":1370,"href":"https:\/\/parisrunningtour.com\/fr\/wp-json\/wp\/v2\/posts\/120\/revisions\/1370"}],"wp:featuredmedia":[{"embeddable":true,"href":"https:\/\/parisrunningtour.com\/fr\/wp-json\/wp\/v2\/media\/1369"}],"wp:attachment":[{"href":"https:\/\/parisrunningtour.com\/fr\/wp-json\/wp\/v2\/media?parent=120"}],"wp:term":[{"taxonomy":"category","embeddable":true,"href":"https:\/\/parisrunningtour.com\/fr\/wp-json\/wp\/v2\/categories?post=120"},{"taxonomy":"post_tag","embeddable":true,"href":"https:\/\/parisrunningtour.com\/fr\/wp-json\/wp\/v2\/tags?post=120"}],"curies":[{"name":"wp","href":"https:\/\/api.w.org\/{rel}","templated":true}]}}