{"id":117,"date":"2012-04-28T07:10:00","date_gmt":"2012-04-28T05:10:00","guid":{"rendered":"http:\/\/runningtour.paris\/blog\/2012\/04\/28\/sous-le-signe-de-lamitie-franco-americaine-avec-cori\/"},"modified":"2017-01-16T16:30:08","modified_gmt":"2017-01-16T15:30:08","slug":"sous-le-signe-de-lamitie-franco-americaine-avec-cori","status":"publish","type":"post","link":"https:\/\/parisrunningtour.com\/fr\/sous-le-signe-de-lamitie-franco-americaine-avec-cori\/","title":{"rendered":"Sous le signe de l&rsquo;amiti\u00e9 Franco-Am\u00e9ricaine avec Cori"},"content":{"rendered":"<div style=\"clear: both; text-align: center;\"><\/div>\n<div style=\"clear: both; text-align: center;\"><\/div>\n<div style=\"text-align: center;\"><\/div>\n<table style=\"margin-left: auto; margin-right: auto; text-align: center;\" cellspacing=\"0\" cellpadding=\"0\" align=\"center\">\n<tbody>\n<tr>\n<td style=\"text-align: center;\"><a style=\"margin-left: auto; margin-right: auto;\" title=\"Cliquer sur l'image pour l'agrandir\" href=\"http:\/\/3.bp.blogspot.com\/-r_2uNsDljVo\/T5wqXxbFSQI\/AAAAAAAAAfk\/MXARP-vWGo8\/s1600\/2012-04-28_06_PontDesArts.JPG\" target=\"_blank\"><img fetchpriority=\"high\" decoding=\"async\" src=\"http:\/\/3.bp.blogspot.com\/-r_2uNsDljVo\/T5wqXxbFSQI\/AAAAAAAAAfk\/MXARP-vWGo8\/s640\/2012-04-28_06_PontDesArts.JPG\" width=\"640\" height=\"346\" border=\"0\" \/><\/a><\/td>\n<\/tr>\n<tr>\n<td style=\"text-align: center;\"><span style=\"font-family: 'Trebuchet MS', sans-serif;\">Cori &#8211; Le pont des Arts et le Louvre<\/span><\/td>\n<\/tr>\n<\/tbody>\n<\/table>\n<p><b style=\"font-family: 'Trebuchet MS', sans-serif;\">7h10 &#8211;<\/b><span style=\"font-family: 'Trebuchet MS', sans-serif;\"> Cori de New-York City (USA), est venue \u00e0 Paris pour un court s\u00e9jour de trois jours. Cori a cependant souhait\u00e9 faire un long tour dans Paris et cela malgr\u00e9 la petite pluie fine que nous avons eue ce matin-l\u00e0. <\/span><br \/>\n<span style=\"font-family: 'Trebuchet MS', sans-serif;\">Nous avons donc fait une longue boucle et sillonn\u00e9 Paris depuis l&rsquo;Arc de Triomphe jusqu&rsquo;\u00e0 Notre Dame en passant par la Tour Eiffel.<\/span><span style=\"font-family: 'Trebuchet MS', sans-serif;\"><br \/>\n<\/span><br \/>\n<span style=\"font-family: 'Trebuchet MS', sans-serif;\">Nous avons plac\u00e9 notre parcours sous le signe de l&rsquo;amiti\u00e9 Franco-Am\u00e9ricaine en d\u00e9butant le tour par la place des Etats-Unis dans le 16\u00e8me arrondissement de Paris. On peut y trouver un monument consacr\u00e9 \u00e0 cette bonne entente. Il rappelle le soutien de la France \u00e0 la toute jeune Am\u00e9rique, une poign\u00e9e de mains entre Lafayette et Washington :<\/span><br \/>\n<span style=\"font-family: 'Trebuchet MS', sans-serif;\"><br \/>\n<\/span><\/p>\n<div style=\"clear: both; text-align: center;\"><\/div>\n<table style=\"margin-left: auto; margin-right: auto; text-align: center;\" cellspacing=\"0\" cellpadding=\"0\" align=\"center\">\n<tbody>\n<tr>\n<td style=\"text-align: center;\"><a style=\"margin-left: auto; margin-right: auto;\" title=\"Cliquer sur l'image pour l'agrandir\" href=\"http:\/\/1.bp.blogspot.com\/-8SuEIcVtKAc\/T5ws9PXkxTI\/AAAAAAAAAf0\/FqDsum3Qcgc\/s1600\/2012-04-28_01_WashingtonAndLafayette.JPG\" target=\"_blank\"><img decoding=\"async\" src=\"http:\/\/1.bp.blogspot.com\/-8SuEIcVtKAc\/T5ws9PXkxTI\/AAAAAAAAAf0\/FqDsum3Qcgc\/s640\/2012-04-28_01_WashingtonAndLafayette.JPG\" width=\"576\" height=\"640\" border=\"0\" \/><\/a><\/td>\n<\/tr>\n<tr>\n<td style=\"text-align: center;\"><span style=\"font-family: 'Trebuchet MS', sans-serif;\">Cori &#8211; Place des Etats-Unis<\/span><\/td>\n<\/tr>\n<\/tbody>\n<\/table>\n<p><span style=\"font-family: 'Trebuchet MS', sans-serif;\">Un peu plus tard, nous avons d\u00e9couvert la Tour Eiffel, la t\u00eate dans les nuages :<\/span><br \/>\n<span style=\"font-family: 'Trebuchet MS', sans-serif;\"><br \/>\n<\/span><\/p>\n<table style=\"margin-left: auto; margin-right: auto; text-align: center;\" cellspacing=\"0\" cellpadding=\"0\" align=\"center\">\n<tbody>\n<tr>\n<td style=\"text-align: center;\"><a style=\"margin-left: auto; margin-right: auto;\" title=\"Cliquer sur l'image pour l'agrandir\" href=\"http:\/\/1.bp.blogspot.com\/-626F5DXXE94\/T5wt1x2KagI\/AAAAAAAAAgc\/PjYNK7cu3no\/s1600\/2012-04-28_02_EiffelTowerInTheFog.JPG\" target=\"_blank\"><img decoding=\"async\" src=\"http:\/\/1.bp.blogspot.com\/-626F5DXXE94\/T5wt1x2KagI\/AAAAAAAAAgc\/PjYNK7cu3no\/s640\/2012-04-28_02_EiffelTowerInTheFog.JPG\" width=\"376\" height=\"640\" border=\"0\" \/><\/a><\/td>\n<\/tr>\n<tr>\n<td style=\"text-align: center;\"><span style=\"font-family: 'Trebuchet MS', sans-serif;\">Cori &#8211; Tour Eiffel<\/span><\/td>\n<\/tr>\n<\/tbody>\n<\/table>\n<p><span style=\"font-family: 'Trebuchet MS', sans-serif;\">Avant de longer la Seine, notamment pour croiser le Pont des Arts, nous avons rencontr\u00e9 le mus\u00e9e du Quai Branly :<\/span><br \/>\n<span style=\"font-family: 'Trebuchet MS', sans-serif;\"><br \/>\n<\/span><\/p>\n<table style=\"margin-left: auto; margin-right: auto; text-align: center;\" cellspacing=\"0\" cellpadding=\"0\" align=\"center\">\n<tbody>\n<tr>\n<td style=\"text-align: center;\"><a style=\"margin-left: auto; margin-right: auto;\" title=\"Cliquer sur l'image pour l'agrandir\" href=\"http:\/\/3.bp.blogspot.com\/-znpwmSho6js\/T5wuT81zAMI\/AAAAAAAAAgs\/IDrY-7hMccE\/s1600\/2012-04-28_05_MuseeBranly.JPG\" target=\"_blank\"><img loading=\"lazy\" decoding=\"async\" src=\"http:\/\/3.bp.blogspot.com\/-znpwmSho6js\/T5wuT81zAMI\/AAAAAAAAAgs\/IDrY-7hMccE\/s640\/2012-04-28_05_MuseeBranly.JPG\" width=\"620\" height=\"640\" border=\"0\" \/><\/a><\/td>\n<\/tr>\n<tr>\n<td style=\"text-align: center;\"><span style=\"font-family: 'Trebuchet MS', sans-serif;\">Cori &#8211; Mus\u00e9e du Quai Branly<\/span><\/td>\n<\/tr>\n<\/tbody>\n<\/table>\n<p><span style=\"font-family: 'Trebuchet MS', sans-serif;\">Le mus\u00e9e du Quai Branly, mus\u00e9e des Arts et des Civilisations est tr\u00e8s r\u00e9cent puisqu&rsquo;il a \u00e9t\u00e9 ouvert en 2006.<\/span><br \/>\n<span style=\"font-family: 'Trebuchet MS', sans-serif;\">Celles ou ceux qui faisaient la course des 20 km de Paris \u00e0 la fin des ann\u00e9es 1990 se souviennent-ils que l&rsquo;endroit fut pendant quelques ann\u00e9es le lieu de retrait des dossards ?<\/span><\/p>\n<div>\n<div style=\"text-align: center;\">\n<div style=\"text-align: -webkit-auto;\"><span style=\"font-family: 'Trebuchet MS', sans-serif;\">\u00a0<\/span><\/div>\n<\/div>\n<p><span style=\"font-family: 'Trebuchet MS', sans-serif;\">Merci Cori !<\/span><\/p>\n<div><span style=\"font-family: 'Trebuchet MS', sans-serif;\"><b><br \/>\n<\/b><\/span><span style=\"font-family: 'Trebuchet MS', sans-serif;\"><b>Le circuit du tour :<\/b><\/span><\/p>\n<div style=\"clear: both; text-align: center;\"><\/div>\n<div style=\"clear: both; text-align: center;\"><a style=\"clear: left; float: left; margin-bottom: 1em; margin-right: 1em;\" title=\"Cliquer sur l'image pour l'agrandir\" href=\"http:\/\/2.bp.blogspot.com\/-xO0qNexLwyU\/T5wuiS8MfHI\/AAAAAAAAAg0\/yIMGVmMmQj4\/s1600\/Paris+Running+Tour+-+Running+28-04-2012+-+Blog.jpg\" target=\"_blank\"><img loading=\"lazy\" decoding=\"async\" src=\"http:\/\/2.bp.blogspot.com\/-xO0qNexLwyU\/T5wuiS8MfHI\/AAAAAAAAAg0\/yIMGVmMmQj4\/s640\/Paris+Running+Tour+-+Running+28-04-2012+-+Blog.jpg\" width=\"640\" height=\"316\" border=\"0\" \/><\/a><\/div>\n<p><span style=\"color: red; font-family: 'Trebuchet MS', sans-serif;\"><i><br \/>\n<\/i><\/span><\/div>\n<div style=\"clear: both; text-align: left;\"><\/div>\n<div style=\"text-align: center;\"><\/div>\n<\/div>\n","protected":false},"excerpt":{"rendered":"<p>Cori &#8211; Le pont des Arts et le Louvre 7h10 &#8211; Cori de New-York City (USA), est venue \u00e0 Paris pour un court s\u00e9jour de trois jours. Cori a cependant souhait\u00e9 faire un long tour dans Paris et cela malgr\u00e9 la petite pluie fine que nous avons eue ce matin-l\u00e0. Nous avons donc fait une longue boucle et sillonn\u00e9 Paris depuis l&rsquo;Arc de Triomphe jusqu&rsquo;\u00e0 Notre Dame en passant par la Tour Eiffel. Nous avons plac\u00e9 notre parcours sous le signe de l&rsquo;amiti\u00e9 Franco-Am\u00e9ricaine en d\u00e9butant le tour par la place des Etats-Unis dans le 16\u00e8me arrondissement de Paris. On peut y trouver un monument consacr\u00e9 \u00e0 cette bonne entente. Il rappelle le soutien de la France \u00e0 la toute jeune Am\u00e9rique, une poign\u00e9e de mains entre Lafayette et Washington : Cori &#8211; Place des Etats-Unis Un peu plus tard, nous avons d\u00e9couvert la Tour Eiffel, la t\u00eate dans les nuages : Cori &#8211; Tour Eiffel Avant de longer la Seine, notamment pour croiser le Pont des Arts, nous avons rencontr\u00e9 le mus\u00e9e du Quai Branly : Cori &#8211; Mus\u00e9e du Quai Branly Le mus\u00e9e du Quai Branly, mus\u00e9e des Arts et des Civilisations est tr\u00e8s r\u00e9cent puisqu&rsquo;il a \u00e9t\u00e9 ouvert en 2006. Celles ou ceux qui faisaient la course des 20 km de Paris \u00e0 la fin des ann\u00e9es 1990 se souviennent-ils que l&rsquo;endroit fut pendant quelques ann\u00e9es le lieu de retrait des dossards ? \u00a0 Merci Cori ! Le circuit du tour :<\/p>\n","protected":false},"author":1,"featured_media":1362,"comment_status":"open","ping_status":"open","sticky":false,"template":"","format":"standard","meta":{"footnotes":""},"categories":[13,49,19,15,10],"tags":[],"class_list":["post-117","post","type-post","status-publish","format-standard","has-post-thumbnail","hentry","category-louvre","category-musee-du-quai-branly","category-place-des-etats-unis","category-pont-des-arts","category-tour-eiffel"],"yoast_head":"<!-- This site is optimized with the Yoast SEO plugin v27.5 - https:\/\/yoast.com\/product\/yoast-seo-wordpress\/ -->\n<title>Sous le signe de l&#039;amiti\u00e9 Franco-Am\u00e9ricaine avec Cori - Paris Running Tours<\/title>\n<meta name=\"robots\" content=\"index, follow, max-snippet:-1, max-image-preview:large, max-video-preview:-1\" \/>\n<link rel=\"canonical\" href=\"https:\/\/parisrunningtour.com\/fr\/sous-le-signe-de-lamitie-franco-americaine-avec-cori\/\" \/>\n<meta property=\"og:locale\" content=\"fr_FR\" \/>\n<meta property=\"og:type\" content=\"article\" \/>\n<meta property=\"og:title\" content=\"Sous le signe de l&#039;amiti\u00e9 Franco-Am\u00e9ricaine avec Cori - Paris Running Tours\" \/>\n<meta property=\"og:description\" content=\"Cori &#8211; Le pont des Arts et le Louvre 7h10 &#8211; Cori de New-York City (USA), est venue \u00e0 Paris pour un court s\u00e9jour de trois jours. Cori a cependant souhait\u00e9 faire un long tour dans Paris et cela malgr\u00e9 la petite pluie fine que nous avons eue ce matin-l\u00e0. Nous avons donc fait une longue boucle et sillonn\u00e9 Paris depuis l&rsquo;Arc de Triomphe jusqu&rsquo;\u00e0 Notre Dame en passant par la Tour Eiffel. Nous avons plac\u00e9 notre parcours sous le signe de l&rsquo;amiti\u00e9 Franco-Am\u00e9ricaine en d\u00e9butant le tour par la place des Etats-Unis dans le 16\u00e8me arrondissement de Paris. On peut y trouver un monument consacr\u00e9 \u00e0 cette bonne entente. Il rappelle le soutien de la France \u00e0 la toute jeune Am\u00e9rique, une poign\u00e9e de mains entre Lafayette et Washington : Cori &#8211; Place des Etats-Unis Un peu plus tard, nous avons d\u00e9couvert la Tour Eiffel, la t\u00eate dans les nuages : Cori &#8211; Tour Eiffel Avant de longer la Seine, notamment pour croiser le Pont des Arts, nous avons rencontr\u00e9 le mus\u00e9e du Quai Branly : Cori &#8211; Mus\u00e9e du Quai Branly Le mus\u00e9e du Quai Branly, mus\u00e9e des Arts et des Civilisations est tr\u00e8s r\u00e9cent puisqu&rsquo;il a \u00e9t\u00e9 ouvert en 2006. Celles ou ceux qui faisaient la course des 20 km de Paris \u00e0 la fin des ann\u00e9es 1990 se souviennent-ils que l&rsquo;endroit fut pendant quelques ann\u00e9es le lieu de retrait des dossards ? \u00a0 Merci Cori ! Le circuit du tour :\" \/>\n<meta property=\"og:url\" content=\"https:\/\/parisrunningtour.com\/fr\/sous-le-signe-de-lamitie-franco-americaine-avec-cori\/\" \/>\n<meta property=\"og:site_name\" content=\"Paris Running Tours\" \/>\n<meta property=\"article:published_time\" content=\"2012-04-28T05:10:00+00:00\" \/>\n<meta property=\"article:modified_time\" content=\"2017-01-16T15:30:08+00:00\" \/>\n<meta property=\"og:image\" content=\"https:\/\/parisrunningtour.com\/fr\/wp-content\/uploads\/sites\/1\/2012\/04\/PRT2012-04-28_06_PontDesArts.jpg\" \/>\n\t<meta property=\"og:image:width\" content=\"900\" \/>\n\t<meta property=\"og:image:height\" content=\"900\" \/>\n\t<meta property=\"og:image:type\" content=\"image\/jpeg\" \/>\n<meta name=\"author\" content=\"admin\" \/>\n<meta name=\"twitter:card\" content=\"summary_large_image\" \/>\n<meta name=\"twitter:label1\" content=\"\u00c9crit par\" \/>\n\t<meta name=\"twitter:data1\" content=\"admin\" \/>\n\t<meta name=\"twitter:label2\" content=\"Dur\u00e9e de lecture estim\u00e9e\" \/>\n\t<meta name=\"twitter:data2\" content=\"1 minute\" \/>\n<script type=\"application\/ld+json\" class=\"yoast-schema-graph\">{\"@context\":\"https:\\\/\\\/schema.org\",\"@graph\":[{\"@type\":\"Article\",\"@id\":\"https:\\\/\\\/parisrunningtour.com\\\/fr\\\/sous-le-signe-de-lamitie-franco-americaine-avec-cori\\\/#article\",\"isPartOf\":{\"@id\":\"https:\\\/\\\/parisrunningtour.com\\\/fr\\\/sous-le-signe-de-lamitie-franco-americaine-avec-cori\\\/\"},\"author\":{\"name\":\"admin\",\"@id\":\"https:\\\/\\\/parisrunningtour.com\\\/fr\\\/#\\\/schema\\\/person\\\/75f0dc3c395ae2b4e14e29aff8f6a5af\"},\"headline\":\"Sous le signe de l&rsquo;amiti\u00e9 Franco-Am\u00e9ricaine avec Cori\",\"datePublished\":\"2012-04-28T05:10:00+00:00\",\"dateModified\":\"2017-01-16T15:30:08+00:00\",\"mainEntityOfPage\":{\"@id\":\"https:\\\/\\\/parisrunningtour.com\\\/fr\\\/sous-le-signe-de-lamitie-franco-americaine-avec-cori\\\/\"},\"wordCount\":260,\"commentCount\":0,\"publisher\":{\"@id\":\"https:\\\/\\\/parisrunningtour.com\\\/fr\\\/#organization\"},\"image\":{\"@id\":\"https:\\\/\\\/parisrunningtour.com\\\/fr\\\/sous-le-signe-de-lamitie-franco-americaine-avec-cori\\\/#primaryimage\"},\"thumbnailUrl\":\"https:\\\/\\\/parisrunningtour.com\\\/fr\\\/wp-content\\\/uploads\\\/sites\\\/1\\\/2012\\\/04\\\/PRT2012-04-28_06_PontDesArts.jpg\",\"articleSection\":[\"Louvre\",\"Mus\u00e9e du Quai Branly\",\"Place des Etats-Unis\",\"Pont des Arts\",\"Tour Eiffel\"],\"inLanguage\":\"fr-FR\",\"potentialAction\":[{\"@type\":\"CommentAction\",\"name\":\"Comment\",\"target\":[\"https:\\\/\\\/parisrunningtour.com\\\/fr\\\/sous-le-signe-de-lamitie-franco-americaine-avec-cori\\\/#respond\"]}]},{\"@type\":\"WebPage\",\"@id\":\"https:\\\/\\\/parisrunningtour.com\\\/fr\\\/sous-le-signe-de-lamitie-franco-americaine-avec-cori\\\/\",\"url\":\"https:\\\/\\\/parisrunningtour.com\\\/fr\\\/sous-le-signe-de-lamitie-franco-americaine-avec-cori\\\/\",\"name\":\"Sous le signe de l'amiti\u00e9 Franco-Am\u00e9ricaine avec Cori - Paris Running Tours\",\"isPartOf\":{\"@id\":\"https:\\\/\\\/parisrunningtour.com\\\/fr\\\/#website\"},\"primaryImageOfPage\":{\"@id\":\"https:\\\/\\\/parisrunningtour.com\\\/fr\\\/sous-le-signe-de-lamitie-franco-americaine-avec-cori\\\/#primaryimage\"},\"image\":{\"@id\":\"https:\\\/\\\/parisrunningtour.com\\\/fr\\\/sous-le-signe-de-lamitie-franco-americaine-avec-cori\\\/#primaryimage\"},\"thumbnailUrl\":\"https:\\\/\\\/parisrunningtour.com\\\/fr\\\/wp-content\\\/uploads\\\/sites\\\/1\\\/2012\\\/04\\\/PRT2012-04-28_06_PontDesArts.jpg\",\"datePublished\":\"2012-04-28T05:10:00+00:00\",\"dateModified\":\"2017-01-16T15:30:08+00:00\",\"breadcrumb\":{\"@id\":\"https:\\\/\\\/parisrunningtour.com\\\/fr\\\/sous-le-signe-de-lamitie-franco-americaine-avec-cori\\\/#breadcrumb\"},\"inLanguage\":\"fr-FR\",\"potentialAction\":[{\"@type\":\"ReadAction\",\"target\":[\"https:\\\/\\\/parisrunningtour.com\\\/fr\\\/sous-le-signe-de-lamitie-franco-americaine-avec-cori\\\/\"]}]},{\"@type\":\"ImageObject\",\"inLanguage\":\"fr-FR\",\"@id\":\"https:\\\/\\\/parisrunningtour.com\\\/fr\\\/sous-le-signe-de-lamitie-franco-americaine-avec-cori\\\/#primaryimage\",\"url\":\"https:\\\/\\\/parisrunningtour.com\\\/fr\\\/wp-content\\\/uploads\\\/sites\\\/1\\\/2012\\\/04\\\/PRT2012-04-28_06_PontDesArts.jpg\",\"contentUrl\":\"https:\\\/\\\/parisrunningtour.com\\\/fr\\\/wp-content\\\/uploads\\\/sites\\\/1\\\/2012\\\/04\\\/PRT2012-04-28_06_PontDesArts.jpg\",\"width\":900,\"height\":900},{\"@type\":\"BreadcrumbList\",\"@id\":\"https:\\\/\\\/parisrunningtour.com\\\/fr\\\/sous-le-signe-de-lamitie-franco-americaine-avec-cori\\\/#breadcrumb\",\"itemListElement\":[{\"@type\":\"ListItem\",\"position\":1,\"name\":\"Accueil\",\"item\":\"https:\\\/\\\/parisrunningtour.com\\\/fr\\\/\"},{\"@type\":\"ListItem\",\"position\":2,\"name\":\"Sous le signe de l&rsquo;amiti\u00e9 Franco-Am\u00e9ricaine avec Cori\"}]},{\"@type\":\"WebSite\",\"@id\":\"https:\\\/\\\/parisrunningtour.com\\\/fr\\\/#website\",\"url\":\"https:\\\/\\\/parisrunningtour.com\\\/fr\\\/\",\"name\":\"Paris Running Tours\",\"description\":\"D\u00e9couvrir Paris en courant\",\"publisher\":{\"@id\":\"https:\\\/\\\/parisrunningtour.com\\\/fr\\\/#organization\"},\"potentialAction\":[{\"@type\":\"SearchAction\",\"target\":{\"@type\":\"EntryPoint\",\"urlTemplate\":\"https:\\\/\\\/parisrunningtour.com\\\/fr\\\/?s={search_term_string}\"},\"query-input\":{\"@type\":\"PropertyValueSpecification\",\"valueRequired\":true,\"valueName\":\"search_term_string\"}}],\"inLanguage\":\"fr-FR\"},{\"@type\":\"Organization\",\"@id\":\"https:\\\/\\\/parisrunningtour.com\\\/fr\\\/#organization\",\"name\":\"Paris Running Tours\",\"url\":\"https:\\\/\\\/parisrunningtour.com\\\/fr\\\/\",\"logo\":{\"@type\":\"ImageObject\",\"inLanguage\":\"fr-FR\",\"@id\":\"https:\\\/\\\/parisrunningtour.com\\\/fr\\\/#\\\/schema\\\/logo\\\/image\\\/\",\"url\":\"https:\\\/\\\/parisrunningtour.com\\\/fr\\\/wp-content\\\/uploads\\\/sites\\\/1\\\/2016\\\/12\\\/cropped-faviconPRT.png\",\"contentUrl\":\"https:\\\/\\\/parisrunningtour.com\\\/fr\\\/wp-content\\\/uploads\\\/sites\\\/1\\\/2016\\\/12\\\/cropped-faviconPRT.png\",\"width\":512,\"height\":512,\"caption\":\"Paris Running Tours\"},\"image\":{\"@id\":\"https:\\\/\\\/parisrunningtour.com\\\/fr\\\/#\\\/schema\\\/logo\\\/image\\\/\"}},{\"@type\":\"Person\",\"@id\":\"https:\\\/\\\/parisrunningtour.com\\\/fr\\\/#\\\/schema\\\/person\\\/75f0dc3c395ae2b4e14e29aff8f6a5af\",\"name\":\"admin\",\"image\":{\"@type\":\"ImageObject\",\"inLanguage\":\"fr-FR\",\"@id\":\"https:\\\/\\\/secure.gravatar.com\\\/avatar\\\/2980d1c79775d028873614111fac5ea2906175b9eba90c2fe773d875d19902e0?s=96&d=mm&r=g\",\"url\":\"https:\\\/\\\/secure.gravatar.com\\\/avatar\\\/2980d1c79775d028873614111fac5ea2906175b9eba90c2fe773d875d19902e0?s=96&d=mm&r=g\",\"contentUrl\":\"https:\\\/\\\/secure.gravatar.com\\\/avatar\\\/2980d1c79775d028873614111fac5ea2906175b9eba90c2fe773d875d19902e0?s=96&d=mm&r=g\",\"caption\":\"admin\"},\"sameAs\":[\"https:\\\/\\\/www.parisrunningtour.com\"],\"url\":\"https:\\\/\\\/parisrunningtour.com\\\/fr\\\/author\\\/admin\\\/\"}]}<\/script>\n<!-- \/ Yoast SEO plugin. -->","yoast_head_json":{"title":"Sous le signe de l'amiti\u00e9 Franco-Am\u00e9ricaine avec Cori - Paris Running Tours","robots":{"index":"index","follow":"follow","max-snippet":"max-snippet:-1","max-image-preview":"max-image-preview:large","max-video-preview":"max-video-preview:-1"},"canonical":"https:\/\/parisrunningtour.com\/fr\/sous-le-signe-de-lamitie-franco-americaine-avec-cori\/","og_locale":"fr_FR","og_type":"article","og_title":"Sous le signe de l'amiti\u00e9 Franco-Am\u00e9ricaine avec Cori - Paris Running Tours","og_description":"Cori &#8211; Le pont des Arts et le Louvre 7h10 &#8211; Cori de New-York City (USA), est venue \u00e0 Paris pour un court s\u00e9jour de trois jours. Cori a cependant souhait\u00e9 faire un long tour dans Paris et cela malgr\u00e9 la petite pluie fine que nous avons eue ce matin-l\u00e0. Nous avons donc fait une longue boucle et sillonn\u00e9 Paris depuis l&rsquo;Arc de Triomphe jusqu&rsquo;\u00e0 Notre Dame en passant par la Tour Eiffel. Nous avons plac\u00e9 notre parcours sous le signe de l&rsquo;amiti\u00e9 Franco-Am\u00e9ricaine en d\u00e9butant le tour par la place des Etats-Unis dans le 16\u00e8me arrondissement de Paris. On peut y trouver un monument consacr\u00e9 \u00e0 cette bonne entente. Il rappelle le soutien de la France \u00e0 la toute jeune Am\u00e9rique, une poign\u00e9e de mains entre Lafayette et Washington : Cori &#8211; Place des Etats-Unis Un peu plus tard, nous avons d\u00e9couvert la Tour Eiffel, la t\u00eate dans les nuages : Cori &#8211; Tour Eiffel Avant de longer la Seine, notamment pour croiser le Pont des Arts, nous avons rencontr\u00e9 le mus\u00e9e du Quai Branly : Cori &#8211; Mus\u00e9e du Quai Branly Le mus\u00e9e du Quai Branly, mus\u00e9e des Arts et des Civilisations est tr\u00e8s r\u00e9cent puisqu&rsquo;il a \u00e9t\u00e9 ouvert en 2006. Celles ou ceux qui faisaient la course des 20 km de Paris \u00e0 la fin des ann\u00e9es 1990 se souviennent-ils que l&rsquo;endroit fut pendant quelques ann\u00e9es le lieu de retrait des dossards ? \u00a0 Merci Cori ! Le circuit du tour :","og_url":"https:\/\/parisrunningtour.com\/fr\/sous-le-signe-de-lamitie-franco-americaine-avec-cori\/","og_site_name":"Paris Running Tours","article_published_time":"2012-04-28T05:10:00+00:00","article_modified_time":"2017-01-16T15:30:08+00:00","og_image":[{"width":900,"height":900,"url":"https:\/\/parisrunningtour.com\/fr\/wp-content\/uploads\/sites\/1\/2012\/04\/PRT2012-04-28_06_PontDesArts.jpg","type":"image\/jpeg"}],"author":"admin","twitter_card":"summary_large_image","twitter_misc":{"\u00c9crit par":"admin","Dur\u00e9e de lecture estim\u00e9e":"1 minute"},"schema":{"@context":"https:\/\/schema.org","@graph":[{"@type":"Article","@id":"https:\/\/parisrunningtour.com\/fr\/sous-le-signe-de-lamitie-franco-americaine-avec-cori\/#article","isPartOf":{"@id":"https:\/\/parisrunningtour.com\/fr\/sous-le-signe-de-lamitie-franco-americaine-avec-cori\/"},"author":{"name":"admin","@id":"https:\/\/parisrunningtour.com\/fr\/#\/schema\/person\/75f0dc3c395ae2b4e14e29aff8f6a5af"},"headline":"Sous le signe de l&rsquo;amiti\u00e9 Franco-Am\u00e9ricaine avec Cori","datePublished":"2012-04-28T05:10:00+00:00","dateModified":"2017-01-16T15:30:08+00:00","mainEntityOfPage":{"@id":"https:\/\/parisrunningtour.com\/fr\/sous-le-signe-de-lamitie-franco-americaine-avec-cori\/"},"wordCount":260,"commentCount":0,"publisher":{"@id":"https:\/\/parisrunningtour.com\/fr\/#organization"},"image":{"@id":"https:\/\/parisrunningtour.com\/fr\/sous-le-signe-de-lamitie-franco-americaine-avec-cori\/#primaryimage"},"thumbnailUrl":"https:\/\/parisrunningtour.com\/fr\/wp-content\/uploads\/sites\/1\/2012\/04\/PRT2012-04-28_06_PontDesArts.jpg","articleSection":["Louvre","Mus\u00e9e du Quai Branly","Place des Etats-Unis","Pont des Arts","Tour Eiffel"],"inLanguage":"fr-FR","potentialAction":[{"@type":"CommentAction","name":"Comment","target":["https:\/\/parisrunningtour.com\/fr\/sous-le-signe-de-lamitie-franco-americaine-avec-cori\/#respond"]}]},{"@type":"WebPage","@id":"https:\/\/parisrunningtour.com\/fr\/sous-le-signe-de-lamitie-franco-americaine-avec-cori\/","url":"https:\/\/parisrunningtour.com\/fr\/sous-le-signe-de-lamitie-franco-americaine-avec-cori\/","name":"Sous le signe de l'amiti\u00e9 Franco-Am\u00e9ricaine avec Cori - Paris Running Tours","isPartOf":{"@id":"https:\/\/parisrunningtour.com\/fr\/#website"},"primaryImageOfPage":{"@id":"https:\/\/parisrunningtour.com\/fr\/sous-le-signe-de-lamitie-franco-americaine-avec-cori\/#primaryimage"},"image":{"@id":"https:\/\/parisrunningtour.com\/fr\/sous-le-signe-de-lamitie-franco-americaine-avec-cori\/#primaryimage"},"thumbnailUrl":"https:\/\/parisrunningtour.com\/fr\/wp-content\/uploads\/sites\/1\/2012\/04\/PRT2012-04-28_06_PontDesArts.jpg","datePublished":"2012-04-28T05:10:00+00:00","dateModified":"2017-01-16T15:30:08+00:00","breadcrumb":{"@id":"https:\/\/parisrunningtour.com\/fr\/sous-le-signe-de-lamitie-franco-americaine-avec-cori\/#breadcrumb"},"inLanguage":"fr-FR","potentialAction":[{"@type":"ReadAction","target":["https:\/\/parisrunningtour.com\/fr\/sous-le-signe-de-lamitie-franco-americaine-avec-cori\/"]}]},{"@type":"ImageObject","inLanguage":"fr-FR","@id":"https:\/\/parisrunningtour.com\/fr\/sous-le-signe-de-lamitie-franco-americaine-avec-cori\/#primaryimage","url":"https:\/\/parisrunningtour.com\/fr\/wp-content\/uploads\/sites\/1\/2012\/04\/PRT2012-04-28_06_PontDesArts.jpg","contentUrl":"https:\/\/parisrunningtour.com\/fr\/wp-content\/uploads\/sites\/1\/2012\/04\/PRT2012-04-28_06_PontDesArts.jpg","width":900,"height":900},{"@type":"BreadcrumbList","@id":"https:\/\/parisrunningtour.com\/fr\/sous-le-signe-de-lamitie-franco-americaine-avec-cori\/#breadcrumb","itemListElement":[{"@type":"ListItem","position":1,"name":"Accueil","item":"https:\/\/parisrunningtour.com\/fr\/"},{"@type":"ListItem","position":2,"name":"Sous le signe de l&rsquo;amiti\u00e9 Franco-Am\u00e9ricaine avec Cori"}]},{"@type":"WebSite","@id":"https:\/\/parisrunningtour.com\/fr\/#website","url":"https:\/\/parisrunningtour.com\/fr\/","name":"Paris Running Tours","description":"D\u00e9couvrir Paris en courant","publisher":{"@id":"https:\/\/parisrunningtour.com\/fr\/#organization"},"potentialAction":[{"@type":"SearchAction","target":{"@type":"EntryPoint","urlTemplate":"https:\/\/parisrunningtour.com\/fr\/?s={search_term_string}"},"query-input":{"@type":"PropertyValueSpecification","valueRequired":true,"valueName":"search_term_string"}}],"inLanguage":"fr-FR"},{"@type":"Organization","@id":"https:\/\/parisrunningtour.com\/fr\/#organization","name":"Paris Running Tours","url":"https:\/\/parisrunningtour.com\/fr\/","logo":{"@type":"ImageObject","inLanguage":"fr-FR","@id":"https:\/\/parisrunningtour.com\/fr\/#\/schema\/logo\/image\/","url":"https:\/\/parisrunningtour.com\/fr\/wp-content\/uploads\/sites\/1\/2016\/12\/cropped-faviconPRT.png","contentUrl":"https:\/\/parisrunningtour.com\/fr\/wp-content\/uploads\/sites\/1\/2016\/12\/cropped-faviconPRT.png","width":512,"height":512,"caption":"Paris Running Tours"},"image":{"@id":"https:\/\/parisrunningtour.com\/fr\/#\/schema\/logo\/image\/"}},{"@type":"Person","@id":"https:\/\/parisrunningtour.com\/fr\/#\/schema\/person\/75f0dc3c395ae2b4e14e29aff8f6a5af","name":"admin","image":{"@type":"ImageObject","inLanguage":"fr-FR","@id":"https:\/\/secure.gravatar.com\/avatar\/2980d1c79775d028873614111fac5ea2906175b9eba90c2fe773d875d19902e0?s=96&d=mm&r=g","url":"https:\/\/secure.gravatar.com\/avatar\/2980d1c79775d028873614111fac5ea2906175b9eba90c2fe773d875d19902e0?s=96&d=mm&r=g","contentUrl":"https:\/\/secure.gravatar.com\/avatar\/2980d1c79775d028873614111fac5ea2906175b9eba90c2fe773d875d19902e0?s=96&d=mm&r=g","caption":"admin"},"sameAs":["https:\/\/www.parisrunningtour.com"],"url":"https:\/\/parisrunningtour.com\/fr\/author\/admin\/"}]}},"_links":{"self":[{"href":"https:\/\/parisrunningtour.com\/fr\/wp-json\/wp\/v2\/posts\/117","targetHints":{"allow":["GET"]}}],"collection":[{"href":"https:\/\/parisrunningtour.com\/fr\/wp-json\/wp\/v2\/posts"}],"about":[{"href":"https:\/\/parisrunningtour.com\/fr\/wp-json\/wp\/v2\/types\/post"}],"author":[{"embeddable":true,"href":"https:\/\/parisrunningtour.com\/fr\/wp-json\/wp\/v2\/users\/1"}],"replies":[{"embeddable":true,"href":"https:\/\/parisrunningtour.com\/fr\/wp-json\/wp\/v2\/comments?post=117"}],"version-history":[{"count":1,"href":"https:\/\/parisrunningtour.com\/fr\/wp-json\/wp\/v2\/posts\/117\/revisions"}],"predecessor-version":[{"id":1363,"href":"https:\/\/parisrunningtour.com\/fr\/wp-json\/wp\/v2\/posts\/117\/revisions\/1363"}],"wp:featuredmedia":[{"embeddable":true,"href":"https:\/\/parisrunningtour.com\/fr\/wp-json\/wp\/v2\/media\/1362"}],"wp:attachment":[{"href":"https:\/\/parisrunningtour.com\/fr\/wp-json\/wp\/v2\/media?parent=117"}],"wp:term":[{"taxonomy":"category","embeddable":true,"href":"https:\/\/parisrunningtour.com\/fr\/wp-json\/wp\/v2\/categories?post=117"},{"taxonomy":"post_tag","embeddable":true,"href":"https:\/\/parisrunningtour.com\/fr\/wp-json\/wp\/v2\/tags?post=117"}],"curies":[{"name":"wp","href":"https:\/\/api.w.org\/{rel}","templated":true}]}}