{"id":103,"date":"2012-10-30T07:58:00","date_gmt":"2012-10-30T06:58:00","guid":{"rendered":"http:\/\/runningtour.paris\/blog\/2012\/10\/30\/courir-a-paris-au-lever-du-soleil-avec-denise\/"},"modified":"2017-01-16T16:05:13","modified_gmt":"2017-01-16T15:05:13","slug":"courir-a-paris-au-lever-du-soleil-avec-denise","status":"publish","type":"post","link":"https:\/\/parisrunningtour.com\/fr\/courir-a-paris-au-lever-du-soleil-avec-denise\/","title":{"rendered":"Courir \u00e0 Paris au lever du soleil, avec Denise"},"content":{"rendered":"<div style=\"clear: both; text-align: center;\"><\/div>\n<table style=\"margin-left: auto; margin-right: auto; text-align: center;\" cellspacing=\"0\" cellpadding=\"0\" align=\"center\">\n<tbody>\n<tr>\n<td style=\"text-align: center;\"><a style=\"margin-left: auto; margin-right: auto;\" href=\"http:\/\/2.bp.blogspot.com\/-Ofa1qCAt7WE\/UJ0txM1OqKI\/AAAAAAAAAyU\/yIT81ogZ0uU\/s1600\/B2012-10-30_02_QuaiDeLHorloge.jpg\" target=\"_blank\"><img fetchpriority=\"high\" decoding=\"async\" title=\"Cliquer sur l'image pour l'agrandir\" src=\"http:\/\/2.bp.blogspot.com\/-Ofa1qCAt7WE\/UJ0txM1OqKI\/AAAAAAAAAyU\/yIT81ogZ0uU\/s640\/B2012-10-30_02_QuaiDeLHorloge.jpg\" alt=\"\" width=\"640\" height=\"414\" border=\"0\" \/><\/a><\/td>\n<\/tr>\n<tr>\n<td style=\"text-align: center;\"><span style=\"font-family: Trebuchet MS, sans-serif;\">Denise &#8211; Quai de l&rsquo;Horloge<\/span><\/td>\n<\/tr>\n<\/tbody>\n<\/table>\n<p><b style=\"font-family: 'Trebuchet MS', sans-serif;\">6h58 &#8211;<\/b><span style=\"font-family: 'Trebuchet MS', sans-serif;\">\u00a0Avec Denise \u00a0de Porto Allegre (Br\u00e9sil), nous sommes partis courir t\u00f4t. Nous avons profit\u00e9 de la lumi\u00e8re matinale pour admirer les rues et les monuments et voir la ville s&rsquo;\u00e9veiller. Tout en restant pr\u00e8s de la Seine, nous avons visit\u00e9 le centre de Paris en alternant la rive droite et la rive gauche : le Quartier Latin, Saint-Germain des Pr\u00e8s, la place de la Concorde, le Louvre sans oublier l\u2019\u00cele de la Cit\u00e9 (comme en t\u00e9moigne la photo ci-dessus, Quai de l&rsquo;Horloge, au pied de l&rsquo;<a title=\"Cliquer ici pour voir des photos de l'Horloge\" href=\"http:\/\/www.myamazingparis.com\/2012\/09\/conciergerie-first-public-clock.html\" target=\"_blank\">Horloge de la Conciergerie<\/a> r\u00e9cemment r\u00e9nov\u00e9e).<\/span><br \/>\n<span style=\"font-family: 'Trebuchet MS', sans-serif;\"><br \/>\n<\/span><span style=\"font-family: 'Trebuchet MS', sans-serif;\">Nous avons fait un petit d\u00e9tour sur le pont des Arts pour appr\u00e9cier les rayons du soleil se posant sur l&rsquo;Ouest de Paris :<\/span><\/p>\n<div style=\"clear: both; text-align: center;\"><\/div>\n<table style=\"margin-left: auto; margin-right: auto; text-align: center;\" cellspacing=\"0\" cellpadding=\"0\" align=\"center\">\n<tbody>\n<tr>\n<td style=\"text-align: center;\"><a style=\"margin-left: auto; margin-right: auto;\" href=\"http:\/\/3.bp.blogspot.com\/-hejGoye5Ow0\/UJ0uDPrfkWI\/AAAAAAAAAyc\/-XXr1MAAbS8\/s1600\/B2012-10-30_08_PontDesArts.jpg\" target=\"_blank\"><img decoding=\"async\" title=\"Cliquer sur l'image pour l'agrandir\" src=\"http:\/\/3.bp.blogspot.com\/-hejGoye5Ow0\/UJ0uDPrfkWI\/AAAAAAAAAyc\/-XXr1MAAbS8\/s640\/B2012-10-30_08_PontDesArts.jpg\" alt=\"\" width=\"640\" height=\"356\" border=\"0\" \/><\/a><\/td>\n<\/tr>\n<tr>\n<td style=\"text-align: center;\"><span style=\"font-family: Trebuchet MS, sans-serif;\">Denise &#8211; Pont des Arts<\/span><\/td>\n<\/tr>\n<\/tbody>\n<\/table>\n<p><span style=\"font-family: 'Trebuchet MS', sans-serif;\"><br \/>\n<\/span><span style=\"font-family: 'Trebuchet MS', sans-serif;\">Un peu plus tard, c&rsquo;est l&rsquo;Op\u00e9ra Garnier que nous avons trouv\u00e9 tout \u00e9clair\u00e9 par la lumi\u00e8re du jour :<\/span><\/p>\n<table style=\"margin-left: auto; margin-right: auto; text-align: center;\" cellspacing=\"0\" cellpadding=\"0\" align=\"center\">\n<tbody>\n<tr>\n<td style=\"text-align: center;\"><a style=\"margin-left: auto; margin-right: auto;\" href=\"http:\/\/1.bp.blogspot.com\/-M2JpQE-FUKA\/UJ0ujuUq0HI\/AAAAAAAAAys\/8gMbLuo_Za8\/s1600\/B2012-10-30_04_AvenueDeLOpera.jpg\" target=\"_blank\"><img decoding=\"async\" title=\"Cliquer sur l'image pour l'agrandir\" src=\"http:\/\/1.bp.blogspot.com\/-M2JpQE-FUKA\/UJ0ujuUq0HI\/AAAAAAAAAys\/8gMbLuo_Za8\/s640\/B2012-10-30_04_AvenueDeLOpera.jpg\" alt=\"\" width=\"640\" height=\"320\" border=\"0\" \/><\/a><\/td>\n<\/tr>\n<tr>\n<td style=\"text-align: center;\"><span style=\"font-family: Trebuchet MS, sans-serif;\">Denise, avenue de l&rsquo;Op\u00e9ra<\/span><\/td>\n<\/tr>\n<\/tbody>\n<\/table>\n<p><span style=\"font-family: 'Trebuchet MS', sans-serif;\"><br \/>\n<\/span><span style=\"font-family: 'Trebuchet MS', sans-serif;\">L&rsquo;avenue de l&rsquo;Op\u00e9ra, cr\u00e9\u00e9e lors des travaux d&rsquo;Hausmann, avait \u00e9t\u00e9 initialement pr\u00e9vue avec des arbres. Charles Garnier, l&rsquo;architecte, n&rsquo;en voulait pas, il avait souhait\u00e9 que la vue de son Op\u00e9ra soit enti\u00e8rement d\u00e9gag\u00e9e. Sans les arbres, l&rsquo;Op\u00e9ra est effectivement bien visible depuis la place Andr\u00e9 Malraux pr\u00e8s du Louvre.<\/span><span style=\"font-family: 'Trebuchet MS', sans-serif;\">\u00a0<\/span><\/p>\n<table style=\"margin-left: auto; margin-right: auto; text-align: center;\" cellspacing=\"0\" cellpadding=\"0\" align=\"center\">\n<tbody>\n<tr>\n<td style=\"text-align: center;\"><a style=\"margin-left: auto; margin-right: auto;\" href=\"http:\/\/3.bp.blogspot.com\/-qEMNavVHp-w\/UJ0uTkyvCvI\/AAAAAAAAAyk\/oDKYZ-ZVPRI\/s1600\/B2012-10-30_03_SaintGermainLAuxerrois.jpg\" target=\"_blank\"><img loading=\"lazy\" decoding=\"async\" title=\"Cliquer sur l'image pour l'agrandir\" src=\"http:\/\/3.bp.blogspot.com\/-qEMNavVHp-w\/UJ0uTkyvCvI\/AAAAAAAAAyk\/oDKYZ-ZVPRI\/s640\/B2012-10-30_03_SaintGermainLAuxerrois.jpg\" alt=\"\" width=\"640\" height=\"438\" border=\"0\" \/><\/a><\/td>\n<\/tr>\n<tr>\n<td style=\"text-align: center;\"><span style=\"font-family: Trebuchet MS, sans-serif;\">Denise &#8211; La Mairie du 1er arrondissement et l&rsquo;\u00e9glise Saint-Germain-l&rsquo;Auxerrois<\/span><\/td>\n<\/tr>\n<\/tbody>\n<\/table>\n<p><span style=\"font-family: Trebuchet MS, sans-serif;\">Un peu plus loin, nous avons rencontr\u00e9 deux b\u00e2timents. Ils se ressemblent, n&rsquo;est-ce pas ?\u00a0<\/span><br \/>\n<span style=\"font-family: Trebuchet MS, sans-serif;\">S&rsquo;ils ont la m\u00eame architecture, ils ont pourtant des usages bien diff\u00e9rents. L&rsquo;un est un \u00e9difice public : la Mairie du 1er arrondissement et l&rsquo;autre, un \u00e9difice religieux : l&rsquo;\u00e9glise Saint-Germain-l&rsquo;Auxerrois.<\/span><br \/>\n<span style=\"font-family: Trebuchet MS, sans-serif;\">Cet ensemble doit son existence \u00e0 une histoire un peu particuli\u00e8re :<\/span><br \/>\n<span style=\"font-family: 'Trebuchet MS', sans-serif;\">Le 24 ao\u00fbt 1572,\u00a0<\/span><span style=\"font-family: 'Trebuchet MS', sans-serif;\">en pleine guerre de religions,\u00a0<\/span><span style=\"font-family: 'Trebuchet MS', sans-serif;\">les cloches de cette tr\u00e8s ancienne \u00e9glise donn\u00e8rent\u00a0<\/span><span style=\"font-family: 'Trebuchet MS', sans-serif;\">l&rsquo;ordre d&rsquo;\u00e9liminer tous les protestants de Paris. Ce signal fut le d\u00e9but <\/span><span style=\"font-family: 'Trebuchet MS', sans-serif;\">de l&rsquo;horrible massacre de la Saint-Barth\u00e9lemy.<\/span><br \/>\n<span style=\"font-family: Trebuchet MS, sans-serif;\">Au 19\u00e8 si\u00e8cle, des urbanistes firent le<\/span><span style=\"font-family: 'Trebuchet MS', sans-serif;\">\u00a0projet de prolonger vers l&rsquo;Est l&rsquo;axe historique Louvre-Tuileries-Concorde-Champs Elys\u00e9es. Cela entra\u00eenait la destruction de l&rsquo;\u00e9glise.<\/span><br \/>\n<a style=\"clear: right; float: right; margin-bottom: 1em; margin-left: 1em;\" href=\"http:\/\/4.bp.blogspot.com\/-kNaS1XNsJlk\/UJ6FIPirLjI\/AAAAAAAAAzw\/VrCCuMHyCq0\/s1600\/HuilierEt2burettes.jpg\" target=\"_blank\"><img loading=\"lazy\" decoding=\"async\" src=\"http:\/\/4.bp.blogspot.com\/-kNaS1XNsJlk\/UJ6FIPirLjI\/AAAAAAAAAzw\/VrCCuMHyCq0\/s200\/HuilierEt2burettes.jpg\" width=\"155\" height=\"129\" border=\"0\" \/><\/a><span style=\"font-family: Trebuchet MS, sans-serif;\">Le baron Haussman, responsable des grands travaux parisiens, refusa.<br \/>\nEn effet, comme il \u00e9tait protestant, il ne souhaitait pas que l&rsquo;on puisse\u00a0interpr\u00e9ter la destruction de l&rsquo;\u00e9glise comme une vengeance personnelle.\u00a0<\/span><br \/>\n<span style=\"font-family: Trebuchet MS, sans-serif;\">Il demanda aussi la construction d&rsquo;une mairie, similaire en tout point \u00e0 l&rsquo;\u00e9glise, par souci d&rsquo;harmonie. Il fit dresser entre les deux b\u00e2timents une tour-clocher pour bien s\u00e9parer la \u00ab\u00a0religion\u00a0\u00bb de la \u00ab\u00a0r\u00e9publique\u00a0\u00bb.<\/span><br \/>\n<span style=\"font-family: Trebuchet MS, sans-serif;\">Les Parisiens, moqueurs appel\u00e8rent l&rsquo;ensemble \u00ab\u00a0L&rsquo;huilier et ses deux burettes\u00a0\u00bb.<\/span><br \/>\n<span style=\"font-family: Trebuchet MS, sans-serif;\"><br \/>\n<\/span><span style=\"font-family: Trebuchet MS, sans-serif;\">Nous avons fini notre course en passant par l&rsquo;\u00cele de la cit\u00e9 et le quartier Latin.<\/span><br \/>\n<span style=\"font-family: Trebuchet MS, sans-serif;\">Pr\u00e8s de 11 km, sportifs et instructifs !<\/span><\/p>\n<p><span style=\"font-family: 'Trebuchet MS', sans-serif;\">Merci\u00a0Denise !<\/span><br \/>\n<span style=\"font-family: 'Trebuchet MS', sans-serif;\"><br \/>\n<\/span><b style=\"font-family: 'Trebuchet MS', sans-serif;\">Le circuit du tour :<\/b><\/p>\n<div>\n<div style=\"clear: both; text-align: center;\"><a style=\"clear: left; float: left; margin-bottom: 1em; margin-right: 1em;\" href=\"http:\/\/4.bp.blogspot.com\/-lxsQF6ZqImA\/UJ068aMthQI\/AAAAAAAAAzI\/4Evd5kTiLvI\/s1600\/Paris+Running+Tour+-+Running+30-10-2012.jpg\" target=\"_blank\"><img loading=\"lazy\" decoding=\"async\" title=\"Cliquer sur l'image pour l'agrandir\" src=\"http:\/\/4.bp.blogspot.com\/-lxsQF6ZqImA\/UJ068aMthQI\/AAAAAAAAAzI\/4Evd5kTiLvI\/s640\/Paris+Running+Tour+-+Running+30-10-2012.jpg\" alt=\"\" width=\"640\" height=\"526\" border=\"0\" \/><\/a><\/div>\n<div style=\"clear: both; text-align: center;\"><\/div>\n<\/div>\n","protected":false},"excerpt":{"rendered":"<p>Denise &#8211; Quai de l&rsquo;Horloge 6h58 &#8211;\u00a0Avec Denise \u00a0de Porto Allegre (Br\u00e9sil), nous sommes partis courir t\u00f4t. Nous avons profit\u00e9 de la lumi\u00e8re matinale pour admirer les rues et les monuments et voir la ville s&rsquo;\u00e9veiller. Tout en restant pr\u00e8s de la Seine, nous avons visit\u00e9 le centre de Paris en alternant la rive droite et la rive gauche : le Quartier Latin, Saint-Germain des Pr\u00e8s, la place de la Concorde, le Louvre sans oublier l\u2019\u00cele de la Cit\u00e9 (comme en t\u00e9moigne la photo ci-dessus, Quai de l&rsquo;Horloge, au pied de l&rsquo;Horloge de la Conciergerie r\u00e9cemment r\u00e9nov\u00e9e). Nous avons fait un petit d\u00e9tour sur le pont des Arts pour appr\u00e9cier les rayons du soleil se posant sur l&rsquo;Ouest de Paris : Denise &#8211; Pont des Arts Un peu plus tard, c&rsquo;est l&rsquo;Op\u00e9ra Garnier que nous avons trouv\u00e9 tout \u00e9clair\u00e9 par la lumi\u00e8re du jour : Denise, avenue de l&rsquo;Op\u00e9ra L&rsquo;avenue de l&rsquo;Op\u00e9ra, cr\u00e9\u00e9e lors des travaux d&rsquo;Hausmann, avait \u00e9t\u00e9 initialement pr\u00e9vue avec des arbres. Charles Garnier, l&rsquo;architecte, n&rsquo;en voulait pas, il avait souhait\u00e9 que la vue de son Op\u00e9ra soit enti\u00e8rement d\u00e9gag\u00e9e. Sans les arbres, l&rsquo;Op\u00e9ra est effectivement bien visible depuis la place Andr\u00e9 Malraux pr\u00e8s du Louvre.\u00a0 Denise &#8211; La Mairie du 1er arrondissement et l&rsquo;\u00e9glise Saint-Germain-l&rsquo;Auxerrois Un peu plus loin, nous avons rencontr\u00e9 deux b\u00e2timents. Ils se ressemblent, n&rsquo;est-ce pas ?\u00a0 S&rsquo;ils ont la m\u00eame architecture, ils ont pourtant des usages bien diff\u00e9rents. L&rsquo;un est un \u00e9difice public : la Mairie du 1er arrondissement et l&rsquo;autre, un \u00e9difice religieux : l&rsquo;\u00e9glise Saint-Germain-l&rsquo;Auxerrois. Cet ensemble doit son existence \u00e0 une histoire un peu particuli\u00e8re : Le 24 ao\u00fbt 1572,\u00a0en pleine guerre de religions,\u00a0les cloches de cette tr\u00e8s ancienne \u00e9glise donn\u00e8rent\u00a0l&rsquo;ordre d&rsquo;\u00e9liminer tous les protestants de Paris. Ce signal fut le d\u00e9but de l&rsquo;horrible massacre de la Saint-Barth\u00e9lemy. Au 19\u00e8 si\u00e8cle, des urbanistes firent le\u00a0projet de prolonger vers l&rsquo;Est l&rsquo;axe historique Louvre-Tuileries-Concorde-Champs Elys\u00e9es. Cela entra\u00eenait la destruction de l&rsquo;\u00e9glise. Le baron Haussman, responsable des grands travaux parisiens, refusa. En effet, comme il \u00e9tait protestant, il ne souhaitait pas que l&rsquo;on puisse\u00a0interpr\u00e9ter la destruction de l&rsquo;\u00e9glise comme une vengeance personnelle.\u00a0 Il demanda aussi la construction d&rsquo;une mairie, similaire en tout point \u00e0 l&rsquo;\u00e9glise, par souci d&rsquo;harmonie. Il fit dresser entre les deux b\u00e2timents une tour-clocher pour bien s\u00e9parer la \u00ab\u00a0religion\u00a0\u00bb de la \u00ab\u00a0r\u00e9publique\u00a0\u00bb. Les Parisiens, moqueurs appel\u00e8rent l&rsquo;ensemble \u00ab\u00a0L&rsquo;huilier et ses deux burettes\u00a0\u00bb. Nous avons fini notre course en passant par l&rsquo;\u00cele de la cit\u00e9 et le quartier Latin. Pr\u00e8s de 11 km, sportifs et instructifs ! Merci\u00a0Denise ! Le circuit du tour :<\/p>\n","protected":false},"author":1,"featured_media":1333,"comment_status":"open","ping_status":"open","sticky":false,"template":"","format":"standard","meta":{"footnotes":""},"categories":[37,13,58,15,91],"tags":[],"class_list":["post-103","post","type-post","status-publish","format-standard","has-post-thumbnail","hentry","category-conciergerie","category-louvre","category-opera-garnier","category-pont-des-arts","category-saint-germain-lauxerrois-eglise"],"yoast_head":"<!-- This site is optimized with the Yoast SEO plugin v27.5 - https:\/\/yoast.com\/product\/yoast-seo-wordpress\/ -->\n<title>Courir \u00e0 Paris au lever du soleil, avec Denise - Paris Running Tours<\/title>\n<meta name=\"robots\" content=\"index, follow, max-snippet:-1, max-image-preview:large, max-video-preview:-1\" \/>\n<link rel=\"canonical\" href=\"https:\/\/parisrunningtour.com\/fr\/courir-a-paris-au-lever-du-soleil-avec-denise\/\" \/>\n<meta property=\"og:locale\" content=\"fr_FR\" \/>\n<meta property=\"og:type\" content=\"article\" \/>\n<meta property=\"og:title\" content=\"Courir \u00e0 Paris au lever du soleil, avec Denise - Paris Running Tours\" \/>\n<meta property=\"og:description\" content=\"Denise &#8211; Quai de l&rsquo;Horloge 6h58 &#8211;\u00a0Avec Denise \u00a0de Porto Allegre (Br\u00e9sil), nous sommes partis courir t\u00f4t. Nous avons profit\u00e9 de la lumi\u00e8re matinale pour admirer les rues et les monuments et voir la ville s&rsquo;\u00e9veiller. Tout en restant pr\u00e8s de la Seine, nous avons visit\u00e9 le centre de Paris en alternant la rive droite et la rive gauche : le Quartier Latin, Saint-Germain des Pr\u00e8s, la place de la Concorde, le Louvre sans oublier l\u2019\u00cele de la Cit\u00e9 (comme en t\u00e9moigne la photo ci-dessus, Quai de l&rsquo;Horloge, au pied de l&rsquo;Horloge de la Conciergerie r\u00e9cemment r\u00e9nov\u00e9e). Nous avons fait un petit d\u00e9tour sur le pont des Arts pour appr\u00e9cier les rayons du soleil se posant sur l&rsquo;Ouest de Paris : Denise &#8211; Pont des Arts Un peu plus tard, c&rsquo;est l&rsquo;Op\u00e9ra Garnier que nous avons trouv\u00e9 tout \u00e9clair\u00e9 par la lumi\u00e8re du jour : Denise, avenue de l&rsquo;Op\u00e9ra L&rsquo;avenue de l&rsquo;Op\u00e9ra, cr\u00e9\u00e9e lors des travaux d&rsquo;Hausmann, avait \u00e9t\u00e9 initialement pr\u00e9vue avec des arbres. Charles Garnier, l&rsquo;architecte, n&rsquo;en voulait pas, il avait souhait\u00e9 que la vue de son Op\u00e9ra soit enti\u00e8rement d\u00e9gag\u00e9e. Sans les arbres, l&rsquo;Op\u00e9ra est effectivement bien visible depuis la place Andr\u00e9 Malraux pr\u00e8s du Louvre.\u00a0 Denise &#8211; La Mairie du 1er arrondissement et l&rsquo;\u00e9glise Saint-Germain-l&rsquo;Auxerrois Un peu plus loin, nous avons rencontr\u00e9 deux b\u00e2timents. Ils se ressemblent, n&rsquo;est-ce pas ?\u00a0 S&rsquo;ils ont la m\u00eame architecture, ils ont pourtant des usages bien diff\u00e9rents. L&rsquo;un est un \u00e9difice public : la Mairie du 1er arrondissement et l&rsquo;autre, un \u00e9difice religieux : l&rsquo;\u00e9glise Saint-Germain-l&rsquo;Auxerrois. Cet ensemble doit son existence \u00e0 une histoire un peu particuli\u00e8re : Le 24 ao\u00fbt 1572,\u00a0en pleine guerre de religions,\u00a0les cloches de cette tr\u00e8s ancienne \u00e9glise donn\u00e8rent\u00a0l&rsquo;ordre d&rsquo;\u00e9liminer tous les protestants de Paris. Ce signal fut le d\u00e9but de l&rsquo;horrible massacre de la Saint-Barth\u00e9lemy. Au 19\u00e8 si\u00e8cle, des urbanistes firent le\u00a0projet de prolonger vers l&rsquo;Est l&rsquo;axe historique Louvre-Tuileries-Concorde-Champs Elys\u00e9es. Cela entra\u00eenait la destruction de l&rsquo;\u00e9glise. Le baron Haussman, responsable des grands travaux parisiens, refusa. En effet, comme il \u00e9tait protestant, il ne souhaitait pas que l&rsquo;on puisse\u00a0interpr\u00e9ter la destruction de l&rsquo;\u00e9glise comme une vengeance personnelle.\u00a0 Il demanda aussi la construction d&rsquo;une mairie, similaire en tout point \u00e0 l&rsquo;\u00e9glise, par souci d&rsquo;harmonie. Il fit dresser entre les deux b\u00e2timents une tour-clocher pour bien s\u00e9parer la \u00ab\u00a0religion\u00a0\u00bb de la \u00ab\u00a0r\u00e9publique\u00a0\u00bb. Les Parisiens, moqueurs appel\u00e8rent l&rsquo;ensemble \u00ab\u00a0L&rsquo;huilier et ses deux burettes\u00a0\u00bb. Nous avons fini notre course en passant par l&rsquo;\u00cele de la cit\u00e9 et le quartier Latin. Pr\u00e8s de 11 km, sportifs et instructifs ! Merci\u00a0Denise ! Le circuit du tour :\" \/>\n<meta property=\"og:url\" content=\"https:\/\/parisrunningtour.com\/fr\/courir-a-paris-au-lever-du-soleil-avec-denise\/\" \/>\n<meta property=\"og:site_name\" content=\"Paris Running Tours\" \/>\n<meta property=\"article:published_time\" content=\"2012-10-30T06:58:00+00:00\" \/>\n<meta property=\"article:modified_time\" content=\"2017-01-16T15:05:13+00:00\" \/>\n<meta property=\"og:image\" content=\"https:\/\/parisrunningtour.com\/fr\/wp-content\/uploads\/sites\/1\/2012\/10\/PRT2012-10-30_02_QuaiDeLHorloge.jpg\" \/>\n\t<meta property=\"og:image:width\" content=\"1083\" \/>\n\t<meta property=\"og:image:height\" content=\"1083\" \/>\n\t<meta property=\"og:image:type\" content=\"image\/jpeg\" \/>\n<meta name=\"author\" content=\"admin\" \/>\n<meta name=\"twitter:card\" content=\"summary_large_image\" \/>\n<meta name=\"twitter:label1\" content=\"\u00c9crit par\" \/>\n\t<meta name=\"twitter:data1\" content=\"admin\" \/>\n\t<meta name=\"twitter:label2\" content=\"Dur\u00e9e de lecture estim\u00e9e\" \/>\n\t<meta name=\"twitter:data2\" content=\"2 minutes\" \/>\n<script type=\"application\/ld+json\" class=\"yoast-schema-graph\">{\"@context\":\"https:\\\/\\\/schema.org\",\"@graph\":[{\"@type\":\"Article\",\"@id\":\"https:\\\/\\\/parisrunningtour.com\\\/fr\\\/courir-a-paris-au-lever-du-soleil-avec-denise\\\/#article\",\"isPartOf\":{\"@id\":\"https:\\\/\\\/parisrunningtour.com\\\/fr\\\/courir-a-paris-au-lever-du-soleil-avec-denise\\\/\"},\"author\":{\"name\":\"admin\",\"@id\":\"https:\\\/\\\/parisrunningtour.com\\\/fr\\\/#\\\/schema\\\/person\\\/75f0dc3c395ae2b4e14e29aff8f6a5af\"},\"headline\":\"Courir \u00e0 Paris au lever du soleil, avec Denise\",\"datePublished\":\"2012-10-30T06:58:00+00:00\",\"dateModified\":\"2017-01-16T15:05:13+00:00\",\"mainEntityOfPage\":{\"@id\":\"https:\\\/\\\/parisrunningtour.com\\\/fr\\\/courir-a-paris-au-lever-du-soleil-avec-denise\\\/\"},\"wordCount\":500,\"commentCount\":0,\"publisher\":{\"@id\":\"https:\\\/\\\/parisrunningtour.com\\\/fr\\\/#organization\"},\"image\":{\"@id\":\"https:\\\/\\\/parisrunningtour.com\\\/fr\\\/courir-a-paris-au-lever-du-soleil-avec-denise\\\/#primaryimage\"},\"thumbnailUrl\":\"https:\\\/\\\/parisrunningtour.com\\\/fr\\\/wp-content\\\/uploads\\\/sites\\\/1\\\/2012\\\/10\\\/PRT2012-10-30_02_QuaiDeLHorloge.jpg\",\"articleSection\":[\"Conciergerie\",\"Louvre\",\"Op\u00e9ra Garnier\",\"Pont des Arts\",\"Saint-Germain L'Auxerrois (Eglise)\"],\"inLanguage\":\"fr-FR\",\"potentialAction\":[{\"@type\":\"CommentAction\",\"name\":\"Comment\",\"target\":[\"https:\\\/\\\/parisrunningtour.com\\\/fr\\\/courir-a-paris-au-lever-du-soleil-avec-denise\\\/#respond\"]}]},{\"@type\":\"WebPage\",\"@id\":\"https:\\\/\\\/parisrunningtour.com\\\/fr\\\/courir-a-paris-au-lever-du-soleil-avec-denise\\\/\",\"url\":\"https:\\\/\\\/parisrunningtour.com\\\/fr\\\/courir-a-paris-au-lever-du-soleil-avec-denise\\\/\",\"name\":\"Courir \u00e0 Paris au lever du soleil, avec Denise - Paris Running Tours\",\"isPartOf\":{\"@id\":\"https:\\\/\\\/parisrunningtour.com\\\/fr\\\/#website\"},\"primaryImageOfPage\":{\"@id\":\"https:\\\/\\\/parisrunningtour.com\\\/fr\\\/courir-a-paris-au-lever-du-soleil-avec-denise\\\/#primaryimage\"},\"image\":{\"@id\":\"https:\\\/\\\/parisrunningtour.com\\\/fr\\\/courir-a-paris-au-lever-du-soleil-avec-denise\\\/#primaryimage\"},\"thumbnailUrl\":\"https:\\\/\\\/parisrunningtour.com\\\/fr\\\/wp-content\\\/uploads\\\/sites\\\/1\\\/2012\\\/10\\\/PRT2012-10-30_02_QuaiDeLHorloge.jpg\",\"datePublished\":\"2012-10-30T06:58:00+00:00\",\"dateModified\":\"2017-01-16T15:05:13+00:00\",\"breadcrumb\":{\"@id\":\"https:\\\/\\\/parisrunningtour.com\\\/fr\\\/courir-a-paris-au-lever-du-soleil-avec-denise\\\/#breadcrumb\"},\"inLanguage\":\"fr-FR\",\"potentialAction\":[{\"@type\":\"ReadAction\",\"target\":[\"https:\\\/\\\/parisrunningtour.com\\\/fr\\\/courir-a-paris-au-lever-du-soleil-avec-denise\\\/\"]}]},{\"@type\":\"ImageObject\",\"inLanguage\":\"fr-FR\",\"@id\":\"https:\\\/\\\/parisrunningtour.com\\\/fr\\\/courir-a-paris-au-lever-du-soleil-avec-denise\\\/#primaryimage\",\"url\":\"https:\\\/\\\/parisrunningtour.com\\\/fr\\\/wp-content\\\/uploads\\\/sites\\\/1\\\/2012\\\/10\\\/PRT2012-10-30_02_QuaiDeLHorloge.jpg\",\"contentUrl\":\"https:\\\/\\\/parisrunningtour.com\\\/fr\\\/wp-content\\\/uploads\\\/sites\\\/1\\\/2012\\\/10\\\/PRT2012-10-30_02_QuaiDeLHorloge.jpg\",\"width\":1083,\"height\":1083},{\"@type\":\"BreadcrumbList\",\"@id\":\"https:\\\/\\\/parisrunningtour.com\\\/fr\\\/courir-a-paris-au-lever-du-soleil-avec-denise\\\/#breadcrumb\",\"itemListElement\":[{\"@type\":\"ListItem\",\"position\":1,\"name\":\"Accueil\",\"item\":\"https:\\\/\\\/parisrunningtour.com\\\/fr\\\/\"},{\"@type\":\"ListItem\",\"position\":2,\"name\":\"Courir \u00e0 Paris au lever du soleil, avec Denise\"}]},{\"@type\":\"WebSite\",\"@id\":\"https:\\\/\\\/parisrunningtour.com\\\/fr\\\/#website\",\"url\":\"https:\\\/\\\/parisrunningtour.com\\\/fr\\\/\",\"name\":\"Paris Running Tours\",\"description\":\"D\u00e9couvrir Paris en courant\",\"publisher\":{\"@id\":\"https:\\\/\\\/parisrunningtour.com\\\/fr\\\/#organization\"},\"potentialAction\":[{\"@type\":\"SearchAction\",\"target\":{\"@type\":\"EntryPoint\",\"urlTemplate\":\"https:\\\/\\\/parisrunningtour.com\\\/fr\\\/?s={search_term_string}\"},\"query-input\":{\"@type\":\"PropertyValueSpecification\",\"valueRequired\":true,\"valueName\":\"search_term_string\"}}],\"inLanguage\":\"fr-FR\"},{\"@type\":\"Organization\",\"@id\":\"https:\\\/\\\/parisrunningtour.com\\\/fr\\\/#organization\",\"name\":\"Paris Running Tours\",\"url\":\"https:\\\/\\\/parisrunningtour.com\\\/fr\\\/\",\"logo\":{\"@type\":\"ImageObject\",\"inLanguage\":\"fr-FR\",\"@id\":\"https:\\\/\\\/parisrunningtour.com\\\/fr\\\/#\\\/schema\\\/logo\\\/image\\\/\",\"url\":\"https:\\\/\\\/parisrunningtour.com\\\/fr\\\/wp-content\\\/uploads\\\/sites\\\/1\\\/2016\\\/12\\\/cropped-faviconPRT.png\",\"contentUrl\":\"https:\\\/\\\/parisrunningtour.com\\\/fr\\\/wp-content\\\/uploads\\\/sites\\\/1\\\/2016\\\/12\\\/cropped-faviconPRT.png\",\"width\":512,\"height\":512,\"caption\":\"Paris Running Tours\"},\"image\":{\"@id\":\"https:\\\/\\\/parisrunningtour.com\\\/fr\\\/#\\\/schema\\\/logo\\\/image\\\/\"}},{\"@type\":\"Person\",\"@id\":\"https:\\\/\\\/parisrunningtour.com\\\/fr\\\/#\\\/schema\\\/person\\\/75f0dc3c395ae2b4e14e29aff8f6a5af\",\"name\":\"admin\",\"image\":{\"@type\":\"ImageObject\",\"inLanguage\":\"fr-FR\",\"@id\":\"https:\\\/\\\/secure.gravatar.com\\\/avatar\\\/2980d1c79775d028873614111fac5ea2906175b9eba90c2fe773d875d19902e0?s=96&d=mm&r=g\",\"url\":\"https:\\\/\\\/secure.gravatar.com\\\/avatar\\\/2980d1c79775d028873614111fac5ea2906175b9eba90c2fe773d875d19902e0?s=96&d=mm&r=g\",\"contentUrl\":\"https:\\\/\\\/secure.gravatar.com\\\/avatar\\\/2980d1c79775d028873614111fac5ea2906175b9eba90c2fe773d875d19902e0?s=96&d=mm&r=g\",\"caption\":\"admin\"},\"sameAs\":[\"https:\\\/\\\/www.parisrunningtour.com\"],\"url\":\"https:\\\/\\\/parisrunningtour.com\\\/fr\\\/author\\\/admin\\\/\"}]}<\/script>\n<!-- \/ Yoast SEO plugin. -->","yoast_head_json":{"title":"Courir \u00e0 Paris au lever du soleil, avec Denise - Paris Running Tours","robots":{"index":"index","follow":"follow","max-snippet":"max-snippet:-1","max-image-preview":"max-image-preview:large","max-video-preview":"max-video-preview:-1"},"canonical":"https:\/\/parisrunningtour.com\/fr\/courir-a-paris-au-lever-du-soleil-avec-denise\/","og_locale":"fr_FR","og_type":"article","og_title":"Courir \u00e0 Paris au lever du soleil, avec Denise - Paris Running Tours","og_description":"Denise &#8211; Quai de l&rsquo;Horloge 6h58 &#8211;\u00a0Avec Denise \u00a0de Porto Allegre (Br\u00e9sil), nous sommes partis courir t\u00f4t. Nous avons profit\u00e9 de la lumi\u00e8re matinale pour admirer les rues et les monuments et voir la ville s&rsquo;\u00e9veiller. Tout en restant pr\u00e8s de la Seine, nous avons visit\u00e9 le centre de Paris en alternant la rive droite et la rive gauche : le Quartier Latin, Saint-Germain des Pr\u00e8s, la place de la Concorde, le Louvre sans oublier l\u2019\u00cele de la Cit\u00e9 (comme en t\u00e9moigne la photo ci-dessus, Quai de l&rsquo;Horloge, au pied de l&rsquo;Horloge de la Conciergerie r\u00e9cemment r\u00e9nov\u00e9e). Nous avons fait un petit d\u00e9tour sur le pont des Arts pour appr\u00e9cier les rayons du soleil se posant sur l&rsquo;Ouest de Paris : Denise &#8211; Pont des Arts Un peu plus tard, c&rsquo;est l&rsquo;Op\u00e9ra Garnier que nous avons trouv\u00e9 tout \u00e9clair\u00e9 par la lumi\u00e8re du jour : Denise, avenue de l&rsquo;Op\u00e9ra L&rsquo;avenue de l&rsquo;Op\u00e9ra, cr\u00e9\u00e9e lors des travaux d&rsquo;Hausmann, avait \u00e9t\u00e9 initialement pr\u00e9vue avec des arbres. Charles Garnier, l&rsquo;architecte, n&rsquo;en voulait pas, il avait souhait\u00e9 que la vue de son Op\u00e9ra soit enti\u00e8rement d\u00e9gag\u00e9e. Sans les arbres, l&rsquo;Op\u00e9ra est effectivement bien visible depuis la place Andr\u00e9 Malraux pr\u00e8s du Louvre.\u00a0 Denise &#8211; La Mairie du 1er arrondissement et l&rsquo;\u00e9glise Saint-Germain-l&rsquo;Auxerrois Un peu plus loin, nous avons rencontr\u00e9 deux b\u00e2timents. Ils se ressemblent, n&rsquo;est-ce pas ?\u00a0 S&rsquo;ils ont la m\u00eame architecture, ils ont pourtant des usages bien diff\u00e9rents. L&rsquo;un est un \u00e9difice public : la Mairie du 1er arrondissement et l&rsquo;autre, un \u00e9difice religieux : l&rsquo;\u00e9glise Saint-Germain-l&rsquo;Auxerrois. Cet ensemble doit son existence \u00e0 une histoire un peu particuli\u00e8re : Le 24 ao\u00fbt 1572,\u00a0en pleine guerre de religions,\u00a0les cloches de cette tr\u00e8s ancienne \u00e9glise donn\u00e8rent\u00a0l&rsquo;ordre d&rsquo;\u00e9liminer tous les protestants de Paris. Ce signal fut le d\u00e9but de l&rsquo;horrible massacre de la Saint-Barth\u00e9lemy. Au 19\u00e8 si\u00e8cle, des urbanistes firent le\u00a0projet de prolonger vers l&rsquo;Est l&rsquo;axe historique Louvre-Tuileries-Concorde-Champs Elys\u00e9es. Cela entra\u00eenait la destruction de l&rsquo;\u00e9glise. Le baron Haussman, responsable des grands travaux parisiens, refusa. En effet, comme il \u00e9tait protestant, il ne souhaitait pas que l&rsquo;on puisse\u00a0interpr\u00e9ter la destruction de l&rsquo;\u00e9glise comme une vengeance personnelle.\u00a0 Il demanda aussi la construction d&rsquo;une mairie, similaire en tout point \u00e0 l&rsquo;\u00e9glise, par souci d&rsquo;harmonie. Il fit dresser entre les deux b\u00e2timents une tour-clocher pour bien s\u00e9parer la \u00ab\u00a0religion\u00a0\u00bb de la \u00ab\u00a0r\u00e9publique\u00a0\u00bb. Les Parisiens, moqueurs appel\u00e8rent l&rsquo;ensemble \u00ab\u00a0L&rsquo;huilier et ses deux burettes\u00a0\u00bb. Nous avons fini notre course en passant par l&rsquo;\u00cele de la cit\u00e9 et le quartier Latin. Pr\u00e8s de 11 km, sportifs et instructifs ! Merci\u00a0Denise ! Le circuit du tour :","og_url":"https:\/\/parisrunningtour.com\/fr\/courir-a-paris-au-lever-du-soleil-avec-denise\/","og_site_name":"Paris Running Tours","article_published_time":"2012-10-30T06:58:00+00:00","article_modified_time":"2017-01-16T15:05:13+00:00","og_image":[{"width":1083,"height":1083,"url":"https:\/\/parisrunningtour.com\/fr\/wp-content\/uploads\/sites\/1\/2012\/10\/PRT2012-10-30_02_QuaiDeLHorloge.jpg","type":"image\/jpeg"}],"author":"admin","twitter_card":"summary_large_image","twitter_misc":{"\u00c9crit par":"admin","Dur\u00e9e de lecture estim\u00e9e":"2 minutes"},"schema":{"@context":"https:\/\/schema.org","@graph":[{"@type":"Article","@id":"https:\/\/parisrunningtour.com\/fr\/courir-a-paris-au-lever-du-soleil-avec-denise\/#article","isPartOf":{"@id":"https:\/\/parisrunningtour.com\/fr\/courir-a-paris-au-lever-du-soleil-avec-denise\/"},"author":{"name":"admin","@id":"https:\/\/parisrunningtour.com\/fr\/#\/schema\/person\/75f0dc3c395ae2b4e14e29aff8f6a5af"},"headline":"Courir \u00e0 Paris au lever du soleil, avec Denise","datePublished":"2012-10-30T06:58:00+00:00","dateModified":"2017-01-16T15:05:13+00:00","mainEntityOfPage":{"@id":"https:\/\/parisrunningtour.com\/fr\/courir-a-paris-au-lever-du-soleil-avec-denise\/"},"wordCount":500,"commentCount":0,"publisher":{"@id":"https:\/\/parisrunningtour.com\/fr\/#organization"},"image":{"@id":"https:\/\/parisrunningtour.com\/fr\/courir-a-paris-au-lever-du-soleil-avec-denise\/#primaryimage"},"thumbnailUrl":"https:\/\/parisrunningtour.com\/fr\/wp-content\/uploads\/sites\/1\/2012\/10\/PRT2012-10-30_02_QuaiDeLHorloge.jpg","articleSection":["Conciergerie","Louvre","Op\u00e9ra Garnier","Pont des Arts","Saint-Germain L'Auxerrois (Eglise)"],"inLanguage":"fr-FR","potentialAction":[{"@type":"CommentAction","name":"Comment","target":["https:\/\/parisrunningtour.com\/fr\/courir-a-paris-au-lever-du-soleil-avec-denise\/#respond"]}]},{"@type":"WebPage","@id":"https:\/\/parisrunningtour.com\/fr\/courir-a-paris-au-lever-du-soleil-avec-denise\/","url":"https:\/\/parisrunningtour.com\/fr\/courir-a-paris-au-lever-du-soleil-avec-denise\/","name":"Courir \u00e0 Paris au lever du soleil, avec Denise - Paris Running Tours","isPartOf":{"@id":"https:\/\/parisrunningtour.com\/fr\/#website"},"primaryImageOfPage":{"@id":"https:\/\/parisrunningtour.com\/fr\/courir-a-paris-au-lever-du-soleil-avec-denise\/#primaryimage"},"image":{"@id":"https:\/\/parisrunningtour.com\/fr\/courir-a-paris-au-lever-du-soleil-avec-denise\/#primaryimage"},"thumbnailUrl":"https:\/\/parisrunningtour.com\/fr\/wp-content\/uploads\/sites\/1\/2012\/10\/PRT2012-10-30_02_QuaiDeLHorloge.jpg","datePublished":"2012-10-30T06:58:00+00:00","dateModified":"2017-01-16T15:05:13+00:00","breadcrumb":{"@id":"https:\/\/parisrunningtour.com\/fr\/courir-a-paris-au-lever-du-soleil-avec-denise\/#breadcrumb"},"inLanguage":"fr-FR","potentialAction":[{"@type":"ReadAction","target":["https:\/\/parisrunningtour.com\/fr\/courir-a-paris-au-lever-du-soleil-avec-denise\/"]}]},{"@type":"ImageObject","inLanguage":"fr-FR","@id":"https:\/\/parisrunningtour.com\/fr\/courir-a-paris-au-lever-du-soleil-avec-denise\/#primaryimage","url":"https:\/\/parisrunningtour.com\/fr\/wp-content\/uploads\/sites\/1\/2012\/10\/PRT2012-10-30_02_QuaiDeLHorloge.jpg","contentUrl":"https:\/\/parisrunningtour.com\/fr\/wp-content\/uploads\/sites\/1\/2012\/10\/PRT2012-10-30_02_QuaiDeLHorloge.jpg","width":1083,"height":1083},{"@type":"BreadcrumbList","@id":"https:\/\/parisrunningtour.com\/fr\/courir-a-paris-au-lever-du-soleil-avec-denise\/#breadcrumb","itemListElement":[{"@type":"ListItem","position":1,"name":"Accueil","item":"https:\/\/parisrunningtour.com\/fr\/"},{"@type":"ListItem","position":2,"name":"Courir \u00e0 Paris au lever du soleil, avec Denise"}]},{"@type":"WebSite","@id":"https:\/\/parisrunningtour.com\/fr\/#website","url":"https:\/\/parisrunningtour.com\/fr\/","name":"Paris Running Tours","description":"D\u00e9couvrir Paris en courant","publisher":{"@id":"https:\/\/parisrunningtour.com\/fr\/#organization"},"potentialAction":[{"@type":"SearchAction","target":{"@type":"EntryPoint","urlTemplate":"https:\/\/parisrunningtour.com\/fr\/?s={search_term_string}"},"query-input":{"@type":"PropertyValueSpecification","valueRequired":true,"valueName":"search_term_string"}}],"inLanguage":"fr-FR"},{"@type":"Organization","@id":"https:\/\/parisrunningtour.com\/fr\/#organization","name":"Paris Running Tours","url":"https:\/\/parisrunningtour.com\/fr\/","logo":{"@type":"ImageObject","inLanguage":"fr-FR","@id":"https:\/\/parisrunningtour.com\/fr\/#\/schema\/logo\/image\/","url":"https:\/\/parisrunningtour.com\/fr\/wp-content\/uploads\/sites\/1\/2016\/12\/cropped-faviconPRT.png","contentUrl":"https:\/\/parisrunningtour.com\/fr\/wp-content\/uploads\/sites\/1\/2016\/12\/cropped-faviconPRT.png","width":512,"height":512,"caption":"Paris Running Tours"},"image":{"@id":"https:\/\/parisrunningtour.com\/fr\/#\/schema\/logo\/image\/"}},{"@type":"Person","@id":"https:\/\/parisrunningtour.com\/fr\/#\/schema\/person\/75f0dc3c395ae2b4e14e29aff8f6a5af","name":"admin","image":{"@type":"ImageObject","inLanguage":"fr-FR","@id":"https:\/\/secure.gravatar.com\/avatar\/2980d1c79775d028873614111fac5ea2906175b9eba90c2fe773d875d19902e0?s=96&d=mm&r=g","url":"https:\/\/secure.gravatar.com\/avatar\/2980d1c79775d028873614111fac5ea2906175b9eba90c2fe773d875d19902e0?s=96&d=mm&r=g","contentUrl":"https:\/\/secure.gravatar.com\/avatar\/2980d1c79775d028873614111fac5ea2906175b9eba90c2fe773d875d19902e0?s=96&d=mm&r=g","caption":"admin"},"sameAs":["https:\/\/www.parisrunningtour.com"],"url":"https:\/\/parisrunningtour.com\/fr\/author\/admin\/"}]}},"_links":{"self":[{"href":"https:\/\/parisrunningtour.com\/fr\/wp-json\/wp\/v2\/posts\/103","targetHints":{"allow":["GET"]}}],"collection":[{"href":"https:\/\/parisrunningtour.com\/fr\/wp-json\/wp\/v2\/posts"}],"about":[{"href":"https:\/\/parisrunningtour.com\/fr\/wp-json\/wp\/v2\/types\/post"}],"author":[{"embeddable":true,"href":"https:\/\/parisrunningtour.com\/fr\/wp-json\/wp\/v2\/users\/1"}],"replies":[{"embeddable":true,"href":"https:\/\/parisrunningtour.com\/fr\/wp-json\/wp\/v2\/comments?post=103"}],"version-history":[{"count":1,"href":"https:\/\/parisrunningtour.com\/fr\/wp-json\/wp\/v2\/posts\/103\/revisions"}],"predecessor-version":[{"id":1334,"href":"https:\/\/parisrunningtour.com\/fr\/wp-json\/wp\/v2\/posts\/103\/revisions\/1334"}],"wp:featuredmedia":[{"embeddable":true,"href":"https:\/\/parisrunningtour.com\/fr\/wp-json\/wp\/v2\/media\/1333"}],"wp:attachment":[{"href":"https:\/\/parisrunningtour.com\/fr\/wp-json\/wp\/v2\/media?parent=103"}],"wp:term":[{"taxonomy":"category","embeddable":true,"href":"https:\/\/parisrunningtour.com\/fr\/wp-json\/wp\/v2\/categories?post=103"},{"taxonomy":"post_tag","embeddable":true,"href":"https:\/\/parisrunningtour.com\/fr\/wp-json\/wp\/v2\/tags?post=103"}],"curies":[{"name":"wp","href":"https:\/\/api.w.org\/{rel}","templated":true}]}}